
{"id":3685,"date":"2016-12-04T23:12:51","date_gmt":"2016-12-04T22:12:51","guid":{"rendered":"http:\/\/passent.blog.polityka.pl\/?p=3685"},"modified":"2016-12-04T23:45:58","modified_gmt":"2016-12-04T22:45:58","slug":"bez-zmruzenia-oka","status":"publish","type":"post","link":"https:\/\/blog.polityka.pl\/passent\/2016\/12\/04\/bez-zmruzenia-oka\/","title":{"rendered":"Bez zmru\u017cenia oka"},"content":{"rendered":"<p>W TVN 24 obejrza\u0142em program Bogdana Rymanowskiego \u201eKawa na \u0142aw\u0119\u201d z udzia\u0142em prezydenta Dudy.<br \/>\n<!--more--><br \/>\nNajpierw wyra\u017cam uznanie dla gospodarza programu \u2013 nie jest \u0142atwo prowadzi\u0107 1:1 rozmow\u0119 z g\u0142ow\u0105 pa\u0144stwa, \u0142atwo by\u0107 zbyt agresywnym lub uni\u017conym, \u0142atwo zapomnie\u0107 j\u0119zyka w buzi i nie zada\u0107 dodatkowego pytania, \u0142atwo pomin\u0105\u0107 wa\u017cn\u0105 kwesti\u0119. Moim zdaniem B.R. nies\u0142usznie pomin\u0105\u0142 kwesti\u0119 religii smole\u0144skiej, fiasko polityki zagranicznej oraz stosunki pa\u0144stwo \u2013 Ko\u015bcio\u0142y, demonstracyjny udzia\u0142 prezydenta w rozmaitych celebracjach ko\u015bcielnych. Ale mimo tego uwa\u017cam, \u017ce Rymanowski zas\u0142u\u017cy\u0142 na czw\u00f3rk\u0119, cho\u0107 nie jest to m\u00f3j faworyt.<\/p>\n<p>Co si\u0119 tyczy prezydenta Dudy, to nigdy nie by\u0142 moim kandydatem, ale ilekro\u0107 go ogl\u0105dam i s\u0142ucham \u2013 rozumiem, dlaczego wygra\u0142 wybory. M.in. dlatego, \u017ce jest to polityk inteligentny, sprytny, czujny, obdarzony dobr\u0105 pami\u0119ci\u0105, bez hamletyzowania czy rozterek.<\/p>\n<p>Ocena w\u0142asnej dzia\u0142alno\u015bci na stanowisku prezydenta &#8211; bardzo pozytywna (nie pope\u0142ni\u0142 b\u0142\u0119d\u00f3w, mo\u017ce raz \u017ale dobra\u0142 s\u0142owo). Pogratulowa\u0107 samopoczucia!<\/p>\n<p>Wybi\u0107 si\u0119 na niezale\u017cno\u015b\u0107 od prezesa Kaczy\u0144skiego prezydent nie zamierza, bo rz\u0105d i partia realizuj\u0105 program, pod kt\u00f3rym AD si\u0119 podpisa\u0142. \u017badnej gadki o prezydenturze wszystkich Polak\u00f3w \u2013 to by\u0142o dobre w kampanii, ale nie u w\u0142adzy.<\/p>\n<p>Trybuna\u0142 Konstytucyjny? \u017badnej nowej refleksji, prof. Rzepli\u0144ski \u0142amie konstytucj\u0119, jest politykiem i to po z\u0142ej stronie. Epidemia w\u015br\u00f3d s\u0119dzi\u00f3w z nominacji PiS zrozumia\u0142a, niczego gorsz\u0105cego AD w tym nie zauwa\u017cy\u0142. Wszak jeden z s\u0119dzi\u00f3w napisa\u0142, \u017ce nawet gdyby by\u0142 zdrowy, to w takim \u201ezgromadzeniu og\u00f3lnym\u201d nie wzi\u0105\u0142by udzia\u0142u.<\/p>\n<p>Aresztowanie J\u00f3zefa Piniora? Spraw\u0119 wszcz\u0119\u0142y s\u0142u\u017cby i prokuratura pod rz\u0105dami Tuska, wi\u0119c o co chodzi? Poza tym do momentu skazania ka\u017cdy jest niewinny\u2026 \u017badnej refleksji na temat, czy J.P. m\u00f3g\u0142 si\u0119 po\u0142aszczy\u0107 na 46 tys., czy chodzi o niszczenie legendy, zbie\u017cno\u015b\u0107 ze wznowieniem sprawy Kwa\u015bniewskich, aresztowanie o 6.00 \u2013 nic.<\/p>\n<p>Ograniczanie wolno\u015bci zgromadze\u0144? Unik: wolno\u015b\u0107 zgromadze\u0144 jest prawem obywatelskim, jak prezydent dostanie ustaw\u0119, to si\u0119 ustosunkuje. I tyle.<\/p>\n<p>Obietnice wyborcze: 500+ wprowadzono, wiek emerytalny obni\u017cono. Frankowicze? Okazuje si\u0119 (teraz!), \u017ce to grozi\u0142oby katastrof\u0105 systemu bankowego, wi\u0119c prezydent musi by\u0107 odpowiedzialny. (A kandydat nie musia\u0142?). Podniesienie progu wolnego od podatku \u2013 patrz wy\u017cej, ale pierwszy krok uczyniono, AD nie m\u00f3wi, \u017ce ma wyrzuty sumienia, nie przeprasza, nic si\u0119 nie sta\u0142o, Polacy.<\/p>\n<p>Rz\u0105d? Jest OK. Du\u017co zrobiono. Macierewicz? OK, cho\u0107 AD zaleca pow\u015bci\u0105gliwo\u015b\u0107 w wyst\u0105pieniach publicznych. Ani s\u0142owa o Caracalach, chyba tak\u017ce o mistralach i innych wpadkach.<\/p>\n<p>Smole\u0144sk? Ani s\u0142owa. AD i BR nabrali wody w usta.<\/p>\n<p>Wpadka z Robertem Greyem \u2013 rzekomym agentem obcego wywiadu? Prosz\u0119 zapyta\u0107 ministra.<\/p>\n<p>Skandale w sp\u00f3\u0142kach Skarbu Pa\u0144stwa? Pani premier kontroluje i reaguje.<\/p>\n<p>Krytyka wobec prezydenta Dudy? Zawsze znajd\u0105 si\u0119 niezadowoleni, wszak AD nie zosta\u0142 wybrany przez 99 proc. wyborc\u00f3w, a jego krytycy to sieroty po Komorowskim, kt\u00f3re nie umiej\u0105 si\u0119 pogodzi\u0107 z werdyktem demokracji.<\/p>\n<p>W sumie prezydent Andrzej Duda robi swoje &#8211; bez zmru\u017cenia oka, z zimn\u0105 krwi\u0105.<\/p>\n","protected":false},"excerpt":{"rendered":"<p>W TVN 24 obejrza\u0142em program Bogdana Rymanowskiego \u201eKawa na \u0142aw\u0119\u201d z udzia\u0142em prezydenta Dudy.<\/p>\n","protected":false},"author":4,"featured_media":0,"comment_status":"open","ping_status":"closed","sticky":false,"template":"","format":"standard","meta":{"footnotes":""},"categories":[1],"tags":[],"_links":{"self":[{"href":"https:\/\/blog.polityka.pl\/passent\/wp-json\/wp\/v2\/posts\/3685"}],"collection":[{"href":"https:\/\/blog.polityka.pl\/passent\/wp-json\/wp\/v2\/posts"}],"about":[{"href":"https:\/\/blog.polityka.pl\/passent\/wp-json\/wp\/v2\/types\/post"}],"author":[{"embeddable":true,"href":"https:\/\/blog.polityka.pl\/passent\/wp-json\/wp\/v2\/users\/4"}],"replies":[{"embeddable":true,"href":"https:\/\/blog.polityka.pl\/passent\/wp-json\/wp\/v2\/comments?post=3685"}],"version-history":[{"count":3,"href":"https:\/\/blog.polityka.pl\/passent\/wp-json\/wp\/v2\/posts\/3685\/revisions"}],"predecessor-version":[{"id":3688,"href":"https:\/\/blog.polityka.pl\/passent\/wp-json\/wp\/v2\/posts\/3685\/revisions\/3688"}],"wp:attachment":[{"href":"https:\/\/blog.polityka.pl\/passent\/wp-json\/wp\/v2\/media?parent=3685"}],"wp:term":[{"taxonomy":"category","embeddable":true,"href":"https:\/\/blog.polityka.pl\/passent\/wp-json\/wp\/v2\/categories?post=3685"},{"taxonomy":"post_tag","embeddable":true,"href":"https:\/\/blog.polityka.pl\/passent\/wp-json\/wp\/v2\/tags?post=3685"}],"curies":[{"name":"wp","href":"https:\/\/api.w.org\/{rel}","templated":true}]}}