
{"id":3689,"date":"2016-12-08T23:09:13","date_gmt":"2016-12-08T22:09:13","guid":{"rendered":"http:\/\/passent.blog.polityka.pl\/?p=3689"},"modified":"2016-12-09T17:53:16","modified_gmt":"2016-12-09T16:53:16","slug":"ducha-nie-gascie","status":"publish","type":"post","link":"https:\/\/blog.polityka.pl\/passent\/2016\/12\/08\/ducha-nie-gascie\/","title":{"rendered":"Ducha nie ga\u015bcie!"},"content":{"rendered":"<p>No, nie \u2013 jak ju\u017c Magda \u015aroda si\u0119 za\u0142amuje, to koniec \u015bwiata. Nieustraszona, niezmordowana, niez\u0142omna profesor \u015aroda \u201eczarno widzi przysz\u0142o\u015b\u0107\u201d.<br \/>\n<!--more--><br \/>\nNa \u0142amach \u201eGazety\u201d pisze dlaczego. Wiadomo \u2013 ustawa o zgromadzeniach, Trybuna\u0142, szko\u0142a b\u0119dzie kszta\u0142ci\u0107 ma\u0142ych pisowc\u00f3w, paszporty zabior\u0105, od \u015bwiata odetn\u0105, msze obowi\u0105zkowe dla wszystkich wprowadz\u0105, cenzura wisi w powietrzu, k\u0142amstwo historyczne si\u0119 panoszy. To wszystko prawda, w dodatku wielu z nas nie mo\u017ce si\u0119 nadziwi\u0107, \u017ce znaczna cz\u0119\u015b\u0107 spo\u0142ecze\u0144stwa \u201et\u0119 nienormalno\u015b\u0107 popiera\u201d.<\/p>\n<p>Zgoda, ale droga pani profesor, nie nale\u017cy si\u0119 za\u0142amywa\u0107. Prosz\u0119 na przyk\u0142ad zobaczy\u0107, jacy oni \u2013 maj\u0105c ca\u0142\u0105 w\u0142adz\u0119 w r\u0119ku \u2013 s\u0105 nerwowi i niepewni swego. Wystarczy jeden film, jedna wypowied\u017a, jeden Olbrychski, Janda czy Lis, \u017ceby zacz\u0119li ich l\u017cy\u0107 do trzeciego pokolenia wstecz i wprz\u00f3d.<\/p>\n<p>Szlag ich trafia. Wystarczy, \u017ce cz\u0142owiek m\u00f3wi prawd\u0119, a ju\u017c chc\u0105 go pozbawi\u0107 doktoratu. Ka\u017cd\u0105 krytyk\u0119 uwa\u017caj\u0105 za \u201ehisteryczn\u0105\u201d, ka\u017cda odmowa jest dla nich histeri\u0105. Gdyby czuli si\u0119 mocni i pewni swego, toby nie reagowali na ka\u017cdy grymas, na ka\u017cd\u0105 nieprawomy\u015blno\u015b\u0107.<\/p>\n<p>To oni nie potrafi\u0105 ukry\u0107 rado\u015bci, kiedy wstr\u0119tnej gazecie ubywa prenumerator\u00f3w. To im, a nie opozycji, wydaje si\u0119, \u017ce to jest koniec \u015bwiata. Balcerowicz, Zagajewski, Tokarczuk, Zoll, \u0141\u0119towska, autorytety, profesura, arty\u015bci \u2013 kogo oni mog\u0105 przeciwko nim wystawi\u0107? Jana Pietrzaka, Marcina Wolskiego i kogo jeszcze?<\/p>\n<p>Kiedy prezydent Duda leci, pardon, udaje si\u0119 do Sztokholmu i tamtejszy premier prawi mu na \u201edzie\u0144 dobry\u201d kazanie o prawach obywatelskich, to dok\u0105d taki prezydent mo\u017ce jeszcze spokojnie polecie\u0107, pardon, si\u0119 uda\u0107, \u017ceby unikn\u0105\u0107 \u201eantypolskiej kampanii o rzekomym zagro\u017ceniu podstawowych wolno\u015bci\u201d? Do Brukseli? Do Wenecji? Do Moskwy?<\/p>\n<p>Najwa\u017cniejsze jest to, \u017ce w\u0142adza w Polsce jeszcze ci\u0105gle musi liczy\u0107 si\u0119 ze sprzeciwem, gdy ten jest dla niej zbyt silny. Chcieli podnie\u015b\u0107 pensje sobie \u2013 cz\u0142onkom rz\u0105du, pos\u0142om i senatorom. Poszed\u0142 hyr, \u017ce dolewaj\u0105 sobie do koryta, Kukiz si\u0119 skrzywi\u0142 &#8211; i wycofali si\u0119. Chcieli skierowa\u0107 do prac komisji \u015bredniowieczny projekt ustawy o aborcji, tysi\u0105ce kobiet wysz\u0142y na ulice z parasolkami \u2013 i co? \u201eZdystansowali si\u0119\u201d od projektu, czyli zamachu na pseudokompromis obowi\u0105zuj\u0105cy w tej sprawie w Polsce i na gwizdek prezesa zamilkli na temat zaostrzenia ustawy (oczywi\u015bcie do czasu, wr\u00f3c\u0105 do sprawy, ale nie od razu).<\/p>\n<p>Kolejny przyk\u0142ad \u2013 zamach na wolno\u015b\u0107 zgromadze\u0144. W obliczu protest\u00f3w w kraju i za granic\u0105 wycofali si\u0119 przynajmniej z jednego dra\u0144stwa, \u017ce demonstracje rz\u0105dowe i ko\u015bcielne maj\u0105 pierwsze\u0144stwo przed zgromadzeniami obywatelskimi. Owszem, inne dra\u0144stwa w projekcie pozosta\u0142y, takie jak odebranie uprawnie\u0144 samorz\u0105dom na rzecz rz\u0105dowych wojewod\u00f3w, ale jednak krok wstecz musieli zrobi\u0107. Czasami mo\u017cna nawet pomy\u015ble\u0107, \u017ce w\u0142adza z g\u00f3ry wie, co nie przejdzie, a mimo to zapowiada tak\u0105 bzdur\u0119, \u017ceby potem \u201ew ge\u015bcie dobrej woli\u201d si\u0119 z niej wycofa\u0107, a g\u0142\u00f3wny kierunek zmian zachowa\u0107.<\/p>\n<p>Tego nie mo\u017cna wykluczy\u0107, ale im mniej napsuj\u0105 \u2013 tym lepiej. Ka\u017cde takie ust\u0119pstwo przed zdrowym rozs\u0105dkiem czy przyzwoito\u015bci\u0105, ka\u017cda oznaka  s\u0142abo\u015bci rz\u0105dz\u0105cych powinna umacnia\u0107 przekonanie, \u017ce protest i sprzeciw maj\u0105 sens. Wybitni historycy, kt\u00f3rzy dobrze znali dzieje naszego kraju \u2013 Tadeusz Manteuffel, Aleksander Gieysztor, Stanis\u0142aw Herbst, Ma\u0142owist, Kieniewicz, wreszcie Karol Modzelewski &#8211; w du\u017co gorszej sytuacji nie tracili nadziei. P\u00f3jd\u017amy ich \u015bladem.<\/p>\n<p>ZAPROSZENIE<br \/>\nCo za dzie\u0144! Bogus\u0142aw Chrabota &#8211; redaktor naczelny Rzeczpospolitej i prof. Jan Sowa &#8211; socjolog, antropolog (&#8222;Inna Rzeczpospolita jest mo\u017cliwa&#8221;) b\u0119d\u0105 go\u015b\u0107mi TOKFM we wtorek 13 grudnia o godz. 20.05. Zapraszam!<\/p>\n","protected":false},"excerpt":{"rendered":"<p>No, nie \u2013 jak ju\u017c Magda \u015aroda si\u0119 za\u0142amuje, to koniec \u015bwiata. Nieustraszona, niezmordowana, niez\u0142omna profesor \u015aroda \u201eczarno widzi przysz\u0142o\u015b\u0107\u201d.<\/p>\n","protected":false},"author":4,"featured_media":0,"comment_status":"open","ping_status":"closed","sticky":false,"template":"","format":"standard","meta":{"footnotes":""},"categories":[1],"tags":[],"_links":{"self":[{"href":"https:\/\/blog.polityka.pl\/passent\/wp-json\/wp\/v2\/posts\/3689"}],"collection":[{"href":"https:\/\/blog.polityka.pl\/passent\/wp-json\/wp\/v2\/posts"}],"about":[{"href":"https:\/\/blog.polityka.pl\/passent\/wp-json\/wp\/v2\/types\/post"}],"author":[{"embeddable":true,"href":"https:\/\/blog.polityka.pl\/passent\/wp-json\/wp\/v2\/users\/4"}],"replies":[{"embeddable":true,"href":"https:\/\/blog.polityka.pl\/passent\/wp-json\/wp\/v2\/comments?post=3689"}],"version-history":[{"count":4,"href":"https:\/\/blog.polityka.pl\/passent\/wp-json\/wp\/v2\/posts\/3689\/revisions"}],"predecessor-version":[{"id":3693,"href":"https:\/\/blog.polityka.pl\/passent\/wp-json\/wp\/v2\/posts\/3689\/revisions\/3693"}],"wp:attachment":[{"href":"https:\/\/blog.polityka.pl\/passent\/wp-json\/wp\/v2\/media?parent=3689"}],"wp:term":[{"taxonomy":"category","embeddable":true,"href":"https:\/\/blog.polityka.pl\/passent\/wp-json\/wp\/v2\/categories?post=3689"},{"taxonomy":"post_tag","embeddable":true,"href":"https:\/\/blog.polityka.pl\/passent\/wp-json\/wp\/v2\/tags?post=3689"}],"curies":[{"name":"wp","href":"https:\/\/api.w.org\/{rel}","templated":true}]}}