
{"id":3697,"date":"2016-12-14T22:09:26","date_gmt":"2016-12-14T21:09:26","guid":{"rendered":"http:\/\/passent.blog.polityka.pl\/?p=3697"},"modified":"2016-12-15T08:03:13","modified_gmt":"2016-12-15T07:03:13","slug":"precz-z-komuna","status":"publish","type":"post","link":"https:\/\/blog.polityka.pl\/passent\/2016\/12\/14\/precz-z-komuna\/","title":{"rendered":"Precz z komun\u0105!"},"content":{"rendered":"<p>Kiedy Stanis\u0142aw Piotrowicz skanduje w Sejmie \u201ePrecz z komun\u0105!\u201d, to jak gdyby krzycza\u0142 \u201ePrecz ze mn\u0105!\u201d. Absurd? Absurd, ale w takiej absurdalnej rzeczywisto\u015bci \u017cyjemy.<br \/>\n<!--more--><br \/>\n\u201ePrecz z komun\u0105!\u201d &#8211; wo\u0142aj\u0105 dzi\u015b ludzie od Kukiza, z Platformy, od Kaczy\u0144skiego, ba, on sam, a w\u0142a\u015bciwie nie sam, tylko z Brudzi\u0144skim, zadowoleni wrzeszcz\u0105: \u201eKomuni\u015bci i z\u0142odzieje, ca\u0142a Polska z was si\u0119 \u015bmieje\u201d. Na trasie marszu KOD w rocznic\u0119 13 grudnia sta\u0142a grupa spod znaku \u201eGazety Polskiej\u201d, kt\u00f3ra wyzywa\u0142a kodowc\u00f3w od \u201ekomuch\u00f3w\u201d, \u201ezomowc\u00f3w\u201d i \u201epacho\u0142k\u00f3w Rosji\u201d. Brakowa\u0142o tylko \u201egestapo\u201d.<\/p>\n<p>Podczas kiedy jedni dekomunizuj\u0105 lektury szkolne, ulice i pomniki, po\u017cal si\u0119 Bo\u017ce minister obrony wymy\u015bli\u0142, \u017ceby Kiszczaka i Jaruzelskiego pozbawi\u0107 tytu\u0142\u00f3w generalskich. Dlaczego nie? \u017beby do sprawy stale nie powraca\u0107, zamkn\u0105\u0107 j\u0105 raz na zawsze, proponuj\u0119 pozbawi\u0107 \u201epan\u00f3w\u201d Jaruzelskiego i Kiszczaka za jednym zamachem obywatelstwa polskiego, tytu\u0142u prezydenta, ministra, ministranta, dow\u00f3dcy zwiadu, sybiraka, wszystkich order\u00f3w i odznacze\u0144, a zw\u0142oki ekshumowa\u0107 i zwr\u00f3ci\u0107 ambasadzie rosyjskiej. Albo po prostu wys\u0142a\u0107 do Rosji. Wystarczy zaadresowa\u0107 \u201eMoskwa. Kreml\u201d.<\/p>\n<p>Tu dygresja. M\u00f3j przyjaciel, kt\u00f3ry urodzi\u0142 si\u0119 w sowieckim wi\u0119zieniu w Moskwie, ale od lat mieszka w Szwecji, napisa\u0142 \u015bwietn\u0105 ksi\u0105\u017ck\u0119 \u201eBy\u0142em dzieckiem Gu\u0142agu\u201d. Kiedy w trakcie pracy nad ksi\u0105\u017ck\u0105 nie m\u00f3g\u0142 wycisn\u0105\u0107 z Rosji pewnych dokument\u00f3w dotycz\u0105cych ojca, skazanego i straconego na \u0141ubiance, zdesperowany napisa\u0142 list do Putina. Urz\u0119dniczka na poczcie w Sztokholmie nie chcia\u0142a przyj\u0105\u0107 listu, gdy\u017c nie zawiera\u0142 dok\u0142adnego adresu. \u2013 <em>A pani my\u015bli, \u017ce nie wystarczy napisa\u0107: \u201eKr\u00f3l Karol Gustaw, Sztokholm\u201d, \u017ceby list dotar\u0142?<\/em> \u2013 zapyta\u0142 Julek. To urz\u0119dniczk\u0119 przekona\u0142o, i nie do\u015b\u0107, \u017ce list dotar\u0142, to jeszcze w odpowiedzi nadesz\u0142y z Moskwy kserokopie dokument\u00f3w. Koniec dygresji.<\/p>\n<p>Obserwuj\u0105c obyczaje polityczne w naszym kraju, trudno oprze\u0107 si\u0119 wra\u017ceniu, \u017ce im dalej od komunizmu, tym walka z nim si\u0119 zaostrza. Podobnie Stalin twierdzi\u0142, \u017ce im bli\u017cej socjalizmu, tym walka klasowa bardziej si\u0119 zaostrza, czytaj: trzeba by\u0107 jeszcze bardziej bezlitosnym i okrutnym. Jaki sens ma dzisiaj skandowanie \u201ePrecz z komun\u0105\u201d, skoro komuny w Polsce nie ma, i to od dawna?<\/p>\n<p>\u201eKomuch\u201d jest epitetem, wszed\u0142 do s\u0142ownika, podobnie jak \u201eTargowica\u201d, chocia\u017c prawdziwego komucha trzeba by ze \u015bwieczk\u0105 szuka\u0107. Jak trafnie zauwa\u017cy\u0142 profesor Jan Sowa, socjolog i antropolog kultury (autor m.in. ksi\u0105\u017cki \u201eInna Rzeczpospolita jest mo\u017cliwa\u201d), s\u0142owo \u201ekomuch\u201d zaczyna odgrywa\u0107 rol\u0119 podobn\u0105 do s\u0142owa \u201e\u017byd\u201d.<\/p>\n<p>Jedno i drugie jest synonimem wszelkiego z\u0142a. \u201eTy, komuchu\u201d niewiele si\u0119 r\u00f3\u017cni od \u201eTy, \u017bydzie\u201d. Do pewnego stopnia zaczynaj\u0105 to by\u0107 synonimy. Ten, kogo wyzywaj\u0105 od \u017byd\u00f3w, wcale nie musi by\u0107 \u017bydem, ba, mo\u017ce by\u0107 nawet antysemit\u0105 albo \u017bydem \u2013 antysemita, podobnie jak \u201ekomuch\u201d, mo\u017ce w rzeczywisto\u015bci by\u0107 zatwardzia\u0142ym i zas\u0142u\u017conym antykomunist\u0105. Typowy przyk\u0142ad stanowi \u015brodowisko \u201eGazety Wyborczej\u201d, w kt\u00f3rym nie brak\u0142o dzia\u0142aczy opozycji antykomunistycznej, a dzisiaj prawica uznaje ich za postkomunist\u00f3w.<\/p>\n<p>Dawno ju\u017c zauwa\u017cono, \u017ce mamy w Polsce antysemityzm bez \u017byd\u00f3w i antykomunizm bez komunist\u00f3w. Jedno i drugie ma du\u017c\u0105 przysz\u0142o\u015b\u0107. Niestety, s\u0142owo \u201ePolak\u201d te\u017c nie wsz\u0119dzie i nie w ustach ka\u017cdego jest komplementem. Ale to ju\u017c inna sprawa. Na razie \u2013 precz z komun\u0105!<\/p>\n","protected":false},"excerpt":{"rendered":"<p>Kiedy Stanis\u0142aw Piotrowicz skanduje w Sejmie \u201ePrecz z komun\u0105!\u201d, to jak gdyby krzycza\u0142 \u201ePrecz ze mn\u0105!\u201d. Absurd? Absurd, ale w takiej absurdalnej rzeczywisto\u015bci \u017cyjemy.<\/p>\n","protected":false},"author":4,"featured_media":0,"comment_status":"open","ping_status":"closed","sticky":false,"template":"","format":"standard","meta":{"footnotes":""},"categories":[1],"tags":[],"_links":{"self":[{"href":"https:\/\/blog.polityka.pl\/passent\/wp-json\/wp\/v2\/posts\/3697"}],"collection":[{"href":"https:\/\/blog.polityka.pl\/passent\/wp-json\/wp\/v2\/posts"}],"about":[{"href":"https:\/\/blog.polityka.pl\/passent\/wp-json\/wp\/v2\/types\/post"}],"author":[{"embeddable":true,"href":"https:\/\/blog.polityka.pl\/passent\/wp-json\/wp\/v2\/users\/4"}],"replies":[{"embeddable":true,"href":"https:\/\/blog.polityka.pl\/passent\/wp-json\/wp\/v2\/comments?post=3697"}],"version-history":[{"count":4,"href":"https:\/\/blog.polityka.pl\/passent\/wp-json\/wp\/v2\/posts\/3697\/revisions"}],"predecessor-version":[{"id":3701,"href":"https:\/\/blog.polityka.pl\/passent\/wp-json\/wp\/v2\/posts\/3697\/revisions\/3701"}],"wp:attachment":[{"href":"https:\/\/blog.polityka.pl\/passent\/wp-json\/wp\/v2\/media?parent=3697"}],"wp:term":[{"taxonomy":"category","embeddable":true,"href":"https:\/\/blog.polityka.pl\/passent\/wp-json\/wp\/v2\/categories?post=3697"},{"taxonomy":"post_tag","embeddable":true,"href":"https:\/\/blog.polityka.pl\/passent\/wp-json\/wp\/v2\/tags?post=3697"}],"curies":[{"name":"wp","href":"https:\/\/api.w.org\/{rel}","templated":true}]}}