
{"id":3702,"date":"2016-12-18T12:26:32","date_gmt":"2016-12-18T11:26:32","guid":{"rendered":"http:\/\/passent.blog.polityka.pl\/?p=3702"},"modified":"2016-12-19T20:57:12","modified_gmt":"2016-12-19T19:57:12","slug":"poczatek-konca","status":"publish","type":"post","link":"https:\/\/blog.polityka.pl\/passent\/2016\/12\/18\/poczatek-konca\/","title":{"rendered":"Pocz\u0105tek ko\u0144ca"},"content":{"rendered":"<p>Jeszcze kilka miesi\u0119cy temu przeciwnicy rz\u0105du PiS\/Kukiz byli przygn\u0119bieni. \u201eDwie kadencje, osiem lat Kaczy\u0144ski ma jak w banku\u201d \u2013 m\u00f3wili.<br \/>\n<!--more--><br \/>\nW\u0142adza skonsolidowana, opozycja rozbita i podzielona, brak lidera, brak koncepcji, a tymczasem walec PiS w b\u0142yskawicznym tempie wprowadza zmiany.<\/p>\n<p>Rz\u0105d kupuje poparcie, hojnie rozdaje pieni\u0105dze, co prawda wszystkich obietnic nie spe\u0142nia, ale 500+, p\u0142aca minimum, wy\u017cszy pr\u00f3g dla najbiedniejszych \u2013 to wszystko si\u0119 liczy.<\/p>\n<p>A\u017c tu nagle\u2026 opozycja otrzyma\u0142a jeden za drugim kolejne prezenty od PiS. Prawo i Sprawiedliwo\u015b\u0107 zacz\u0119\u0142o si\u0119 potyka\u0107 o w\u0142asne nogi. <\/p>\n<p>Pierwszym i najwi\u0119kszym potkni\u0119ciem by\u0142a pr\u00f3ba grzebania przy ustawie o aborcji, co wywo\u0142a\u0142o czarne demonstracje w wielu miastach. Kaczy\u0144ski nadzia\u0142 si\u0119 na parasolki i (zapewne tylko na pewien czas) wycofa\u0142 si\u0119 z poparcia dla \u015bredniowiecznego projektu. (\u201eTo nie by\u0142a nasza inicjatywa&#8221; itp.).<\/p>\n<p>To by\u0142o pierwsze zwyci\u0119stwo spo\u0142ecze\u0144stwa. Potem by\u0142y: nepotyzm w sp\u00f3\u0142kach Skarbu Pa\u0144stwa, nieustanna demolka Trybuna\u0142u Konstytucyjnego,   kompromituj\u0105ce nominacje Misiewicza w MON i Greya w MSZ, \u015bwiadcz\u0105ce o niekompetencji, dalej dymisje genera\u0142\u00f3w z najwy\u017cszych stanowisk, minister obrony w naro\u017cniku, okazuje si\u0119, \u017ce Polska nie jest taka bezpieczna, jak zapewnia rz\u0105d \u2013 wr\u0119cz przeciwnie, kiedy Rosja pr\u0119\u017cy musku\u0142y, a Trump krzywi si\u0119 na NATO, w Polsce odchodz\u0105 genera\u0142owie, i to szkoleni nie w Moskwie, tylko w Waszyngtonie.<\/p>\n<p>Przedtem: klapa z helikopterami Caracal i pajacowanie ministra Macierewicza, kt\u00f3ry zapowiada\u0142 kupno pierwszych \u015bmig\u0142owc\u00f3w jeszcze w tym roku (!), desperackie podr\u00f3\u017ce premier i ministra do \u0141odzi i Mielca, by za\u017cegna\u0107 kryzys helikopterowy i zag\u0142uszy\u0107 brednie ministra o lotniskowcach za dolara.<\/p>\n<p>Nast\u0119pnie PiS rzuci\u0142 sobie pot\u0119\u017cn\u0105 k\u0142od\u0119 pod nogi, czyli ustaw\u0119 o zgromadzeniach publicznych, z kt\u00f3rej pod wp\u0142ywem protest\u00f3w musia\u0142 wycofa\u0107 jeden z haniebnych zapis\u00f3w (o pierwsze\u0144stwie zgromadze\u0144 w\u0142adzy  i \u201eko\u015bcio\u0142\u00f3w\u201d wobec  zgromadze\u0144 obywatelskich), pozosta\u0142e zapisy niestety pozosta\u0142y.<\/p>\n<p>Po drodze by\u0142a jeszcze kolejna dezubekizacja, a potem bud\u017cet uchwalony w atmosferze awantury i niejasnej frekwencji, \u201ena emigracji w Sali Kolumnowej Sejmu&#8221;.<\/p>\n<p>A ju\u017c puchar goryczy przepe\u0142ni\u0142a \u201epropozycja\u201d u\u0142atwienia (!) pracy dziennikarzom w parlamencie. Dosz\u0142o do tego, \u017ce w obliczu protest\u00f3w i po przem\u00f3wieniu Tuska, Kaczy\u0144ski (dopiero teraz, kiedy mleko si\u0119 rozla\u0142o) kaza\u0142 marsza\u0142kowi Senatu, Karczewskiemu, spotka\u0107 si\u0119 z dziennikarzami, co ma stwarza\u0107 wra\u017cenie, \u017ce w\u0142adza si\u0119 konsultuje i wsp\u00f3lnie, r\u0119ka w r\u0119k\u0119, pracuj\u0105 nad nowymi przepisami, kt\u00f3re \u2013 jak zapewnia groteskowo marsza\u0142ek \u2013 nigdy nie mia\u0142y na celu utrudnia\u0107 pracy medi\u00f3w. <\/p>\n<p>Tego by\u0142o ju\u017c za wiele nawet dla niekt\u00f3rych najbardziej lojalnych zwolennik\u00f3w PiS. Pose\u0142 PiS Szefernaker: \u201eBy\u0107 mo\u017ce trzeba si\u0119 uderzy\u0107 w piersi\u201d, m\u00f3wi\u0105c, \u017ce \u201enasze \u015brodowisko polityczne w        nienale\u017cyty spos\u00f3b zakomunikowa\u0142o zmiany dziennikarzom\u201d.<\/p>\n<p>Zorientowali si\u0119 r\u00f3wnie\u017c inni. Wildstein: \u201ePropozycje ograniczenia obecno\u015bci dziennikarzy w parlamencie id\u0105 za daleko\u201d. Zaremba: \u201eNowe regu\u0142y bardzo mi si\u0119 nie podobaj\u0105\u201d.<\/p>\n<p>Premier znalaz\u0142a si\u0119 w opa\u0142ach. Najpierw by\u0142a wojownicza: \u201eDla wielu polityk\u00f3w rodzajem ich dzia\u0142alno\u015bci staj\u0105 si\u0119  awantury\u201d. Potem, w wyst\u0105pieniu wieczornym, swoim zwyczajem odmienia\u0142a s\u0142owa \u201edialog, wsp\u00f3lnie, razem\u201d, nie Polacy przeciwko Polakom, \u017ce i ona przyczyni si\u0119 do dialogu. Nie omieszka\u0142a jednak pot\u0119pi\u0107 \u201ere\u017cyser\u00f3w tych wydarze\u0144\u201d, kt\u00f3ry \u201eszkodz\u0105 Polsce\u201d.<\/p>\n<p>R\u00f3wnie\u017c prezydent Duda w swoim o\u015bwiadczeniu da\u0142 panu Bogu \u015bwieczk\u0119 (nowe regulacje trzeba omawia\u0107 z zainteresowanymi redakcjami) i diab\u0142u ogarek (opozycja wykorzystuje okazj\u0119) oraz \u2013 jako g\u0142owa pa\u0144stwa &#8211; zaoferowa\u0142  swoj\u0105 mediacj\u0119. Niestety, g\u0142owa prezydenta Dudy jest tak przechylona w jedn\u0105 stron\u0119, \u017ce nie nadaje si\u0119 na mediatora.<\/p>\n<p>Jednym z wa\u017cniejszych wydarze\u0144 dnia by\u0142o wyst\u0105pienie Donalda Tuska we Wroc\u0142awiu. Tusk zdj\u0105\u0142 aksamitne r\u0119kawiczki przewodnicz\u0105cego Rady Europejskiej, przesta\u0142 si\u0119 kr\u0119powa\u0107 zaanga\u017cowania w sprawy Polski, przesta\u0142 liczy\u0107 na poparcie jego kandydatury na II kadencj\u0119 w Brukseli przez rz\u0105d w Warszawie, i powiedzia\u0142, co my\u015bli: \u201eDemokracja bez poszanowania kultury, demokracja, w kt\u00f3rej ludzi pozbawia si\u0119 dost\u0119pu do informacji i narzuca jeden model \u017cycia, staje si\u0119 niezno\u015bna jak dyktatura.(\u2026) Kto dzi\u015b podwa\u017ca model europejski demokracji, gwa\u0142c\u0105c Konstytucj\u0119 i  dobre obyczaje, nara\u017ca nas na wielkie ryzyko. (\u2026) Tym, kt\u00f3rzy walcz\u0105 o europejsk\u0105 demokracj\u0119 w Polsce, dzi\u0119kuj\u0119 \u2013 jeste\u015bcie najlepszymi stra\u017cnikami dla Polski\u2026\u201d.<\/p>\n<p>Swoim wyst\u0105pieniem Tusk otworzy\u0142 sobie drog\u0119 powrotu do polskiej polityki. Mo\u017ce to pog\u0142\u0119bi\u0107 zamieszanie w opozycji, ale i zwi\u0119kszy\u0107 nadzieje przeciwnik\u00f3w re\u017cimu PiS, kt\u00f3rzy jeszcze niedawno nie widzieli \u015bwiat\u0142a w tunelu.<\/p>\n<p>W sumie Polska nie musi by\u0107 skazana na 8 lat.<\/p>\n","protected":false},"excerpt":{"rendered":"<p>Jeszcze kilka miesi\u0119cy temu przeciwnicy rz\u0105du PiS\/Kukiz byli przygn\u0119bieni. \u201eDwie kadencje, osiem lat Kaczy\u0144ski ma jak w banku\u201d \u2013 m\u00f3wili.<\/p>\n","protected":false},"author":4,"featured_media":0,"comment_status":"open","ping_status":"closed","sticky":false,"template":"","format":"standard","meta":{"footnotes":""},"categories":[1],"tags":[],"_links":{"self":[{"href":"https:\/\/blog.polityka.pl\/passent\/wp-json\/wp\/v2\/posts\/3702"}],"collection":[{"href":"https:\/\/blog.polityka.pl\/passent\/wp-json\/wp\/v2\/posts"}],"about":[{"href":"https:\/\/blog.polityka.pl\/passent\/wp-json\/wp\/v2\/types\/post"}],"author":[{"embeddable":true,"href":"https:\/\/blog.polityka.pl\/passent\/wp-json\/wp\/v2\/users\/4"}],"replies":[{"embeddable":true,"href":"https:\/\/blog.polityka.pl\/passent\/wp-json\/wp\/v2\/comments?post=3702"}],"version-history":[{"count":4,"href":"https:\/\/blog.polityka.pl\/passent\/wp-json\/wp\/v2\/posts\/3702\/revisions"}],"predecessor-version":[{"id":3706,"href":"https:\/\/blog.polityka.pl\/passent\/wp-json\/wp\/v2\/posts\/3702\/revisions\/3706"}],"wp:attachment":[{"href":"https:\/\/blog.polityka.pl\/passent\/wp-json\/wp\/v2\/media?parent=3702"}],"wp:term":[{"taxonomy":"category","embeddable":true,"href":"https:\/\/blog.polityka.pl\/passent\/wp-json\/wp\/v2\/categories?post=3702"},{"taxonomy":"post_tag","embeddable":true,"href":"https:\/\/blog.polityka.pl\/passent\/wp-json\/wp\/v2\/tags?post=3702"}],"curies":[{"name":"wp","href":"https:\/\/api.w.org\/{rel}","templated":true}]}}