
{"id":3707,"date":"2016-12-19T23:40:23","date_gmt":"2016-12-19T22:40:23","guid":{"rendered":"http:\/\/passent.blog.polityka.pl\/?p=3707"},"modified":"2016-12-20T08:14:11","modified_gmt":"2016-12-20T07:14:11","slug":"nie-ma-zmiluj","status":"publish","type":"post","link":"https:\/\/blog.polityka.pl\/passent\/2016\/12\/19\/nie-ma-zmiluj\/","title":{"rendered":"Nie ma zmi\u0142uj"},"content":{"rendered":"<p><strong>Trybuna\u0142 Konstytucyjny.<\/strong> Prof. Andrzej Rzepli\u0144ski po 9 latach \u017cegna si\u0119 ze stanowiskiem prezesa TK. W\u0105tpi\u0119, czy ca\u0142y sk\u0142ad, a tak\u017ce prezydent i premier, zgotowali mu eleganckie po\u017cegnanie, listy gratulacyjne, dzi\u0119kczynne etc. Nawet bez przekonania, ale by\u0142oby elegancko. By\u0142oby, ale nie u nas.<br \/>\n<!--more--><br \/>\nZnajomy profesor opowiada, \u017ce nie tak dawno odby\u0142y si\u0119 uroczysto\u015bci z okazji 200-lecia Uniwersytetu Warszawskiego, na kt\u00f3re byli zaproszeni prezydent, premier, minister i wszyscy \u015bwi\u0119ci. Nie przyszed\u0142 \u017caden z nich. Jak Rada Wydzia\u0142u Prawa pot\u0119pia zachowanie prezydenta w sprawie TK, to trudno si\u0119 dziwi\u0107. Co innego uczelnia w Toruniu \u2013 tam s\u0105 wszyscy, wielbiciele ojca dyrektora, stra\u017cnicy rozdzia\u0142u ko\u015bcio\u0142\u00f3w i pa\u0144stwa. Nie ma zmi\u0142uj.<\/p>\n<p><strong>Sejm.<\/strong> W parlamencie panuje zasada \u201enie ma zmi\u0142uj\u201d. Pose\u0142 Micha\u0142 Szczerba dostarczy\u0142 pretekstu, kt\u00f3ry marsza\u0142ek Kuchci\u0144ski skwapliwie wykorzysta\u0142 (nie ma zmi\u0142uj), wykluczaj\u0105c pos\u0142a z obrad nad bud\u017cetem (!) za drobne \u201eprzewinienie\u201d \u2013 kartk\u0119 z napisem \u201ewolne media\u201d i zwrot \u201ePanie Marsza\u0142ku kochany. Muzyka \u0142agodzi obyczaje\u2026\u201d.<\/p>\n<p>Owszem, muzyka \u0142agodzi obyczaje, ale nie marsza\u0142ka Kuchci\u0144skiego. Na takie dictum pos\u0142owie opozycji urz\u0105dzili blokad\u0119 m\u00f3wnicy i fotela marsza\u0142ka, uniemo\u017cliwiaj\u0105c tym samym obrady w gard\u0142owej sprawie, jak\u0105 jest bud\u017cet 2017 i inne. Mo\u017cna si\u0119 zastanawia\u0107, czy opozycja nie posz\u0142a za daleko, ale na jej usprawiedliwienie mo\u017cna zapisa\u0107 coraz mocniejsze dokr\u0119canie \u015bruby przez Kaczy\u0144skiego: ustawa o zgromadzenia publicznych i zaraz potem pr\u00f3ba ograniczenia medi\u00f3w w Sejmie.<\/p>\n<p>W swojej g\u0142upocie, nienawi\u015bci do wolnych medi\u00f3w i do \u201enieswoich\u201d dziennikarek i dziennikarzy (zwanych pogardliwie pracownikami medi\u00f3w polskoj\u0119zycznych) w\u0142adza wyruszy\u0142a na wojn\u0119 z dziennikarzami, mimo \u017ce prezydent Kwa\u015bniewski ostrzega\u0142, by \u201enie kopa\u0107 si\u0119 z koniem\u201d. W my\u015bl zasady \u201enie ma zmi\u0142uj\u201d Kaczy\u0144ski kaza\u0142 przenie\u015b\u0107 obrady do Sali Kolumnowej, gdzie w warunkach wo\u0142aj\u0105cych o pomst\u0119 do nieba \u201euratowano demokracj\u0119\u201d (Gowin) i uchwalono bud\u017cet oraz inne ustawy.<\/p>\n<p>Teraz opozycja s\u0142usznie domaga si\u0119 \u201ereasumpcji\u201d posiedzenia, autentycznej dyskusji i ponownego g\u0142osowania, kt\u00f3re i tak wygra wi\u0119kszo\u015b\u0107 rz\u0105dowa. Po kompromitacji z mediami w Sejmie Kaczy\u0144ski \u2013 wspierany przez prezydenta \u2013 nie nadstawi chyba drugiego policzka. A \u015bwiat ju\u017c m\u00f3wi, \u017ce Polska nie ma bud\u017cetu. Ciekawe, co zrobi Bruksela i ile na tym stracimy.<\/p>\n<p><strong>Generalizacja.<\/strong> W og\u00f3lnym zgie\u0142ku stosunkowo ma\u0142ym echem odbi\u0142y si\u0119 kolejne dymisje genera\u0142\u00f3w. \u201eNie ma zmi\u0142uj\u201d \u2013 powiedzieli trzej genera\u0142owie, nie chc\u0105c widocznie bra\u0107 na siebie odpowiedzialno\u015bci za to, co si\u0119 wyprawia w obronno\u015bci. I to nie byle jacy genera\u0142owie \u2013 najwa\u017cniejszy genera\u0142 w czasie pokoju oraz szef uzbrojenia. K\u0142aniaj\u0105 si\u0119 Caracale. Trudno sobie wyobrazi\u0107 komentarze w NATO i w Pentagonie. Wkr\u00f3tce szlify generalskie otrzyma chyba PiSiewicz, wy\u017csze wykszta\u0142cenie nie b\u0119dzie wymagane.<\/p>\n<p>MON nawet nie pr\u00f3buje utrzymywa\u0107, \u017ce zmiany na tych stanowiskach by\u0142y planowane. Resort zapewnia tylko, \u017ce trwaj\u0105 rozmowy z nast\u0119pcami. Po czystce \u201emade by PiS\u201d wojsko ponosi dalsze straty w ludziach \u2013 i to najlepszych. Nie ma zmi\u0142uj.<\/p>\n<p><strong>Dziennikarze parlamentarni<\/strong> powinni powiedzie\u0107 w\u0142adzy \u201enie ma zmi\u0142uj\u201d. Teraz, kiedy mleko si\u0119 rozla\u0142o, marsza\u0142kowie obu izb nagle proponuj\u0105 rozmowy na temat zasad pracy dziennikarzy w Sejmie. Ciekawe, gdzie oni (i prezydent) byli przedtem, kiedy inni bili na alarm z powodu planowanych utrudnie\u0144 i ogranicze\u0144. Czy kto\u015b wierzy marsza\u0142kowi Karczewskiemu, kiedy zapewnia, \u017ce nikt nigdy nie planowa\u0142 \u017cadnych utrudnie\u0144 w dost\u0119pie do wa\u017cnych wydarze\u0144 politycznych?<\/p>\n<p>Ze wzgl\u0119du na tragiczne wydarzenie w Berlinie powstrzymam si\u0119 od bardziej kwiecistego komentarza. Wystarczy \u201enie ma zmi\u0142uj\u201d.<\/p>\n<p><strong>ZAPROSZENIE<\/strong><br \/>\nBogus\u0142aw Chrabota (redaktor naczelny Rzeczpospolitej), Jerzy Baczy\u0144ski (redaktor naczelny Polityki) i dr Anna Materska-Sosnowska (UW) b\u0119d\u0105 go\u015b\u0107mi w Radiu TOK FM, wtorek, 20 bm, godz. 20.05.<\/p>\n","protected":false},"excerpt":{"rendered":"<p>Trybuna\u0142 Konstytucyjny. Prof. Andrzej Rzepli\u0144ski po 9 latach \u017cegna si\u0119 ze stanowiskiem prezesa TK. W\u0105tpi\u0119, czy ca\u0142y sk\u0142ad, a tak\u017ce prezydent i premier, zgotowali mu eleganckie po\u017cegnanie, listy gratulacyjne, dzi\u0119kczynne etc. Nawet bez przekonania, ale by\u0142oby elegancko. By\u0142oby, ale nie u nas.<\/p>\n","protected":false},"author":4,"featured_media":0,"comment_status":"open","ping_status":"closed","sticky":false,"template":"","format":"standard","meta":{"footnotes":""},"categories":[1],"tags":[],"_links":{"self":[{"href":"https:\/\/blog.polityka.pl\/passent\/wp-json\/wp\/v2\/posts\/3707"}],"collection":[{"href":"https:\/\/blog.polityka.pl\/passent\/wp-json\/wp\/v2\/posts"}],"about":[{"href":"https:\/\/blog.polityka.pl\/passent\/wp-json\/wp\/v2\/types\/post"}],"author":[{"embeddable":true,"href":"https:\/\/blog.polityka.pl\/passent\/wp-json\/wp\/v2\/users\/4"}],"replies":[{"embeddable":true,"href":"https:\/\/blog.polityka.pl\/passent\/wp-json\/wp\/v2\/comments?post=3707"}],"version-history":[{"count":4,"href":"https:\/\/blog.polityka.pl\/passent\/wp-json\/wp\/v2\/posts\/3707\/revisions"}],"predecessor-version":[{"id":3711,"href":"https:\/\/blog.polityka.pl\/passent\/wp-json\/wp\/v2\/posts\/3707\/revisions\/3711"}],"wp:attachment":[{"href":"https:\/\/blog.polityka.pl\/passent\/wp-json\/wp\/v2\/media?parent=3707"}],"wp:term":[{"taxonomy":"category","embeddable":true,"href":"https:\/\/blog.polityka.pl\/passent\/wp-json\/wp\/v2\/categories?post=3707"},{"taxonomy":"post_tag","embeddable":true,"href":"https:\/\/blog.polityka.pl\/passent\/wp-json\/wp\/v2\/tags?post=3707"}],"curies":[{"name":"wp","href":"https:\/\/api.w.org\/{rel}","templated":true}]}}