
{"id":3721,"date":"2017-01-02T23:38:07","date_gmt":"2017-01-02T22:38:07","guid":{"rendered":"http:\/\/passent.blog.polityka.pl\/?p=3721"},"modified":"2017-01-02T23:56:22","modified_gmt":"2017-01-02T22:56:22","slug":"smieszna-zmiana","status":"publish","type":"post","link":"https:\/\/blog.polityka.pl\/passent\/2017\/01\/02\/smieszna-zmiana\/","title":{"rendered":"\u015amieszna zmiana"},"content":{"rendered":"<p>Wiem, wiem \u2013 dobra zmiana jest gorzka, smutna, ponura, rozmodlona, a kto wie, czy nie oka\u017ce si\u0119 r\u00f3wnie\u017c tragiczna, ale przy tym wszystkim pozostaje \u015bmieszna.<br \/>\n<!--more--><br \/>\nJej \u201etfurcy\u201d dostarczaj\u0105 rysownikom, satyrykom (tym z prawdziwego zdarzenia) czy kabareciarzom niezliczone pomys\u0142y i skojarzenia. Najwi\u0119kszym beneficjentem dobrej zmiany jest Andrzej Mleczko &#8211; nikt nie dba o niego tak dobrze jak prezes. M\u00f3wi si\u0119, \u017ce PiS tworzy pa\u0144stwo opieku\u0144czo-represyjne. Obawiam si\u0119, \u017ce opieka sko\u0144czy si\u0119 na satyrykach, a dla reszty pozostan\u0105 represje.<\/p>\n<p>Pami\u0119tacie, jak \u015bmieszna zmiana z\u0142apa\u0142a gum\u0119 w \u015bmiesznym (bo nieodpowiednim) pancernym samochodzie, kt\u00f3rym prezydent mkn\u0105\u0142 na\u2026 narty? S\u0142u\u017cby i prokuratura nad\u0119\u0142y si\u0119 jak po katastrofie lotniczej, \u201enie wyklucza\u0142y \u017cadnej mo\u017cliwo\u015bci\u201d, w tym ma si\u0119 rozumie\u0107 zamachu, nadworni komentatorzy spieszyli donie\u015b\u0107, \u017ce to wszystko robota wulkanizatora z Platformy, kt\u00f3ry celowo wsadzi\u0142 sparcia\u0142\u0105 d\u0119tk\u0119 do bezd\u0119tkowej sk\u0105din\u0105d opony. <\/p>\n<p>I co z tego? Przecie\u017c ka\u017cde dziecko wie, \u017ce Platforma by\u0142a (jest?) wtedy w stanie rozk\u0142adu, niezdolna do niczego, nawet do \u015bwi\u0144stwa. Minister spraw wewn\u0119trznych nie poda\u0142 si\u0119 w\u00f3wczas do dymisji, cho\u0107 jest to najbardziej \u015bmieszny minister w historii tego resortu, a konkurencja jest silna \u2013 \u015bmiesznymi ministrami spraw wewn\u0119trznych byli tak\u017ce Dorn i Kalisz, obaj \u015bmieszni, ale przynajmniej dowcipni i b\u0142yskotliwi, czego o B\u0142aszczaku nie mo\u017cna powiedzie\u0107.<\/p>\n<p>A ten minister od wegetarian i cyklist\u00f3w, ten od \u201enie zabijajcie nas\u201d, ten od ubli\u017cania Tuskowi, ameryka\u0144skim senatorom, weneckim prawnikom i brukselskim politykom? Bufon, jakich ma\u0142o. Ka\u017ce Bia\u0142orusinom nauczy\u0107 si\u0119 polskiego, \u017ceby ogl\u0105dali telewizj\u0119 Polonia. Dzi\u0119ki takim jak on \u015bmieszna zmiana roz\u015bmiesza kawa\u0142 \u015bwiata. <\/p>\n<p>Tu\u017c przed nowym rokiem w mi\u0119dzynarodowym wydaniu \u201eThe New York Times\u201d (dawniej \u201eInternational Herald Tribune\u201d) ukaza\u0142 si\u0119 rysunek autokaru z napisem \u201eLiberalizm\u201d, na drodze kt\u00f3rego czyha\u0142y najgorsze niebezpiecze\u0144stwa: terroryzm, Aleppo i kilka innych, w tym \u201ePoland\u201d i \u201eHungary\u201d. Nie napisano, dlaczego, bo ka\u017cdy wie. Jak z tymi ulotkami rozrzucanymi na placu Czerwonym w Moskwie, na kt\u00f3rych nic nie by\u0142o napisane, bo i po co \u2013 skoro ka\u017cdy i tak wie.<\/p>\n<p>Pami\u0119tacie, jak \u015bmieszna zmiana wymy\u015bla\u0142a trotyl i wybuch, domaga\u0142a si\u0119 wraku, czarnej skrzynki i kolorowej komisji mi\u0119dzynarodowej? Wszystkim si\u0119 zdawa\u0142o, \u017ce jak dojd\u0105 do w\u0142adzy \u2013 to wszystko to b\u0119dziemy mieli. I co? I nic. Komisja niepotrzebna, skrzynki niepotrzebne, a wrak jest potrzebny, ale Putinowi na po\u015bmiewisko.<\/p>\n<p>Cz\u0119\u015bci\u0105 \u015bmiesznej zmiany jest te\u017c lider Nowoczesnej, kt\u00f3ry w czasie blokady sali sejmowej przez opozycj\u0119, w wigili\u0119, zapowiedzia\u0142, \u017ce wpadnie oko\u0142o 18\u201319 podzieli\u0107 si\u0119 op\u0142atkiem, a w Sylwestra wypad\u0142 a\u017c na Mader\u0119. B\u0119dzie to najdro\u017cszy Sylwester w jego \u017cyciu.<\/p>\n<p>A czy\u017c nie s\u0105 \u015bmieszni nasi (?) ambasadorowie, zaj\u0119ci przede wszystkim krzewieniem polityki historycznej \u00e0 la PiS i projekcjami filmu \u201eSmole\u0144sk\u201d?  Ambasador w Niemczech kr\u0105\u017cy\u0142 od kina do kina z filmem (chodzenie do kina z w\u0142asnym filmem to swoiste kuriozum) i nie m\u00f3g\u0142 nawet dotrze\u0107 do kasy, bo odbija\u0142 si\u0119 od biletera. Nie pomog\u0142y nawet grube pieni\u0105dze. Niemiecka kinematografia nie chce si\u0119 miesza\u0107 w polskie sprawy wewn\u0119trzne. Teraz film maj\u0105 pokaza\u0107 na w\u0142asn\u0105 r\u0119k\u0119 rodacy mieszkaj\u0105cy w Niemczech, dzia\u0142aj\u0105cy w Klubie Polskich Nieudacznik\u00f3w. Mo\u017ce nawet Klub obdarzy ambasadora \u2013 profesora Przy\u0142\u0119bskiego &#8211; godno\u015bci\u0105 honorowego cz\u0142onka.<\/p>\n<p>Notabene, \u017ceby by\u0142o \u015bmieszniej, ma\u0142\u017conka jego ekscelencji \u2013 chocia\u017c jest tylko magistrem &#8211; zosta\u0142a w\u0142a\u015bnie prezesem Trybuna\u0142u Konstytucyjnego. Czy\u017c nie by\u0142oby lepiej, \u017ceby pa\u0144stwo zamienili si\u0119 rolami? Profesor zosta\u0142by prezesem Trybuna\u0142u (to bardziej przystoi), a pani magister dystrybutorem filmu (to bardziej pasuje)?<\/p>\n<p>\u015amieszna zmiana nie przestaje \u015bmieszy\u0107 i straszy\u0107. Gro\u017any, ale i zabawny prezes powiedzia\u0142, \u017ce niedawno mia\u0142 w Polsce miejsce pucz. Stawia\u0142oby to nasz kraj w jednym szeregu z Turcj\u0105 i Hiszpani\u0105, kt\u00f3re by\u0142y kiedy\u015b znane z puczy (czy \u201epucz\u00f3w\u201d?). Jeden z ostatnich mia\u0142 miejsce w Hiszpanii 23 lutego 1981 roku, kiedy pu\u0142kownik Tejero i ponad stu \u017co\u0142nierzy wkroczyli do parlamentu i zacz\u0119li strzela\u0107 na postrach. Wszyscy (!) obecni w czasie debaty w Kortezach pos\u0142owie padli na pod\u0142og\u0119 i chowali si\u0119 pod krzes\u0142a. Tylko jedna osoba siedzia\u0142a z godno\u015bci\u0105 na swoim miejscu \u2013 premier Suarez, przeciwko kt\u00f3remu zamach by\u0142 wymierzony.<\/p>\n<p>Czy\u017c nie byliby\u015bmy dumni, gdyby i u nas w Sejmie wszyscy si\u0119 pochowali, jedna tylko pani premier wzi\u0119\u0142a zamach na klat\u0119, czyli na broszk\u0119?<\/p>\n<p>Wszystkiego weso\u0142ego \u017cyczy gospodarz blogu! <\/p>\n","protected":false},"excerpt":{"rendered":"<p>Wiem, wiem \u2013 dobra zmiana jest gorzka, smutna, ponura, rozmodlona, a kto wie, czy nie oka\u017ce si\u0119 r\u00f3wnie\u017c tragiczna, ale przy tym wszystkim pozostaje \u015bmieszna.<\/p>\n","protected":false},"author":4,"featured_media":0,"comment_status":"open","ping_status":"closed","sticky":false,"template":"","format":"standard","meta":{"footnotes":""},"categories":[1],"tags":[],"_links":{"self":[{"href":"https:\/\/blog.polityka.pl\/passent\/wp-json\/wp\/v2\/posts\/3721"}],"collection":[{"href":"https:\/\/blog.polityka.pl\/passent\/wp-json\/wp\/v2\/posts"}],"about":[{"href":"https:\/\/blog.polityka.pl\/passent\/wp-json\/wp\/v2\/types\/post"}],"author":[{"embeddable":true,"href":"https:\/\/blog.polityka.pl\/passent\/wp-json\/wp\/v2\/users\/4"}],"replies":[{"embeddable":true,"href":"https:\/\/blog.polityka.pl\/passent\/wp-json\/wp\/v2\/comments?post=3721"}],"version-history":[{"count":4,"href":"https:\/\/blog.polityka.pl\/passent\/wp-json\/wp\/v2\/posts\/3721\/revisions"}],"predecessor-version":[{"id":3725,"href":"https:\/\/blog.polityka.pl\/passent\/wp-json\/wp\/v2\/posts\/3721\/revisions\/3725"}],"wp:attachment":[{"href":"https:\/\/blog.polityka.pl\/passent\/wp-json\/wp\/v2\/media?parent=3721"}],"wp:term":[{"taxonomy":"category","embeddable":true,"href":"https:\/\/blog.polityka.pl\/passent\/wp-json\/wp\/v2\/categories?post=3721"},{"taxonomy":"post_tag","embeddable":true,"href":"https:\/\/blog.polityka.pl\/passent\/wp-json\/wp\/v2\/tags?post=3721"}],"curies":[{"name":"wp","href":"https:\/\/api.w.org\/{rel}","templated":true}]}}