
{"id":3727,"date":"2017-01-05T23:26:32","date_gmt":"2017-01-05T22:26:32","guid":{"rendered":"http:\/\/passent.blog.polityka.pl\/?p=3727"},"modified":"2017-01-06T10:19:17","modified_gmt":"2017-01-06T09:19:17","slug":"klasa-bez-klasy","status":"publish","type":"post","link":"https:\/\/blog.polityka.pl\/passent\/2017\/01\/05\/klasa-bez-klasy\/","title":{"rendered":"Klasa bez klasy"},"content":{"rendered":"<p>Wulkan g\u0142upoty jest czynny bez przerwy. Trudno oprze\u0107 si\u0119 wra\u017ceniu, \u017ce mieszkaj\u0105c w Polsce, \u017cyjemy nie tylko na wulkanie, ale i pod wulkanem g\u0142upoty. U nas wszystko jest dozwolone i uchodzi bezkarnie.<br \/>\n<!--more--><br \/>\nPrzypadek pierwszy: Petru. Ja rozumiem, \u017ce cz\u0142owiek ma ochot\u0119 wyskoczy\u0107 z kole\u017cank\u0105 (?) na Sylwestra do Portugalii. Ka\u017cdy by chcia\u0142. Ale na mi\u0142o\u015b\u0107 bosk\u0105 \u2013 nie za\u0142o\u017cyciel i przewodnicz\u0105cy by\u0107 mo\u017ce najwa\u017cniej partii opozycyjnej, i to w czasie trwaj\u0105cej okupacji sali sejmowej! Jaki\u017c brak wyobra\u017ani, solidarno\u015bci z innymi uczestnikami protestu, jakie\u017c lekcewa\u017cenie najbli\u017cszych wsp\u00f3\u0142pracownik\u00f3w, kt\u00f3rzy nawet nie wiedzieli, gdzie przewodnicz\u0105cy jest. Jaki\u017c brak poczucia obowi\u0105zku i zwyk\u0142ej przyzwoito\u015bci.<\/p>\n<p>A po powrocie jaki\u017c brak pokory \u2013 nazywanie tego wybryku \u201eniezr\u0119czno\u015bci\u0105, niestosowno\u015bci\u0105\u201d. Przecie\u017c to jest du\u017co wi\u0119cej ni\u017c niezr\u0119czno\u015b\u0107, to \u015bwi\u0144stwo i g\u0142upota. W czasie kiedy Nowoczesna i opozycja zdaj\u0105 w Sejmie trudny egzamin dojrza\u0142o\u015bci, przewodnicz\u0105cy Nowoczesnej urywa si\u0119 na wagary. A powinien dawa\u0107 przyk\u0142ad i mie\u0107 na koncie najwi\u0119cej godzin sp\u0119dzonych na sali sejmowej, by w odpowiednim momencie wyprowadzi\u0107 z honorem swoje kole\u017canki i koleg\u00f3w z ulicy Wiejskiej. G\u0142upia wycieczka, szkoda wyrz\u0105dzona w\u0142asnej partii, w\u0142asnej osobie, a tak\u017ce klasie politycznej, kt\u00f3ra \u2013 i s\u0142usznie &#8211; nie cieszy si\u0119 zbytnim szacunkiem.<\/p>\n<p>Przypadek drugi: Kijowski. Podobnie jak Petru stworzy\u0142 Nowoczesn\u0105, Mateusz Kijowski stworzy\u0142 KOD. Obaj dali nadziej\u0119 przegranym zwolennikom Trzeciej RP i innym ludziom opozycji, \u017ce nie s\u0105 sami, nie s\u0105 znokautowani, nie wolno rezygnowa\u0107, s\u0105 ich setki tysi\u0119cy jak Polska d\u0142uga i szeroka.  Dali ludziom nadziej\u0119. I oto doros\u0142y m\u0119\u017cczyzna, kt\u00f3ry stworzy\u0142 znacz\u0105cy ruch polityczny, kompromituje ten ruch \u2013 bo walcz\u0105c w obronie warto\u015bci, sam im uchybia.<\/p>\n<p>Czy nie zdawa\u0142 sobie sprawy, \u017ce bior\u0105c si\u0119 do dzia\u0142alno\u015bci politycznej, musi by\u0107 czysty jak \u0142za, a przynajmniej mie\u0107 rachunki uregulowane \u2013 od aliment\u00f3w do niebezpiecznych zwi\u0105zk\u00f3w finansowych z w\u0142asnym Komitetem Obrony Demokracji? <\/p>\n<p>Ta plama d\u0142ugo pozostanie na wizerunku Kijowskiego i KOD. A ju\u017c t\u0142umaczenie si\u0119, \u017ce brak mu by\u0142o do\u015bwiadczenia politycznego, to \u017cenada. Nawet wielkie do\u015bwiadczenie nie gwarantuje nietykalno\u015bci, o czym \u015bwiadczy los J\u00f3zefa Piniora. Piranie nie oszcz\u0119dz\u0105 nikogo. Zasady obowi\u0105zuj\u0105 wszystkich.<\/p>\n<p>Tu nie jest potrzebne \u017cadne do\u015bwiadczenie polityczne, tylko zwyk\u0142e zasady, odrobina wyobra\u017ani i oleju w g\u0142owie. Petru i Kijowski nie umieli w odpowiedniej chwili powiedzie\u0107 sobie \u201estop\u201d. Obaj s\u0105 produktami naszej klasy politycznej, kt\u00f3ra s\u0142usznie czuje si\u0119 bezkarna. W najgorszym razie mo\u017cna liczy\u0107 na u\u0142askawienie p\u0142yn\u0105ce z samej g\u00f3ry.<\/p>\n<p>Andrzej Stankiewicz (Onet) ma racj\u0119, \u017ce obaj panowie nie s\u0105 sko\u0144czeni, ale obaj stanowi\u0105 teraz kul\u0119 u nogi swoich ugrupowa\u0144, ba, dali amunicj\u0119 swoim rywalom, przeciwnikom i \u015bmiertelnym wrogom. To, \u017ce obaj panowie cieszyli si\u0119 dobr\u0105 reputacj\u0105 i budzili zaufanie &#8211; tylko pog\u0142\u0119bia rozczarowanie ich zwolennik\u00f3w i gorycz z powodu prezentu dla obozu w\u0142adzy.<\/p>\n<p>Panie i panowie z ulicy Nowogrodzkiej zacieraj\u0105 r\u0119ce. Ma\u0142o, \u017ce ob\u0142o\u017cyli si\u0119 sp\u00f3\u0142kami Skarbu Pa\u0144stwa, wynagrodzili posadami jak Polska d\u0142uga i szeroka, to jeszcze mog\u0105 krzycze\u0107: \u201e\u0142apaj z\u0142odzieja!\u201d.<\/p>\n<p><strong>ZAPROSZENIE<\/strong><br \/>\nKaczyzm a faszyzm. Profesor Jerzy Borejsza \u2013 historyk, wybitny znawca faszyzmu w\u0142oskiego &#8211; i dr Anna Materska-Sosnowska, politolo\u017cka (UW), b\u0119d\u0105 dyskutowali o hipotezie prof. Romana Ku\u017aniara na temat podobie\u0144stw kaczyzmu do wczesnego faszyzmu w\u0142oskiego, tego sprzed nazizmu. Radio TOK FM, wtorek, 10 stycznia, godz. 20.05.<\/p>\n","protected":false},"excerpt":{"rendered":"<p>Wulkan g\u0142upoty jest czynny bez przerwy. Trudno oprze\u0107 si\u0119 wra\u017ceniu, \u017ce mieszkaj\u0105c w Polsce, \u017cyjemy nie tylko na wulkanie, ale i pod wulkanem g\u0142upoty. U nas wszystko jest dozwolone i uchodzi bezkarnie.<\/p>\n","protected":false},"author":4,"featured_media":0,"comment_status":"open","ping_status":"closed","sticky":false,"template":"","format":"standard","meta":{"footnotes":""},"categories":[1],"tags":[],"_links":{"self":[{"href":"https:\/\/blog.polityka.pl\/passent\/wp-json\/wp\/v2\/posts\/3727"}],"collection":[{"href":"https:\/\/blog.polityka.pl\/passent\/wp-json\/wp\/v2\/posts"}],"about":[{"href":"https:\/\/blog.polityka.pl\/passent\/wp-json\/wp\/v2\/types\/post"}],"author":[{"embeddable":true,"href":"https:\/\/blog.polityka.pl\/passent\/wp-json\/wp\/v2\/users\/4"}],"replies":[{"embeddable":true,"href":"https:\/\/blog.polityka.pl\/passent\/wp-json\/wp\/v2\/comments?post=3727"}],"version-history":[{"count":3,"href":"https:\/\/blog.polityka.pl\/passent\/wp-json\/wp\/v2\/posts\/3727\/revisions"}],"predecessor-version":[{"id":3730,"href":"https:\/\/blog.polityka.pl\/passent\/wp-json\/wp\/v2\/posts\/3727\/revisions\/3730"}],"wp:attachment":[{"href":"https:\/\/blog.polityka.pl\/passent\/wp-json\/wp\/v2\/media?parent=3727"}],"wp:term":[{"taxonomy":"category","embeddable":true,"href":"https:\/\/blog.polityka.pl\/passent\/wp-json\/wp\/v2\/categories?post=3727"},{"taxonomy":"post_tag","embeddable":true,"href":"https:\/\/blog.polityka.pl\/passent\/wp-json\/wp\/v2\/tags?post=3727"}],"curies":[{"name":"wp","href":"https:\/\/api.w.org\/{rel}","templated":true}]}}