
{"id":373,"date":"2007-11-21T00:35:24","date_gmt":"2007-11-20T23:35:24","guid":{"rendered":"http:\/\/passent.blog.polityka.pl\/?p=373"},"modified":"2007-11-21T10:18:04","modified_gmt":"2007-11-21T09:18:04","slug":"wizyta-bialej-flagi","status":"publish","type":"post","link":"https:\/\/blog.polityka.pl\/passent\/2007\/11\/21\/wizyta-bialej-flagi\/","title":{"rendered":"Wizyta bia\u0142ej flagi"},"content":{"rendered":"<p><img loading=\"lazy\" decoding=\"async\" title=\"0tuskFlaga600.jpg\" height=\"450\" alt=\"0tuskFlaga600.jpg\" src=\"http:\/\/passent.blog.polityka.pl\/wp-content\/uploads\/0tuskFlaga600.jpg\" width=\"450\" align=\"middle\" border=\"0\" \/><\/p>\n<p><em>Fot. S\u0142awomir Kami\u0144ski, AG<\/em> \u00a0<\/p>\n<p><strong>Trwaj\u0105 dyskusje i domys\u0142y, dok\u0105d nowy premier wybierze si\u0119 z pierwsz\u0105 wizyt\u0105<\/strong>.<\/p>\n<p>Sukcesy polskiej polityki historycznej, wewn\u0119trznej i zagranicznej spowodowa\u0142y, \u017ce nie bardzo wiadomo dok\u0105d jecha\u0107, gdzie mo\u017cna liczy\u0107 na dobre przyj\u0119cie i pomy\u015blne echa w kraju. (Kiedy by\u0142em ambasadorem zauwa\u017cy\u0142em, \u017ce nasi politycy, kt\u00f3rzy wizytowali Chile, najbardziej interesowali si\u0119 tym, co pisz\u0105 i m\u00f3wi\u0105 media w kraju. Ja im pokazywa\u0142em lodowce i pustynie, a oni tylko udawali zainteresowanie &#8211; tak naprawd\u0119 interesowa\u0142y ich faksy, kt\u00f3re przychodzi\u0142y z Kraju.). Kiedy Tusk i Sikorski ogl\u0105daj\u0105 globus, nie\u0142atwo im si\u0119 zdecydowa\u0107, dok\u0105d nowy premier powinien pojecha\u0107. Politolodzy nazywaj\u0105 to \u201eefektem Kaczy\u0144skiego\u201d.<\/p>\n<p><strong>BRUKSELA<\/strong>? Czekoladki, owszem, dobre, owoce kandyzowane \u2013 znakomite. Ale zaraz rzuci si\u0119 na Tuska PiS, \u017ce Bruksela to celowa demonstracja pod publiczk\u0119, bo Unia to z\u0142o konieczne, ogranicza nasz\u0105 suwerenno\u015b\u0107, zagra\u017ca naszej to\u017csamo\u015bci, neguje nasze warto\u015bci rydzykowo &#8211; kurasiowe, kantuje nas na ka\u017cdym kroku, nie chce preambu\u0142y, wymy\u015bla kart\u0119 praw podstawowych dla gej\u00f3w, a poza tym \u2013 co na to powie nasz najwa\u017cniejszy sojusznik \u2013 D\u017cord\u017c Dablju Busz?<\/p>\n<p><strong>WATYKAN<\/strong>? Niby trudno co\u015b zarzuci\u0107, zw\u0142aszcza \u017ce mamy du\u017ce zas\u0142ugi, \u015bwiadcz\u0105 o tym kaplice na komisariatach i kapelani w urz\u0119dach celnych (kto nie ma nic do zadeklarowania, b\u0119dzie m\u00f3g\u0142 omin\u0105\u0107). Donald Tusk \u2013 podobnie jak Bush \u2013 ju\u017c jako osoba doros\u0142a wr\u00f3ci\u0142 do Ko\u015bcio\u0142a, jako osoba prywatna \u0107wier\u0107 wieku po \u015blubie cywilnym wzi\u0105\u0142 \u015blub ko\u015bcielny, jako osoba pa\u0144stwowa, premier desygnowany, zgromadzi\u0142 sw\u00f3j przysz\u0142y rz\u0105d w wigili\u0119 zaprzysi\u0119\u017cenia na wsp\u00f3lnym nabo\u017ce\u0144stwie, a do tre\u015bci \u015blubowania doda\u0142 sakramentalne cztery s\u0142owa. Wi\u0119c niby Watykan jak najbardziej za, wszak mamy teokracj\u0119, ale czym\u015b trzeba si\u0119 r\u00f3\u017cni\u0107 od poprzednik\u00f3w, od Giertycha i Jurka. A poza tym, czy Ratzinger i Grass nie mieli czego\u015b wsp\u00f3lnego? I co na tak\u0105 pielgrzymk\u0119 powie \u015bwiecka Europa? Wi\u0119c jednak raczej nie.<\/p>\n<p><strong>WASZYNGTON<\/strong>? Najwa\u017cniejszy sojusznik \u2013 to fakt. Jedyny, na kt\u00f3rego mo\u017cemy liczy\u0107, gdyby przysz\u0142o co do czego. Ale m\u00f3wimy, \u017ce Kaczy\u0144scy s\u0105 zbyt proameryka\u0144scy, jeste\u015bmy koniem troja\u0144skim i ch\u0142opcem na posy\u0142ki, chcemy zmieni\u0107 priorytety (czytaj: lepsza by\u0142aby Bruksela), poza tym offset jaki\u015b kusy, samoloty F16 wybrakowane, tarcza w\u0105tpliwa, Irak k\u0142opotliwy, Republikanie na wylocie. Wniosek: \u201eno rush\u201d, jeszcze poczekajmy.<\/p>\n<p><strong>BERLIN<\/strong>? To by by\u0142a kapitulacja, wizyta bia\u0142ej flagi. Chyba \u017ce pozwol\u0105 nam j\u0105 zatkn\u0105\u0107 na Reichstagu. Wszak Niemcy usi\u0142uj\u0105 nas wykiwa\u0107, zmarginalizowa\u0107 w Europie, dogaduj\u0105 si\u0119 z Ruskimi, kantuj\u0105 w Brukseli, rewiduj\u0105 histori\u0119, wyci\u0105gaj\u0105 \u0142apy po prastare ziemie piastowskie. Podr\u00f3\u017c do Berlina by\u0142aby przedstawiona jako Canossa, ust\u0119pstwo wobec Eriki S., pielgrzymka do kraju dziadka z Wehrmachtu. Wniosek: \u201elangsam\u201d, Angela musi poczeka\u0107.<\/p>\n<p><strong>PRAGA<\/strong>? Owszem, jest z\u0142ota, ale na Hradzie siedzi Klaus \u2013 przyjaciel prezydenta, znany eurosceptyk i kapitulant, kt\u00f3ry zgodzi\u0142 si\u0119 na ameryka\u0144sk\u0105 tarcz\u0119 bez warunk\u00f3w \u2013 po czesku. Poza tym Czesi to protestanci. Co by na to powiedzia\u0142 Watykan? I Toru\u0144? Wniosek: Vaclav, ale nie ten&#8230;<\/p>\n<p><strong>MOSKWA<\/strong>? Co prawda to jest nasz najwi\u0119kszy s\u0105siad, ale na takie wyr\u00f3\u017cnienie jak pierwsza podr\u00f3\u017c polskiego premiera nie zas\u0142u\u017cy\u0142. Rosjanie maj\u0105 tyle na sumieniu, \u017ce jeszcze d\u0142ugo, d\u0142ugo b\u0119d\u0105 musieli czeka\u0107 na taki zaszczyt: niech przyznaj\u0105 si\u0119 do zbrodni, odk\u0142ami\u0105 histori\u0119, wprowadz\u0105 u siebie demokracj\u0119, zwr\u00f3c\u0105 niepodleg\u0142o\u015b\u0107 podbitym narodom, przestan\u0105 \u015bwi\u0119towa\u0107 \u201e1612\u201d, zrezygnuj\u0105 z broni energetycznej, niech Mo\u0142otow nie buduje ruroci\u0105gu z Ribbentropem, niech zabior\u0105 \u0142apy od Ukrainy, niech obal\u0105 \u0141ukaszenk\u0119, niech, niech, niech nie licz\u0105, \u017ce nasz premier pope\u0142ni polityczne samob\u00f3jstwo. Poza tym Putin na wylocie. Wniosek: niet. Niech Kreml sam wywiesi bia\u0142\u0105 flag\u0119.<\/p>\n<p><strong>WILNO<\/strong>? Rzeczpospolita obojga narod\u00f3w? Niestety, ma\u0142o \u017ce dyskryminuj\u0105 nasz\u0105 mniejszo\u015b\u0107, rewiduj\u0105 histori\u0119, nie doceniaj\u0105 dobrodziejstwa, kiedy Wilno by\u0142o nasze, to jeszcze chc\u0105 nas oszwabi\u0107 przy podziale energii z elektrowni atomowej. Poza tym za ma\u0142y kraj. Troch\u0119 nie do honoru dla premiera jednego z najwa\u017cniejszych pa\u0144stw Unii Europejskiej i regionalnego mocarstwa. Litwinom mog\u0142oby si\u0119 przewr\u00f3ci\u0107 w g\u0142owie. Wniosek: niet.<\/p>\n<p><strong>Wniosek ko\u0144cowy<\/strong> \u2013 wszystkie te stolice przez swoj\u0105 b\u0142\u0119dn\u0105 polityk\u0119 s\u0105 izolowane od Polski, s\u0105 same sobie winne i trzeba jeszcze potrzyma\u0107 je w napi\u0119ciu. Kt\u00f3ra ofiaruje nam najwi\u0119kszy pierwiastek i zgodzi si\u0119 umiera\u0107 za Warszaw\u0119 \u2013 tej przypadnie najwy\u017csza nagroda: wizyta nast\u0119pcy Jaros\u0142awa Kaczy\u0144skiego na polskiej stolicy. Na razie nie wiadomo, gdzie Tusk zatknie bia\u0142\u0105 flag\u0119.<\/p>\n","protected":false},"excerpt":{"rendered":"<p>Fot. S\u0142awomir Kami\u0144ski, AG \u00a0 Trwaj\u0105 dyskusje i domys\u0142y, dok\u0105d nowy premier wybierze si\u0119 z pierwsz\u0105 wizyt\u0105. Sukcesy polskiej polityki historycznej, wewn\u0119trznej i zagranicznej spowodowa\u0142y, \u017ce nie bardzo wiadomo dok\u0105d jecha\u0107, gdzie mo\u017cna liczy\u0107 na dobre przyj\u0119cie i pomy\u015blne echa w kraju. (Kiedy by\u0142em ambasadorem zauwa\u017cy\u0142em, \u017ce nasi politycy, kt\u00f3rzy wizytowali Chile, najbardziej interesowali si\u0119 [&hellip;]<\/p>\n","protected":false},"author":4,"featured_media":0,"comment_status":"open","ping_status":"open","sticky":false,"template":"","format":"standard","meta":{"footnotes":""},"categories":[1],"tags":[],"_links":{"self":[{"href":"https:\/\/blog.polityka.pl\/passent\/wp-json\/wp\/v2\/posts\/373"}],"collection":[{"href":"https:\/\/blog.polityka.pl\/passent\/wp-json\/wp\/v2\/posts"}],"about":[{"href":"https:\/\/blog.polityka.pl\/passent\/wp-json\/wp\/v2\/types\/post"}],"author":[{"embeddable":true,"href":"https:\/\/blog.polityka.pl\/passent\/wp-json\/wp\/v2\/users\/4"}],"replies":[{"embeddable":true,"href":"https:\/\/blog.polityka.pl\/passent\/wp-json\/wp\/v2\/comments?post=373"}],"version-history":[{"count":0,"href":"https:\/\/blog.polityka.pl\/passent\/wp-json\/wp\/v2\/posts\/373\/revisions"}],"wp:attachment":[{"href":"https:\/\/blog.polityka.pl\/passent\/wp-json\/wp\/v2\/media?parent=373"}],"wp:term":[{"taxonomy":"category","embeddable":true,"href":"https:\/\/blog.polityka.pl\/passent\/wp-json\/wp\/v2\/categories?post=373"},{"taxonomy":"post_tag","embeddable":true,"href":"https:\/\/blog.polityka.pl\/passent\/wp-json\/wp\/v2\/tags?post=373"}],"curies":[{"name":"wp","href":"https:\/\/api.w.org\/{rel}","templated":true}]}}