
{"id":3744,"date":"2017-01-19T23:06:27","date_gmt":"2017-01-19T22:06:27","guid":{"rendered":"http:\/\/passent.blog.polityka.pl\/?p=3744"},"modified":"2017-01-19T23:33:26","modified_gmt":"2017-01-19T22:33:26","slug":"czarny-piatek","status":"publish","type":"post","link":"https:\/\/blog.polityka.pl\/passent\/2017\/01\/19\/czarny-piatek\/","title":{"rendered":"Czarny pi\u0105tek"},"content":{"rendered":"<p>Inauguracja prezydenta Donalda Trumpa sk\u0142ania nie tyle do rado\u015bci, ile do refleksji. Jak taki wspania\u0142y kraj, ostoja demokracji, symbol \u201ewolnego \u015bwiata\u201d, m\u00f3g\u0142 sobie wybra\u0107 takiego prezydenta \u2013 bufona, egocentryka, cz\u0142owieka ociekaj\u0105cego z\u0142otem, bez do\u015bwiadczenia w s\u0142u\u017cbie publicznej, cz\u0142owieka, kt\u00f3rego nikt nie widzia\u0142 z ksi\u0105\u017ck\u0105 w r\u0119kach?<br \/>\n<!--more--><br \/>\nWiem, wiem: potrzeba zmiany, rozwarstwienie, poczucie zagro\u017cenia ze strony imigrant\u00f3w, fala populizmu, bunt bia\u0142ych m\u0119\u017cczyzn, rywalka b\u0119d\u0105ca symbolem zasiedzia\u0142ej elity w\u0142adzy, bla, bla, bla. Wszystko to prawda, ale szkoda Ameryki. By\u0107 mo\u017ce Trump nie b\u0119dzie gorszym prezydentem ni\u017c Nixon, Reagan i Bush Jr, ale na razie nic tego nie zapowiada.<\/p>\n<p>Jego wypowiedzi na temat Europy i NATO musz\u0105 budzi\u0107 niepok\u00f3j. Je\u017celi celem Trumpa jest zniszczenie Unii Europejskiej, to godzi on w podstawowy interes Polski. Bajdurzenie polityk\u00f3w PiS o Mi\u0119dzymorzu, Tr\u00f3jmorzu etc. to tylko nocne sny szale\u0144c\u00f3w. Je\u017celi faktycznie Trump b\u0119dzie podkopywa\u0142 integracj\u0119 europejsk\u0105, to jak gdyby podawa\u0142 Polsk\u0119 Rosji na tacy. Polska musi by\u0107 zakotwiczona na Zachodzie i to na Zachodzie zjednoczonym, a nie rozproszonym. <\/p>\n<p>Tymczasem Donald Trump podchodzi do NATO jak do przedsi\u0119wzi\u0119cia biznesowego i sprawdza, czy wszyscy zap\u0142acili 2 proc. bud\u017cetu za bilety. P\u00f3\u0142 brygady pancernej, witanej z entuzjazmem, przy zmianie doktryny ameryka\u0144skiej &#8211; to mo\u017ce by\u0107 za ma\u0142o. Polonia by\u0142a Trumpowi potrzebna przed wyborami. Teraz odchodz\u0105c od \u0142adu mi\u0119dzynarodowego, jaki panuje od 1989 roku, Trump wyznaje zasad\u0119 \u201eAmerica first\u201d, kt\u00f3ra jest dobra dla wygrania wybor\u00f3w (ale nie jako logika dla ca\u0142ego \u015bwiata). Zasad\u0119, kt\u00f3r\u0105 Putin ju\u017c realizuje, a za nasz\u0105 zachodni\u0105 granic\u0105 \u2013 w Niemczech, we Francji \u2013 tak\u017ce nie brak jej zwolennik\u00f3w. Co wtedy z Polsk\u0105? Sojusz z W\u0119grami raczej nie wystarczy.<\/p>\n<p>Trump widzi najwi\u0119ksze zagro\u017cenie daleko od Polski i od Europy, bo ze strony Chin, a w Rosji szuka partnera. Tymczasem polityka zagraniczna Chin jest bardziej przewidywalna ni\u017c polityka Rosji, nie m\u00f3wi\u0105c o roli Chin w mi\u0119dzynarodowym \u0142adzie ekonomicznym.<\/p>\n<p>Brexit i wypowiedzi Trumpa postawi\u0142y nasz kraj w trudnej sytuacji. W dodatku skupiamy si\u0119 na sprawach nie najwi\u0119kszej wagi, takich jak niesta\u0142e cz\u0142onkostwo w Radzie Bezpiecze\u0144stwa ONZ. Jak m\u00f3wi prezydencki minister Szczerski, to ma by\u0107 najwa\u017cniejsze kryterium skuteczno\u015bci naszej dyplomacji w tym roku.  <\/p>\n<p>A kto z Pa\u0144stwa wie, kt\u00f3re kraje s\u0105 w tym roku niesta\u0142ymi cz\u0142onkami RB i co im z tego? Ile razy Polska mia\u0142a ten zaszczyt i co z tego? G\u0142\u00f3wnym celem dyplomacji polskiej wydaje si\u0119 raczej niedopuszczenie do ponownego wyboru Tuska na przewodnicz\u0105cego Rady Europejskiej. Nie wiem, czy nie dzia\u0142am na szkod\u0119 pa\u0144stwa polskiego, i czy moje zdj\u0119cie nie pojawi si\u0119 na p\u0142ocie, ale mam dla Tuska inne plany \u2013 najpierw druga kadencja, a potem zobaczymy\u2026<\/p>\n<p>Lada chwila czarny pi\u0105tek. Czarny, poniewa\u017c policja i prokuratura traktuj\u0105 uczestnik\u00f3w demonstracji przed Sejmem 16 grudnia ub.r. jak pospolitych przest\u0119pc\u00f3w, kt\u00f3rych fotografie rozsy\u0142a si\u0119 po ca\u0142ym kraju. Nawet je\u017celi pope\u0142niono wykroczenia, jak blokowanie wyjazdu z terenu Sejmu, to nale\u017cy to potraktowa\u0107 w trybie przewidzianym przez prawo, a nie w spos\u00f3b ostentacyjny zastrasza\u0107 obywateli, by bro\u0144 Bo\u017ce nie bra\u0107 udzia\u0142u w demonstracjach. Wstyd, po prostu wstyd.<\/p>\n<p>W sumie zar\u00f3wno w Waszyngtonie, jak i w Warszawie nie wida\u0107 powod\u00f3w do rado\u015bci.<\/p>\n","protected":false},"excerpt":{"rendered":"<p>Inauguracja prezydenta Donalda Trumpa sk\u0142ania nie tyle do rado\u015bci, ile do refleksji. Jak taki wspania\u0142y kraj, ostoja demokracji, symbol \u201ewolnego \u015bwiata\u201d, m\u00f3g\u0142 sobie wybra\u0107 takiego prezydenta \u2013 bufona, egocentryka, cz\u0142owieka ociekaj\u0105cego z\u0142otem, bez do\u015bwiadczenia w s\u0142u\u017cbie publicznej, cz\u0142owieka, kt\u00f3rego nikt nie widzia\u0142 z ksi\u0105\u017ck\u0105 w r\u0119kach?<\/p>\n","protected":false},"author":4,"featured_media":0,"comment_status":"open","ping_status":"closed","sticky":false,"template":"","format":"standard","meta":{"footnotes":""},"categories":[1],"tags":[],"_links":{"self":[{"href":"https:\/\/blog.polityka.pl\/passent\/wp-json\/wp\/v2\/posts\/3744"}],"collection":[{"href":"https:\/\/blog.polityka.pl\/passent\/wp-json\/wp\/v2\/posts"}],"about":[{"href":"https:\/\/blog.polityka.pl\/passent\/wp-json\/wp\/v2\/types\/post"}],"author":[{"embeddable":true,"href":"https:\/\/blog.polityka.pl\/passent\/wp-json\/wp\/v2\/users\/4"}],"replies":[{"embeddable":true,"href":"https:\/\/blog.polityka.pl\/passent\/wp-json\/wp\/v2\/comments?post=3744"}],"version-history":[{"count":3,"href":"https:\/\/blog.polityka.pl\/passent\/wp-json\/wp\/v2\/posts\/3744\/revisions"}],"predecessor-version":[{"id":3747,"href":"https:\/\/blog.polityka.pl\/passent\/wp-json\/wp\/v2\/posts\/3744\/revisions\/3747"}],"wp:attachment":[{"href":"https:\/\/blog.polityka.pl\/passent\/wp-json\/wp\/v2\/media?parent=3744"}],"wp:term":[{"taxonomy":"category","embeddable":true,"href":"https:\/\/blog.polityka.pl\/passent\/wp-json\/wp\/v2\/categories?post=3744"},{"taxonomy":"post_tag","embeddable":true,"href":"https:\/\/blog.polityka.pl\/passent\/wp-json\/wp\/v2\/tags?post=3744"}],"curies":[{"name":"wp","href":"https:\/\/api.w.org\/{rel}","templated":true}]}}