
{"id":3748,"date":"2017-01-21T17:42:08","date_gmt":"2017-01-21T16:42:08","guid":{"rendered":"http:\/\/passent.blog.polityka.pl\/?p=3748"},"modified":"2017-01-23T23:04:32","modified_gmt":"2017-01-23T22:04:32","slug":"donald-the-first","status":"publish","type":"post","link":"https:\/\/blog.polityka.pl\/passent\/2017\/01\/21\/donald-the-first\/","title":{"rendered":"Donald the First"},"content":{"rendered":"<p>Przem\u00f3wienie inauguracyjne prezydenta Donalda Trumpa napawa g\u0142\u0119bokim smutkiem.<br \/>\n<!--more--><br \/>\nOcieka\u0142o od demagogii i prostactwa. Podglebie kulturowe zerowe, na poziomie kasyna. Od demagogii \u2013 poniewa\u017c przypomina\u0142o setki przem\u00f3wie\u0144 w kampanii wyborczej, w kt\u00f3rych kandydaci pomstuj\u0105 na elit\u0119, odwo\u0142uj\u0105 si\u0119 do ksenofobii, strach\u00f3w, obaw, poczucia krzywdy i niesprawiedliwo\u015bci.<\/p>\n<p>Ta ca\u0142a populistyczna gadanina, \u017ce od teraz nie b\u0119dzie rz\u0105dzi\u0142 Waszyngton, tylko b\u0119dziecie rz\u0105dzili wy \u2013 skromni, pracowici, zagro\u017ceni przez obcych, bezbronni Amerykanie &#8211; to nic nowego. Wystarczy spojrze\u0107 na kandydat\u00f3w do rz\u0105du Trumpa, kt\u00f3rzy ociekaj\u0105 milionami i miliardami dolar\u00f3w, \u017ceby dopatrze\u0107 si\u0119 w nich rzecznik\u00f3w tych prostych, skrzywdzonych Amerykan\u00f3w.<\/p>\n<p>Przem\u00f3wienie Trumpa w wielu miejscach przypomina\u0142o retoryk\u0119 PiS \u2013 zw\u0142aszcza fragmenty o zrujnowanej Ameryce (koniec \u201ejatki ameryka\u0144skiej\u201d!), powstawaniu z kolan i przywracaniu jej \u015bwietno\u015bci, a tak\u017ce o zdemoralizowanej, z\u0142owrogiej elicie, o biednej, zaniedbanej \u201eAmeryce powiatowej\u201d. Jak kto\u015b trafnie napisa\u0142 \u2013 przem\u00f3wienie Trumpa by\u0142o oskar\u017ceniem, policzkiem dla wszystkich uczestnik\u00f3w inauguracji. Ale co mia\u0142o im do zaoferowania w zamian?<\/p>\n<p>Wybra\u0144cy Trumpa to biali milionerzy, jak\u017ce odlegli od tego, czym dzi\u015b jest Ameryka \u2013 kraj, w kt\u00f3rym biali Anglosasi staj\u0105 si\u0119 mniejszo\u015bci\u0105, a j\u0119zyk hiszpa\u0144ski staje si\u0119 pierwszym j\u0119zykiem nowej wi\u0119kszo\u015bci. Jak\u0105 Ameryk\u0119 obiecuje im nowy prezydent? Ameryk\u0119 dla Amerykan\u00f3w i produkt\u00f3w made in USA. Niech b\u0119d\u0105 dro\u017csze ni\u017c chi\u0144skie czy korea\u0144skie, ale b\u0119d\u0105 nasze, ameryka\u0144skie, wyprodukowane przez Amerykan\u00f3w.<\/p>\n<p>Zasada Trumpa \u2013 America First \u2013 oznacza traktowanie wszystkich innych jako konkurent\u00f3w i zagro\u017cenie. Je\u017celi interes Ameryki b\u0119dzie oznacza\u0142 wspieranie dyktatury, np. w Turcji, to niech gnij\u0105 w wi\u0119zieniach demokraci. \u201eMo\u017ce to jest sukinsyn, ale to jest nasz sukinsyn\u201d \u2013 powiedzia\u0142 Teodor Roosevelt.<\/p>\n<p>Donald Trump podnosi do rangi oficjalnej doktryny chciwo\u015b\u0107, wiar\u0119 w pieni\u0105dz i jego si\u0142\u0119. Liczy si\u0119 interes w\u0142asny jednostki i ca\u0142ego kraju. Nie m\u00f3wi si\u0119 o wsp\u00f3lnych warto\u015bciach, tylko o transakcjach. W takim \u015bwiecie wrogiem jest ka\u017cdy, kto stanowi zagro\u017cenie ekonomiczne, przede wszystkim Chiny i Europa. W takim \u015bwiecie nie ma prawdziwych przyjaci\u00f3\u0142, s\u0105 tylko wsp\u00f3lnicy \u2013 jak Wielka Brytania, kt\u00f3ra uczyni\u0142a wy\u0142om w Unii Europejskiej i otrzyma za to nagrod\u0119.<\/p>\n<p>Donald Trump za najwy\u017csz\u0105 warto\u015b\u0107 uznaje interes w\u0142asny (i to mierzony pieni\u0119dzmi) i interes kraju. Donald First, America First, a inni niech pilnuj\u0105 w\u0142asnego interesu. Taki \u015bwiat proponuje nam Donald Trump. To ca\u0142kiem inna Ameryka ni\u017c ta, kt\u00f3ra stawa\u0142a u boku Europy i naszej cywilizacji zagro\u017conej przez totalitaryzmy, kt\u00f3ra najpierw wysy\u0142a\u0142a na front swoich ch\u0142opc\u00f3w, a potem stawia\u0142a na nogi powojenn\u0105 Europ\u0119. Dla Polski to fatalna zapowied\u017a.<\/p>\n<p>ZAPROSZENIE &#8211; Co ten Trump wyprawia?!<br \/>\nJaros\u0142aw Guga\u0142a (Polsat), Jan Truszczy\u0144ski (by\u0142y sekretarz stanu w MSZ, czo\u0142owy negocjator akcesji Polski do Unii Europejskiej) b\u0119d\u0105 naszymi go\u015b\u0107mi w radiu TOK FM we wtorek, 24 stycznia o godz. 20.05. <\/p>\n","protected":false},"excerpt":{"rendered":"<p>Przem\u00f3wienie inauguracyjne prezydenta Donalda Trumpa napawa g\u0142\u0119bokim smutkiem.<\/p>\n","protected":false},"author":4,"featured_media":0,"comment_status":"open","ping_status":"closed","sticky":false,"template":"","format":"standard","meta":{"footnotes":""},"categories":[1],"tags":[],"_links":{"self":[{"href":"https:\/\/blog.polityka.pl\/passent\/wp-json\/wp\/v2\/posts\/3748"}],"collection":[{"href":"https:\/\/blog.polityka.pl\/passent\/wp-json\/wp\/v2\/posts"}],"about":[{"href":"https:\/\/blog.polityka.pl\/passent\/wp-json\/wp\/v2\/types\/post"}],"author":[{"embeddable":true,"href":"https:\/\/blog.polityka.pl\/passent\/wp-json\/wp\/v2\/users\/4"}],"replies":[{"embeddable":true,"href":"https:\/\/blog.polityka.pl\/passent\/wp-json\/wp\/v2\/comments?post=3748"}],"version-history":[{"count":4,"href":"https:\/\/blog.polityka.pl\/passent\/wp-json\/wp\/v2\/posts\/3748\/revisions"}],"predecessor-version":[{"id":3754,"href":"https:\/\/blog.polityka.pl\/passent\/wp-json\/wp\/v2\/posts\/3748\/revisions\/3754"}],"wp:attachment":[{"href":"https:\/\/blog.polityka.pl\/passent\/wp-json\/wp\/v2\/media?parent=3748"}],"wp:term":[{"taxonomy":"category","embeddable":true,"href":"https:\/\/blog.polityka.pl\/passent\/wp-json\/wp\/v2\/categories?post=3748"},{"taxonomy":"post_tag","embeddable":true,"href":"https:\/\/blog.polityka.pl\/passent\/wp-json\/wp\/v2\/tags?post=3748"}],"curies":[{"name":"wp","href":"https:\/\/api.w.org\/{rel}","templated":true}]}}