
{"id":3755,"date":"2017-01-26T18:33:58","date_gmt":"2017-01-26T17:33:58","guid":{"rendered":"http:\/\/passent.blog.polityka.pl\/?p=3755"},"modified":"2017-01-29T01:10:13","modified_gmt":"2017-01-29T00:10:13","slug":"oda-prezesa-do-wolnosci","status":"publish","type":"post","link":"https:\/\/blog.polityka.pl\/passent\/2017\/01\/26\/oda-prezesa-do-wolnosci\/","title":{"rendered":"Oda prezesa do wolno\u015bci"},"content":{"rendered":"<p>Cz\u0142owiek biznesu, cz\u0142owiek wolno\u015bci \u2013 prezes Kaczy\u0144ski \u2013 zbiera ho\u0142dy i tytu\u0142y. Cz\u0142owiek z \u017celaza, cz\u0142owiek z marmuru \u2013 czeka go jeszcze wiele honor\u00f3w. Przy okazji wyr\u00f3\u017cnienia przez zaprzyja\u017aniony tygodnik \u201ewSieci\u201d tytu\u0142em Cz\u0142owieka wolno\u015bci, prezes wyg\u0142osi\u0142 swoist\u0105 od\u0119 do wolno\u015bci. Niekt\u00f3re my\u015bli s\u0105 oczywiste i godne poparcia (wolno\u015b\u0107 to nie anarchia, wolno\u015b\u0107 ma wymiar socjalny \u2013 nie jest biedny cz\u0142owiek \u017cyj\u0105cy w n\u0119dzy czy w d\u0142ugach), ale inne zmuszaj\u0105 do sprzeciwu.<\/p>\n<p>\u201eDopiero ostatnio fala wolno\u015bci zacz\u0119\u0142a przetacza\u0107 si\u0119 przez \u015bwiat\u201d \u2013 powiedzia\u0142 prezes. Czy \u201eostatnio\u201d to znaczy od wybor\u00f3w, kt\u00f3re wynios\u0142y PiS do w\u0142adzy? A mo\u017ce czas wolno\u015bci nale\u017cy liczy\u0107 od wyboru Donalda Trumpa? Lub od zamachu w Turcji? Jako\u015b nie wida\u0107, \u017ceby wolno\u015b\u0107 ostatnio triumfowa\u0142a. Trump od razu skasowa\u0142 subwencje na organizacje maj\u0105ce cokolwiek wsp\u00f3lnego z kontrol\u0105 urodze\u0144, z wolno\u015bci\u0105 kobiety do decydowania o swoim \u017cyciu.<\/p>\n<p>W Polsce w\u0142adza zamachn\u0119\u0142a si\u0119 na in vitro. Pozostawi\u0142a tylko dwa katolickie o\u015brodki adopcyjne. Wymusza apel smole\u0144ski na powsta\u0144cach i uroczysto\u015bciach. Wprowadza jedyn\u0105 s\u0142uszn\u0105 wersj\u0119 historii. Upublicznia bez zgody zainteresowanych twarze uczestnik\u00f3w demonstracji. Faktycznie likwiduje prawie gotowe Muzeum II Wojny \u015awiatowej autorstwa wybitnych historyk\u00f3w. Bierze pod siebie trybuna\u0142y, s\u0105dy i prokuratur\u0119. To ma by\u0107 eksplozja wolno\u015bci?<\/p>\n<p>Poprawno\u015b\u0107 polityczna (na Zachodzie) od kilku lat przesz\u0142a od represji mi\u0119kkiej, rozproszonej, \u201edo represji twardej, pa\u0144stwowej\u201d \u2013 m\u00f3wi prezes. Na Zachodzie? Czy to na Zachodzie wyrzucaj\u0105 dyrektor\u00f3w instytucji kulturalnych, w tym instytut\u00f3w za granic\u0105, czy tam grozi kara wi\u0119zienia za g\u0142oszenie nies\u0142usznej wersji historii, za szkalowanie \u015bwi\u0119to\u015bci? Czy to na Zachodzie odbiera si\u0119 szeregowym pos\u0142om prawo zabierania (i nadu\u017cywania) g\u0142osu w sprawach formalnych, \u0107wiczy si\u0119 pos\u0142anki i pos\u0142\u00f3w jak dzieci, wprowadza kary za m\u00f3wienie w Sejmie \u201enie na temat\u201d?<\/p>\n<p>Szczeg\u00f3ln\u0105 rol\u0119 w pogl\u0105dach prezesa gra pa\u0144stwo, zw\u0142aszcza narodowe. \u201eNie ma wolno\u015bci, w tym tej narodowej, bez silnego pa\u0144stwa\u201d. I dalej: \u201eStref\u0119 wolno\u015bci mo\u017ce stworzy\u0107 tylko i wy\u0142\u0105cznie pa\u0144stwo narodowe. (\u2026) Nie mo\u017ce by\u0107 pa\u0144stwa narodowego bez demokracji i odwrotnie\u201d. Jak rozumie\u0107 te my\u015bli prezesa? A W\u0142ochy, Niemcy, Hiszpania, Korea, Kuba, Chile, Argentyna, pa\u0144stwa bloku sowieckiego \u2013 to by\u0142y pa\u0144stwa narodowe, ale czy by\u0142y demokratyczne? Jeden nar\u00f3d, jedno pa\u0144stwo, jeden w\u00f3dz \u2013 czy\u017cby to nie by\u0142y pa\u0144stwa narodowe? Szkoda, \u017ce w kr\u00f3tkim przem\u00f3wieniu prezes nie wyja\u015bni\u0142 tej my\u015bli.<\/p>\n<p>Z jednym wypada si\u0119 zgodzi\u0107: \u201eWierzymy, \u017ce przyjdzie taki czas, \u017ce mo\u017cna b\u0119dzie powiedzie\u0107 o Polsce jako o kraju niezwyk\u0142ej wolno\u015bci\u201d. Na razie nie ma mowy o eksplozji \u2013 raczej niewypa\u0142.<\/p>\n","protected":false},"excerpt":{"rendered":"<p>Cz\u0142owiek biznesu, cz\u0142owiek wolno\u015bci \u2013 prezes Kaczy\u0144ski \u2013 zbiera ho\u0142dy i tytu\u0142y. Cz\u0142owiek z \u017celaza, cz\u0142owiek z marmuru \u2013 czeka go jeszcze wiele honor\u00f3w. Przy okazji wyr\u00f3\u017cnienia przez zaprzyja\u017aniony tygodnik \u201ewSieci\u201d tytu\u0142em Cz\u0142owieka wolno\u015bci, prezes wyg\u0142osi\u0142 swoist\u0105 od\u0119 do wolno\u015bci. Niekt\u00f3re my\u015bli s\u0105 oczywiste i godne poparcia (wolno\u015b\u0107 to nie anarchia, wolno\u015b\u0107 ma wymiar socjalny [&hellip;]<\/p>\n","protected":false},"author":4,"featured_media":0,"comment_status":"open","ping_status":"closed","sticky":false,"template":"","format":"standard","meta":{"footnotes":""},"categories":[1],"tags":[],"_links":{"self":[{"href":"https:\/\/blog.polityka.pl\/passent\/wp-json\/wp\/v2\/posts\/3755"}],"collection":[{"href":"https:\/\/blog.polityka.pl\/passent\/wp-json\/wp\/v2\/posts"}],"about":[{"href":"https:\/\/blog.polityka.pl\/passent\/wp-json\/wp\/v2\/types\/post"}],"author":[{"embeddable":true,"href":"https:\/\/blog.polityka.pl\/passent\/wp-json\/wp\/v2\/users\/4"}],"replies":[{"embeddable":true,"href":"https:\/\/blog.polityka.pl\/passent\/wp-json\/wp\/v2\/comments?post=3755"}],"version-history":[{"count":9,"href":"https:\/\/blog.polityka.pl\/passent\/wp-json\/wp\/v2\/posts\/3755\/revisions"}],"predecessor-version":[{"id":3764,"href":"https:\/\/blog.polityka.pl\/passent\/wp-json\/wp\/v2\/posts\/3755\/revisions\/3764"}],"wp:attachment":[{"href":"https:\/\/blog.polityka.pl\/passent\/wp-json\/wp\/v2\/media?parent=3755"}],"wp:term":[{"taxonomy":"category","embeddable":true,"href":"https:\/\/blog.polityka.pl\/passent\/wp-json\/wp\/v2\/categories?post=3755"},{"taxonomy":"post_tag","embeddable":true,"href":"https:\/\/blog.polityka.pl\/passent\/wp-json\/wp\/v2\/tags?post=3755"}],"curies":[{"name":"wp","href":"https:\/\/api.w.org\/{rel}","templated":true}]}}