
{"id":3772,"date":"2017-02-04T19:59:43","date_gmt":"2017-02-04T18:59:43","guid":{"rendered":"http:\/\/passent.blog.polityka.pl\/?p=3772"},"modified":"2017-02-04T20:32:27","modified_gmt":"2017-02-04T19:32:27","slug":"bezczelnie-smaczne","status":"publish","type":"post","link":"https:\/\/blog.polityka.pl\/passent\/2017\/02\/04\/bezczelnie-smaczne\/","title":{"rendered":"Bezczelnie smaczne"},"content":{"rendered":"<p>\u015amiech to zdrowie, wi\u0119c dzisiaj chwila odpr\u0119\u017cenia.<\/p>\n<p>W po\u015bpiechu z\u0142apa\u0142em w sklepie pierwsz\u0105 lepsz\u0105 paczk\u0119 szynki (100 gram\u00f3w), zap\u0142aci\u0142em i dopiero w domu obejrza\u0142em opakowanie. \u201eZak\u0142ady Mi\u0119sne DUDA. Szynka CZAR PRL\u201d. Przeciera\u0142em oczy ze zdumienia. Wiem, \u017ce to nie \u201eten\u201d Duda, ale mimo wszystko po\u0142\u0105czenie Dudy i czaru PRL to smaczny k\u0105sek, zajrza\u0142em wi\u0119c do internetu, a tam r\u00f3\u017cne smaczne propozycje w rodzaju \u201eGotuj z Dud\u0105\u201d, \u201eHamburgery z Dudusiem\u201d i inne pyszno\u015bci. <\/p>\n<p>W\u0119dliny reklamuj\u0105 si\u0119 jako \u201ebezczelnie smaczne dla bezczelnie wymagaj\u0105cych\u201d. Jakby tego by\u0142o ma\u0142o, okazuje si\u0119, \u017ce zak\u0142ady mi\u0119sne mieszcz\u0105 si\u0119 przy ulicy\u2026 Baczy\u0144skiego. Duda i Baczy\u0144ski \u2013 to ju\u017c za du\u017co dobrego, wracam wi\u0119c do polityki przez ma\u0142e \u201ep\u201d.<\/p>\n<p>Prezydent Duda (ten prawdziwy) powiedzia\u0142 w \u017baganiu, \u017ce program PiS nie zostanie zatrzymany przez \u201e\u017caden jazgot\u201d. Oby si\u0119 myli\u0142! Jazgot jest jak najbardziej potrzebny. Utalentowany  publicysta, profesor doktor habilitowany Jerzy Zajad\u0142o, znany prawnik, pisuje w \u201eGazecie Wyborczej\u201d kr\u00f3tkie felietony, bezczelnie smaczne nawet dla bezczelnie wymagaj\u0105cych czytelnik\u00f3w. Polecam ten o jazgocie, 2 lutego. Profesor zastanawia si\u0119, kto m\u00f3g\u0142 u\u017cy\u0107 s\u0142owa \u201ejazgot\u201d, kt\u00f3re oznacza pisk, wrzask, ha\u0142a\u015bliwe ujadanie ps\u00f3w\u2026 Prezydent \u2013 raczej nie powinien, doktorowi raczej nie wypada, notariusz raczej by si\u0119 powstrzyma\u0142. \u201eM\u00f3wi\u0105c nieco metaforycznie \u2013 skoro nie Dr Jekyll i nie Mr. Hyde, to kto?\u201d \u2013 pyta retorycznie autor.<\/p>\n<p>Pom\u00f3\u017ccie profesorowi, a ja mam jeszcze jeden okruch wielkiej polityki (post pisany w weekend, w nastroju rozrywkowym, cho\u0107 rzeczywisto\u015b\u0107 nieweso\u0142a\u2026 ). W mediach m\u00f3wi si\u0119, \u017ce Polska bierze kurs na Bia\u0142oru\u015b. Reset z Rosj\u0105 nie wyszed\u0142, Ukrai\u0144cy modl\u0105 si\u0119 do Bandery, pozostaje Mi\u0144sk, a w nim nie taki podobno straszny \u0141ukaszenka. <\/p>\n<p>Na trasie Warszawa \u2013 Mi\u0144sk a\u017c g\u0119sto od polityk\u00f3w, podobno uzgodnili nawet wygaszanie telewizji Bielsat. Jeden z naszych oficjalnych go\u015bci, nie byle kto, bo Boleslaw Pirsztuk, wiceprzewodnicz\u0105cy Izby Reprezentant\u00f3w Bia\u0142orusi, udzieli\u0142 wywiadu \u201eRzeczpospolitej\u201d. <\/p>\n<p>Fragment:<br \/>\n\u201e\u2013 Dzia\u0142acze bia\u0142oruskiej  opozycji twierdz\u0105, \u017ce deputowanych na Bia\u0142orusi si\u0119 mianuje. Pana te\u017c mianowano?<br \/>\n&#8211; A czy panu podoba\u0142y si\u0119 ostatnie wybory w USA? Mnie osobi\u015bcie nie za bardzo. Ile\u017c wzajemnych pretensji mieli do siebie kandydaci i partie. A przecie\u017c jest to kraj, kt\u00f3ry nazywaj\u0105 pierwsz\u0105 demokracj\u0105.<br \/>\n&#8211; Ale zwyci\u0119\u017cy\u0142 tam kandydat opozycji.<br \/>\n&#8211; Ka\u017cdy kraj ma prawo wybiera\u0107 w\u0142asny styl i sw\u00f3j spos\u00f3b zachowywania si\u0119. Je\u017celi wprowadzimy do parlamentu wszystkich  tak zwanych (!!! \u2013 Pass.) opozycjonist\u00f3w, to o czym b\u0119dziemy z nimi rozmawia\u0107? Ka\u017cd\u0105 spraw\u0105 powinni zajmowa\u0107 si\u0119 profesjonali\u015bci. Mamy parlament profesjonalist\u00f3w\u201d. (Rozmawia\u0142 Rus\u0142an Szoszyn).<\/p>\n<p>Zwracam uwag\u0119 na \u201etak zwanych\u201d opozycjonist\u00f3w \u2013 to pogardliwe chamstwo spotykamy na ca\u0142ym \u015bwiecie. Prezydent Trump napisa\u0142 na Tweeterze, \u017ce jego dekret zakazuj\u0105cy na 3 miesi\u0105ce wjazdu do USA obywatelom 7 pa\u0144stw, zawiesi\u0142 \u201etak zwany s\u0119dzia\u201d.<\/p>\n<p>Jeden prezydent m\u00f3wi o \u201ejazgocie\u201d opozycji, drugi o \u201etak zwanym\u201d s\u0119dzi \u2013 czy to nie jest bezczelnie smaczne?      <\/p>\n","protected":false},"excerpt":{"rendered":"<p>\u015amiech to zdrowie, wi\u0119c dzisiaj chwila odpr\u0119\u017cenia. W po\u015bpiechu z\u0142apa\u0142em w sklepie pierwsz\u0105 lepsz\u0105 paczk\u0119 szynki (100 gram\u00f3w), zap\u0142aci\u0142em i dopiero w domu obejrza\u0142em opakowanie. \u201eZak\u0142ady Mi\u0119sne DUDA. Szynka CZAR PRL\u201d. Przeciera\u0142em oczy ze zdumienia. Wiem, \u017ce to nie \u201eten\u201d Duda, ale mimo wszystko po\u0142\u0105czenie Dudy i czaru PRL to smaczny k\u0105sek, zajrza\u0142em wi\u0119c do [&hellip;]<\/p>\n","protected":false},"author":4,"featured_media":0,"comment_status":"open","ping_status":"closed","sticky":false,"template":"","format":"standard","meta":{"footnotes":""},"categories":[1],"tags":[],"_links":{"self":[{"href":"https:\/\/blog.polityka.pl\/passent\/wp-json\/wp\/v2\/posts\/3772"}],"collection":[{"href":"https:\/\/blog.polityka.pl\/passent\/wp-json\/wp\/v2\/posts"}],"about":[{"href":"https:\/\/blog.polityka.pl\/passent\/wp-json\/wp\/v2\/types\/post"}],"author":[{"embeddable":true,"href":"https:\/\/blog.polityka.pl\/passent\/wp-json\/wp\/v2\/users\/4"}],"replies":[{"embeddable":true,"href":"https:\/\/blog.polityka.pl\/passent\/wp-json\/wp\/v2\/comments?post=3772"}],"version-history":[{"count":4,"href":"https:\/\/blog.polityka.pl\/passent\/wp-json\/wp\/v2\/posts\/3772\/revisions"}],"predecessor-version":[{"id":3777,"href":"https:\/\/blog.polityka.pl\/passent\/wp-json\/wp\/v2\/posts\/3772\/revisions\/3777"}],"wp:attachment":[{"href":"https:\/\/blog.polityka.pl\/passent\/wp-json\/wp\/v2\/media?parent=3772"}],"wp:term":[{"taxonomy":"category","embeddable":true,"href":"https:\/\/blog.polityka.pl\/passent\/wp-json\/wp\/v2\/categories?post=3772"},{"taxonomy":"post_tag","embeddable":true,"href":"https:\/\/blog.polityka.pl\/passent\/wp-json\/wp\/v2\/tags?post=3772"}],"curies":[{"name":"wp","href":"https:\/\/api.w.org\/{rel}","templated":true}]}}