
{"id":3778,"date":"2017-02-06T23:08:59","date_gmt":"2017-02-06T22:08:59","guid":{"rendered":"http:\/\/passent.blog.polityka.pl\/?p=3778"},"modified":"2017-02-07T14:27:40","modified_gmt":"2017-02-07T13:27:40","slug":"to-sie-w-helmie-nie-miesci","status":"publish","type":"post","link":"https:\/\/blog.polityka.pl\/passent\/2017\/02\/06\/to-sie-w-helmie-nie-miesci\/","title":{"rendered":"To si\u0119 w he\u0142mie nie mie\u015bci"},"content":{"rendered":"<p>W normalnych czasach operetka z Bart\u0142omiejem Misiewiczem w roli g\u0142\u00f3wnej nie zas\u0142ugiwa\u0142aby na to, \u017ceby znale\u017a\u0107 si\u0119 na blogu. Natomiast u nas ten \u017cenuj\u0105cy spektakl, jakiego jeste\u015bmy \u015bwiadkami od tygodni, ma jedn\u0105 zalet\u0119: nikt, nawet prezes Kaczy\u0144ski i premier Szyd\u0142o, nie mo\u017ce powiedzie\u0107, \u017ce to wszystko jest wymy\u015blone przez opozycj\u0119 i \u201epolskoj\u0119zyczne\u201d media.<br \/>\n<!--more--><br \/>\nM\u0142okosem z \u0141omianek zajmowa\u0142y si\u0119 ju\u017c trzy najwa\u017cniejsze osoby w obozie w\u0142adzy: prezes partii rz\u0105dz\u0105cej, szefowa rz\u0105du i minister &#8211; druga osoba w partii! Je\u015bli chodzi o Misiewicza, to Kaczy\u0144ski i Szyd\u0142o wa\u017c\u0105 ka\u017cde s\u0142owo, rzecznik rz\u0105du m\u00f3wi, \u017ce pani premier rozmawia\u0142a o tym (czyli o \u201eMisiu\u201d) z ministrem, i ten wie, co ma zrobi\u0107. Prezes Kaczy\u0144ski m\u00f3wi, \u017ce Misiewicz szkodzi wizerunkowi PiS. A Macierewicz demonstracyjnie oci\u0105ga si\u0119 z odes\u0142aniem \u201eMisia\u201d do szko\u0142y albo do apteki, albo \u2013 jak sugeruje genera\u0142 Skrzypczak \u2013 do kuchni, zgodnie z kwalifikacjami.<\/p>\n<p>\u017benada, ale daje do my\u015blenia. Po pierwsze, jak to mo\u017cliwe, \u017ce m\u0142odzieniec, nawet bez studi\u00f3w i nieotrzaskany w boju, mo\u017ce by\u0107 szefem gabinetu politycznego ministra, rzecznikiem prasowym i cz\u0142owiekiem do zada\u0144 specjalnych, takich jak nocna wyprawa do plac\u00f3wki powi\u0105zanej z NATO? To raczej posta\u0107 do filmu ni\u017c do szanuj\u0105cego si\u0119 ministerstwa. \u017beby oficer w stopniu kapitana trzyma\u0142 nad nim parasol? \u017beby wojskowi oddawali mu honory przewidziane dla najwa\u017cniejszych os\u00f3b w pa\u0144stwie? To si\u0119 pod he\u0142mem nie mie\u015bci.<\/p>\n<p>Qui pro quo z Misiewiczem to tylko wisienka na torcie naszych si\u0142 zbrojnych, z kt\u00f3rych dobiegaj\u0105 wie\u015bci pora\u017caj\u0105ce. Macierewicz i inni m\u00f3wi\u0105, \u017ce rok temu \u2013 czyli po rz\u0105dach PO\/PSL &#8211; Polska by\u0142a bezbronna. Je\u017celi tak, to jak wygl\u0105da nasza obronno\u015b\u0107 dzisiaj, po odej\u015bciu kilkudziesi\u0119ciu (!) genera\u0142\u00f3w i ponad dwustu pu\u0142kownik\u00f3w?! I to ju\u017c nie s\u0105 \u017cadni komsomolcy w onucach, tylko oficerowie po studiach w akademiach obrony USA i innych pa\u0144stw zachodnich. Wykszta\u0142cenie ka\u017cdego takiego oficera czy genera\u0142a (cz\u0119sto po doktoracie) kosztuje setki tysi\u0119cy dolar\u00f3w. Zast\u0105pi\u0107 tych ludzi nie da si\u0119 z dnia na dzie\u0144 ani z roku na rok.<\/p>\n<p>Czytam dziennikarzy, kt\u00f3rzy uprawiaj\u0105 tematyk\u0119 obronn\u0105, jak Pawe\u0142 Wro\u0144ski i Juliusz \u0106wieluch, ogl\u0105dam i s\u0142ucham rozmowy z wojskowymi (jak Moniki Olejnik z gen. Skrzypczakiem) i r\u0119ce opadaj\u0105. Co na przyk\u0142ad my\u015ble\u0107 o Wojsku Obrony Terytorialnej? Teoretycznie ten nowy i kosztowny, bo budowany od zera, rodzaj broni ma s\u0142u\u017cy\u0107 ewentualnym dzia\u0142aniom na ty\u0142ach ewentualnego naje\u017ad\u017acy, praktycznie jednak budz\u0105 si\u0119 obawy, czy nie zostanie u\u017cyty do rozprawy wewn\u0119trznej. Je\u015bli gen. Waldemar Skrzypczak m\u00f3wi, \u017ce na \u015bwiecie nie ma drugiej takiej armii podleg\u0142ej bezpo\u015brednio ministrowi, a nie dow\u00f3dztwu rodzaj\u00f3w sil zbrojnych i sztabowi, to mo\u017cemy mu wierzy\u0107 i podejrzewa\u0107, \u017ce to b\u0119dzie wojsko, na kt\u00f3rym \u0142ap\u0119 b\u0119d\u0105 chcieli po\u0142o\u017cy\u0107 politycy. Skoro upolityczniaj\u0105 wszystko \u2013 trybuna\u0142y, prokuratur\u0119, s\u0105downictwo, media publiczne (kt\u00f3re obiecali uniezale\u017cni\u0107), dyplomacj\u0119, s\u0142u\u017cb\u0119 cywiln\u0105 \u2013 to dlaczego nie wojsko?<\/p>\n<p>Je\u017celi minister obrony za jedno z g\u0142\u00f3wnych zada\u0144 resortu uznaje wyja\u015bnienie przyczyn katastrofy smole\u0144skiej (cho\u0107 od tego by\u0142a komisja rz\u0105dowa i prokuratura), to politycy nie mog\u0105 wypu\u015bci\u0107 tego z r\u0105k. Politycy ju\u017c bawi\u0105 si\u0119 armi\u0105 &#8211; jeden powiedzia\u0142, \u017ce Egipt \u201esprzeda\u0142\u201d Rosji dwa okr\u0119ty za symboliczne euro, drugi ka\u017ce wyg\u0142asza\u0107 apel smole\u0144ski na wszystkich uroczysto\u015bciach z udzia\u0142em wojska, trzeci jest co najmniej wsp\u00f3\u0142autorem decyzji o odst\u0105pieniu od umowy na Caracale, czwarty obieca\u0142 pierwsze helikoptery w ci\u0105gu kilku miesi\u0119cy, pi\u0105ty rozgoni\u0142 i przeformatowa\u0142 najwa\u017cniejsz\u0105 uczelni\u0119 wojskow\u0105, sz\u00f3sty wzywa prokuratur\u0119, \u017ceby zaj\u0119\u0142a si\u0119 atakami na Misiewicza, si\u00f3dmy oczyma wyobra\u017ani widzi ju\u017c helikopter polsko-ukrai\u0144ski itd. itp.<\/p>\n<p>I pomy\u015ble\u0107, \u017ce to wszystko jeden cz\u0142owiek. Polska chyba rzeczywi\u015bcie by\u0142a bezbronna, je\u015bli mu uleg\u0142a.<\/p>\n<p><strong>PS Zaproszenie<\/strong><br \/>\nDawid Tokarz \u2013 autor listy tysi\u0105ca beneficjent\u00f3w \u201edobrej zmiany\u201d (\u201ePuls Biznesu\u201d), dr Anna Materska-Sosnowska (UW) i dr Adam Krzemi\u0144ski \u2013 naczelny germanista kraju (\u201ePolityka\u201d) \u2013 b\u0119d\u0105 naszymi go\u015b\u0107mi w Radiu TOK FM. Wtorek, 7 lutego 2017, godz. 20.05. Zapraszam!<\/p>\n","protected":false},"excerpt":{"rendered":"<p>W normalnych czasach operetka z Bart\u0142omiejem Misiewiczem w roli g\u0142\u00f3wnej nie zas\u0142ugiwa\u0142aby na to, \u017ceby znale\u017a\u0107 si\u0119 na blogu. Natomiast u nas ten \u017cenuj\u0105cy spektakl, jakiego jeste\u015bmy \u015bwiadkami od tygodni, ma jedn\u0105 zalet\u0119: nikt, nawet prezes Kaczy\u0144ski i premier Szyd\u0142o, nie mo\u017ce powiedzie\u0107, \u017ce to wszystko jest wymy\u015blone przez opozycj\u0119 i \u201epolskoj\u0119zyczne\u201d media.<\/p>\n","protected":false},"author":4,"featured_media":0,"comment_status":"open","ping_status":"closed","sticky":false,"template":"","format":"standard","meta":{"footnotes":""},"categories":[1],"tags":[],"_links":{"self":[{"href":"https:\/\/blog.polityka.pl\/passent\/wp-json\/wp\/v2\/posts\/3778"}],"collection":[{"href":"https:\/\/blog.polityka.pl\/passent\/wp-json\/wp\/v2\/posts"}],"about":[{"href":"https:\/\/blog.polityka.pl\/passent\/wp-json\/wp\/v2\/types\/post"}],"author":[{"embeddable":true,"href":"https:\/\/blog.polityka.pl\/passent\/wp-json\/wp\/v2\/users\/4"}],"replies":[{"embeddable":true,"href":"https:\/\/blog.polityka.pl\/passent\/wp-json\/wp\/v2\/comments?post=3778"}],"version-history":[{"count":4,"href":"https:\/\/blog.polityka.pl\/passent\/wp-json\/wp\/v2\/posts\/3778\/revisions"}],"predecessor-version":[{"id":3783,"href":"https:\/\/blog.polityka.pl\/passent\/wp-json\/wp\/v2\/posts\/3778\/revisions\/3783"}],"wp:attachment":[{"href":"https:\/\/blog.polityka.pl\/passent\/wp-json\/wp\/v2\/media?parent=3778"}],"wp:term":[{"taxonomy":"category","embeddable":true,"href":"https:\/\/blog.polityka.pl\/passent\/wp-json\/wp\/v2\/categories?post=3778"},{"taxonomy":"post_tag","embeddable":true,"href":"https:\/\/blog.polityka.pl\/passent\/wp-json\/wp\/v2\/tags?post=3778"}],"curies":[{"name":"wp","href":"https:\/\/api.w.org\/{rel}","templated":true}]}}