
{"id":3784,"date":"2017-02-11T15:54:17","date_gmt":"2017-02-11T14:54:17","guid":{"rendered":"http:\/\/passent.blog.polityka.pl\/?p=3784"},"modified":"2017-02-11T18:53:03","modified_gmt":"2017-02-11T17:53:03","slug":"szybka-zmiana","status":"publish","type":"post","link":"https:\/\/blog.polityka.pl\/passent\/2017\/02\/11\/szybka-zmiana\/","title":{"rendered":"Szybka zmiana"},"content":{"rendered":"<p>W pierwszych s\u0142owach przekazuj\u0119 wyrazy wsp\u00f3\u0142czucia wszystkim ofiarom wypadku samochodowego z udzia\u0142em pani premier i borowc\u00f3w w O\u015bwi\u0119cimiu. Szybkiego powrotu do zdrowia!<br \/>\n<!--more--><br \/>\nNiestety, nie jest to pierwszy wypadek komunikacyjny z udzia\u0142em szefa rz\u0105du. Pami\u0119tamy wypadek helikoptera z premierem Leszkiem Millerem na pok\u0142adzie. Te\u017c wyl\u0105dowa\u0142 cudem i w szpitalu.<\/p>\n<p>Potem nast\u0105pi\u0142y katastrofy lotnicze \u2013 jedna straszniejsza od drugiej. W pierwszej stracili\u015bmy kwiat lotnictwa wojskowego. Kto zosta\u0142 ukarany? W drugiej \u2013 kwiat naszej elity politycznej. Kto zostanie ukarany? Mo\u017ce winni nie \u017cyj\u0105? Mo\u017ce niekt\u00f3rzy \u017cyj\u0105, ale to nie ich dotknie \u201eprawo i sprawiedliwo\u015b\u0107\u201d?<\/p>\n<p>Potem by\u0142 wypadek limuzyny prezydenckiej, z prezydentem w \u015brodku. Bez odpowiedzi pozosta\u0142o wtedy wiele pyta\u0144: dlaczego wieziono prezydenta nieodpowiedni\u0105 do warunk\u00f3w g\u00f3rskich limuzyn\u0105? Dlaczego auto by\u0142o na nieodpowiednich oponach? Dlaczego tak szybko jechali na narty (czy z nart)? Czy byli winni i jak zostali ukarani?<\/p>\n<p>Kilka tygodni temu mia\u0142 miejsce skandaliczny wypadek kolumny ministra Macierewicza, po kt\u00f3rym nast\u0105pi\u0142 jego szybki odjazd z miejsca nieszcz\u0119\u015bcia. Skala zniszcze\u0144 i \u015bwiadkowie wskazuj\u0105, \u017ce samochody mkn\u0119\u0142y w trudnych warunkach znacznie powy\u017cej obowi\u0105zuj\u0105cej szybko\u015bci. Rozum pozosta\u0142 w tyle. Jakim prawem? Przecie\u017c minister nie jecha\u0142 na ratunek, tylko na uroczysto\u015b\u0107 og\u0142oszenia prezesa Kaczy\u0144skiego \u201ecz\u0142owiekiem wolno\u015bci\u201d. Dlaczego dochodzenie w tej sprawie prowadzi \u017candarmeria, podleg\u0142a g\u0142\u00f3wnemu pasa\u017cerowi kolumny, Macierewiczowi, a nie prokuratura, co prawda podleg\u0142a min. Ziobrze, ale zawsze\u2026<\/p>\n<p>Niezapomniana i niebywa\u0142a jest arogancja i pogarda dla prawa w przechwa\u0142kach, w jakim rekordowym czasie kolumna ministra dojecha\u0142a do Torunia i z powrotem. Kto wierzy, \u017ce ta sprawa zostanie uczciwie wyja\u015bniona, a winni ukarani \u2013 niech si\u0119 z nami podzieli swoim rozumowaniem. To by\u0142 popis braku rozs\u0105dku i skromno\u015bci.<\/p>\n<p>No i wreszcie najnowsza kolizja (wypadek?) kolumny rz\u0105dowej w O\u015bwi\u0119cimiu, tym razem z pani\u0105 premier. Nawet je\u017celi winny oka\u017ce si\u0119 m\u0142ody kierowca fiata, to odkszta\u0142cenie solidnej przecie\u017c limuzyny, kt\u00f3ra wpad\u0142a na drzewo, wskazuje na szybko\u015b\u0107 znacznie wy\u017csz\u0105 od dozwolonej w tym miejscu. Czy wszyscy mieli zapi\u0119te pasy bezpiecze\u0144stwa? Poniewa\u017c ranni s\u0105 w szpitalu, nie pozwalam sobie na \u017cadne \u017carty ani z\u0142o\u015bliwo\u015bci. Chcia\u0142bym tylko, \u017ceby dobra zmiana nie by\u0142a taka szybka i by\u0142a zgodna z prawem.<\/p>\n<p>I \u017ceby\u015bmy si\u0119 dowiedzieli ca\u0142ej prawdy o wypadkach kolumn ministra Macierewicza i premier Szyd\u0142o. Czy to jest oczekiwanie wyg\u00f3rowane?<\/p>\n","protected":false},"excerpt":{"rendered":"<p>W pierwszych s\u0142owach przekazuj\u0119 wyrazy wsp\u00f3\u0142czucia wszystkim ofiarom wypadku samochodowego z udzia\u0142em pani premier i borowc\u00f3w w O\u015bwi\u0119cimiu. Szybkiego powrotu do zdrowia!<\/p>\n","protected":false},"author":4,"featured_media":0,"comment_status":"open","ping_status":"closed","sticky":false,"template":"","format":"standard","meta":{"footnotes":""},"categories":[1],"tags":[],"_links":{"self":[{"href":"https:\/\/blog.polityka.pl\/passent\/wp-json\/wp\/v2\/posts\/3784"}],"collection":[{"href":"https:\/\/blog.polityka.pl\/passent\/wp-json\/wp\/v2\/posts"}],"about":[{"href":"https:\/\/blog.polityka.pl\/passent\/wp-json\/wp\/v2\/types\/post"}],"author":[{"embeddable":true,"href":"https:\/\/blog.polityka.pl\/passent\/wp-json\/wp\/v2\/users\/4"}],"replies":[{"embeddable":true,"href":"https:\/\/blog.polityka.pl\/passent\/wp-json\/wp\/v2\/comments?post=3784"}],"version-history":[{"count":4,"href":"https:\/\/blog.polityka.pl\/passent\/wp-json\/wp\/v2\/posts\/3784\/revisions"}],"predecessor-version":[{"id":3788,"href":"https:\/\/blog.polityka.pl\/passent\/wp-json\/wp\/v2\/posts\/3784\/revisions\/3788"}],"wp:attachment":[{"href":"https:\/\/blog.polityka.pl\/passent\/wp-json\/wp\/v2\/media?parent=3784"}],"wp:term":[{"taxonomy":"category","embeddable":true,"href":"https:\/\/blog.polityka.pl\/passent\/wp-json\/wp\/v2\/categories?post=3784"},{"taxonomy":"post_tag","embeddable":true,"href":"https:\/\/blog.polityka.pl\/passent\/wp-json\/wp\/v2\/tags?post=3784"}],"curies":[{"name":"wp","href":"https:\/\/api.w.org\/{rel}","templated":true}]}}