
{"id":379,"date":"2007-12-03T00:29:51","date_gmt":"2007-12-02T23:29:51","guid":{"rendered":"http:\/\/passent.blog.polityka.pl\/?p=379"},"modified":"2007-12-03T00:29:51","modified_gmt":"2007-12-02T23:29:51","slug":"plac-postancow","status":"publish","type":"post","link":"https:\/\/blog.polityka.pl\/passent\/2007\/12\/03\/plac-postancow\/","title":{"rendered":"&#8222;Plac Posta\u0144c\u00f3w&#8221;"},"content":{"rendered":"<p><img loading=\"lazy\" decoding=\"async\" width=\"450\" vspace=\"5\" hspace=\"5\" height=\"336\" border=\"0\" align=\"middle\" alt=\"0dzienni450.jpg\" title=\"0dzienni450.jpg\" src=\"http:\/\/passent.blog.polityka.pl\/wp-content\/uploads\/0dzienni450.jpg\" \/><\/p>\n<p><em>Fot. Stefan Maszewski \/ REPORTER<\/em><\/p>\n<p>Poczt\u0105 pantoflow\u0105, a dok\u0142adniej &#8211; poczt\u0105 internetow\u0105, otrzyma\u0142em zawiadomienie, \u017ce dzisiaj, w poniedzia\u0142ek, 3 grudnia, o godz. 14.00, przed siedzib\u0105 TVP na Placu Powsta\u0144c\u00f3w, odb\u0119dzie si\u0119 milcz\u0105ca manifestacja dziennikarzy, kt\u00f3rzy chc\u0105 w ten spos\u00f3b zaprotestowa\u0107 przeciwko usuwaniu lub marginalizowaniu przez telewizj\u0119 publiczn\u0105 niepos\u0142usznych dziennikarzy. Gor\u0105co ten apel popieram. Osobi\u015bcie w zgromadzeniu udzia\u0142u nie wezm\u0119, gdy\u017c ostatni raz by\u0142em w TVP chyba kiedy pracowa\u0142 tam jeszcze Kamil Durczok, jestem tam faktycznie na indeksie, cho\u0107by niepisanym, i moje pojawienie si\u0119 mog\u0142oby sprawia\u0107 wra\u017cenie, \u017ce zale\u017cy mi na odnowieniu kontakt\u00f3w, m\u00f3g\u0142bym by\u0107 podejrzany o prywat\u0119. Dawno ju\u017c straci\u0142em kontakt z TVP \u2013 jako widz i jako wsp\u00f3\u0142pracownik.<\/p>\n<p>Popieram jednak Kole\u017canki i Koleg\u00f3w, kt\u00f3rzy p\u00f3jd\u0105 posta\u0107 na \u201ePlacu Posta\u0144c\u00f3w\u201d, ale odnosz\u0119 wra\u017cenie, \u017ce g\u0142\u00f3wnym zadaniem dziennikarzy zainteresowanych mediami publicznymi nie jest manifestowanie na ulicy, lecz protestowanie u siebie, na \u0142amach \u201eswojej\u201d gazety, na falach swojej telewizji czy swojego radia. (Media s\u0105 pot\u0119g\u0105 i nawet prezydent Lech Kaczy\u0144ski uznaje dzi\u015b, \u017ce przyczyni\u0142y si\u0119 do upadku jego ulubionego rz\u0105du.) Trudniej jest rozliczy\u0107 siebie samego, swojego naczelnego, swoj\u0105 redakcj\u0119, ni\u017c pikietowa\u0107 Urba\u0144skiego i Sp\u00f3\u0142k\u0119. Przecie\u017c jeszcze kilka miesi\u0119cy temu (by\u0142by\u017c to ju\u017c rok?), kiedy nast\u0119powa\u0142a zamiana Wildsteina na Urba\u0144skiego, w mediach pe\u0142no by\u0142o obro\u0144c\u00f3w tego pierwszego, jako gwaranta niezawis\u0142o\u015bci TVP.<\/p>\n<p>Dzisiaj, kiedy monopol PiS na media publiczne zaczyna si\u0119 kruszy\u0107, a panowie Urba\u0144ski, Czaba\u0144ski, Targalski, szefowie anten, PAP i innych medi\u00f3w chwiej\u0105 si\u0119 w posadach, manifestowanie przeciwko decyzjom ich kaprali w TVP wydaje si\u0119 nieco sp\u00f3\u017anione. By\u0142oby dobrze, gdyby sygnatariusze apelu (niekt\u00f3rzy z pism wydawanych przez koncern Axela Springera) spr\u00f3bowali napisa\u0107, jakie by\u0142o stanowisko ich redakcji, kiedy Bronis\u0142aw Wildstein wyrzuci\u0142 z TVP kilkaset os\u00f3b, kiedy usi\u0142owali mu dor\u00f3wna\u0107 pp. Czaba\u0144ski, Targalski i inni namiestnicy w Polskim Radiu. Ciekawe, czy im to wydrukuj\u0105. W pierwszym okresie czystek ma\u0142o kto zdoby\u0142 si\u0119 na s\u0142owa protestu. Teraz, kiedy czystki dobiegaj\u0105 ko\u0144ca i obejmuj\u0105 ju\u017c Bogu ducha winnych trzydziestolatk\u00f3w, stanie na \u201ePlacu Posta\u0144c\u00f3w\u201d wydaje si\u0119 nieco sp\u00f3\u017anione. Ale popieram, bo lepiej p\u00f3\u017ano ni\u017c wcale.<\/p>\n<p>***<\/p>\n<p><strong>G.Okon<\/strong> &#8211; zgoda w sprawie niedojrza\u0142o\u015bci, awanturnictwa, g\u0142upoty, jakie panosz\u0105 si\u0119 w \u017cyciu politycznym. Historia &#8222;15:10 do Yumy&#8221; tylko to potwierdza.<\/p>\n<p><strong>Z Berlina<\/strong> &#8211; zgoda, \u017ce to jest pokojowy zamach stanu na kompetencje rz\u0105du, ale rz\u0105d powinien by\u0107 bardziej uwa\u017cny i nie dostarcza\u0107 pretekst\u00f3w. Niestety, DT pope\u0142ni\u0142 ju\u017c kilka b\u0142\u0119d\u00f3w, m.in. nie zawiadomi\u0142 prezydenta o wa\u017cnych decyzjach. A \u017ce min. Kami\u0144ski o\u015bmiesza prezydenta &#8211; to \u017cal patrze\u0107.<\/p>\n<p><strong>Guziec<\/strong> s\u0142usznie krytykuje recept\u0119 dziennikarstwa informacyjnego TV, schemat: przepychanki polityczne, ciel\u0119 o dw\u00f3ch g\u0142owach, ci\u0119\u017cko chore dziecko, reklama, kronika policyjna, tragedia rodzinna, numer konta, prognoza pogody. Straszne!<\/p>\n<p><strong>Eddie<\/strong> &#8211; wszystkie gratulacje za dob\u00f3r fotografii do blog\u00f3w nale\u017c\u0105 si\u0119 nie mnie, lecz Kole\u017cankom i Kolegom z dzia\u0142\u00f3w Internet &#038; Foto &#8222;Polityki&#8221;. Przy\u0142aczam si\u0119, brawo!!!<\/p>\n","protected":false},"excerpt":{"rendered":"<p>Fot. Stefan Maszewski \/ REPORTER Poczt\u0105 pantoflow\u0105, a dok\u0142adniej &#8211; poczt\u0105 internetow\u0105, otrzyma\u0142em zawiadomienie, \u017ce dzisiaj, w poniedzia\u0142ek, 3 grudnia, o godz. 14.00, przed siedzib\u0105 TVP na Placu Powsta\u0144c\u00f3w, odb\u0119dzie si\u0119 milcz\u0105ca manifestacja dziennikarzy, kt\u00f3rzy chc\u0105 w ten spos\u00f3b zaprotestowa\u0107 przeciwko usuwaniu lub marginalizowaniu przez telewizj\u0119 publiczn\u0105 niepos\u0142usznych dziennikarzy. Gor\u0105co ten apel popieram. Osobi\u015bcie w [&hellip;]<\/p>\n","protected":false},"author":4,"featured_media":0,"comment_status":"open","ping_status":"open","sticky":false,"template":"","format":"standard","meta":{"footnotes":""},"categories":[1],"tags":[],"_links":{"self":[{"href":"https:\/\/blog.polityka.pl\/passent\/wp-json\/wp\/v2\/posts\/379"}],"collection":[{"href":"https:\/\/blog.polityka.pl\/passent\/wp-json\/wp\/v2\/posts"}],"about":[{"href":"https:\/\/blog.polityka.pl\/passent\/wp-json\/wp\/v2\/types\/post"}],"author":[{"embeddable":true,"href":"https:\/\/blog.polityka.pl\/passent\/wp-json\/wp\/v2\/users\/4"}],"replies":[{"embeddable":true,"href":"https:\/\/blog.polityka.pl\/passent\/wp-json\/wp\/v2\/comments?post=379"}],"version-history":[{"count":0,"href":"https:\/\/blog.polityka.pl\/passent\/wp-json\/wp\/v2\/posts\/379\/revisions"}],"wp:attachment":[{"href":"https:\/\/blog.polityka.pl\/passent\/wp-json\/wp\/v2\/media?parent=379"}],"wp:term":[{"taxonomy":"category","embeddable":true,"href":"https:\/\/blog.polityka.pl\/passent\/wp-json\/wp\/v2\/categories?post=379"},{"taxonomy":"post_tag","embeddable":true,"href":"https:\/\/blog.polityka.pl\/passent\/wp-json\/wp\/v2\/tags?post=379"}],"curies":[{"name":"wp","href":"https:\/\/api.w.org\/{rel}","templated":true}]}}