
{"id":3791,"date":"2017-02-15T18:55:55","date_gmt":"2017-02-15T17:55:55","guid":{"rendered":"http:\/\/passent.blog.polityka.pl\/?p=3791"},"modified":"2017-02-15T19:56:10","modified_gmt":"2017-02-15T18:56:10","slug":"nadawca-premier-beata-szydlo","status":"publish","type":"post","link":"https:\/\/blog.polityka.pl\/passent\/2017\/02\/15\/nadawca-premier-beata-szydlo\/","title":{"rendered":"Nadawca: premier  Beata Szyd\u0142o"},"content":{"rendered":"<p>Bardzo podoba mi si\u0119 gest pani premier Szyd\u0142o, \u017ceby napisa\u0107 list do m\u0142odego cz\u0142owieka, kt\u00f3ry bra\u0142 udzia\u0142 w ich wypadku samochodowym w O\u015bwi\u0119cimiu.<br \/>\n<!--more--><br \/>\nZaczyna si\u0119 dobrze \u2013 wsp\u00f3\u0142czucie, wstrz\u0105s, zapewnienie, \u017ce wobec prawa wszyscy s\u0105 r\u00f3wni itd. Gdyby pani premier na tym sko\u0144czy\u0142a, wszystko by\u0142oby pi\u0119knie. Gest co prawda sp\u00f3\u017aniony, bo minister jej rz\u0105du, B\u0142aszczak, ju\u017c przes\u0105dzi\u0142 o winie m\u0142odego cz\u0142owieka, rz\u0105dowa machina informacyjna nie pozostawia\u0142a w\u0105tpliwo\u015bci, ale lepiej p\u00f3\u017ano ni\u017c wcale. Odrobina empatii w czasach hejtu jest bardzo potrzebna.<\/p>\n<p>Niestety, zamiast sko\u0144czy\u0107 na empatii, premier Szyd\u0142o ruszy\u0142a do ataku i bluzn\u0119\u0142a porcj\u0105 oskar\u017ce\u0144 pod adresem opozycji, splami\u0142a pozornie prywatny list oficjaln\u0105 propagand\u0105. Przekre\u015bla to efekt listu, kt\u00f3ry nie tyle jest naturalnym odruchem ludzkim, ile normaln\u0105 porcj\u0105 rz\u0105dowego PR.<\/p>\n<p>Gdyby premier Szyd\u0142o chcia\u0142a wesprze\u0107 m\u0142odego cz\u0142owieka, kt\u00f3ry zosta\u0142 skazany przed procesem, to by\u0142by dobry przyk\u0142ad. W takim przypadku, maj\u0105c du\u017co wolnego czasu w szpitalu, premier mog\u0142aby napisa\u0107 listy do wielu innych os\u00f3b skazanych i sponiewieranych bez \u017cadnego prawa, w tym do: kilkudziesi\u0119ciu by\u0142ych BOR-owc\u00f3w zwolnionych w ramach gruntownej reformy, kilkudziesi\u0119ciu genera\u0142\u00f3w i kilkuset pu\u0142kownik\u00f3w Wojska Polskiego, by\u0142ych ministr\u00f3w spraw zagranicznych pom\u00f3wionych o wsp\u00f3\u0142prac\u0119 z obcym wywiadem, ekspert\u00f3w i cz\u0142onk\u00f3w \u201eKomisji Millera\u201d ods\u0105dzonych od czci i wiary, setki dziennikarek i dziennikarzy usuni\u0119tych z medi\u00f3w publicznych, dyrektor\u00f3w instytucji kulturalnych, takich jak Instytut Ksi\u0105\u017cki i Instytut im. Adama Mickiewicza, ofiary \u201esprz\u0105tania\u201d miot\u0142\u0105 PP. B\u0142aszczaka, Waszczykowskiego, Macierewicza.<\/p>\n<p>Dalej: dow\u00f3dc\u00f3w BOR powo\u0142anych i odwo\u0142anych od wybor\u00f3w 2015 roku, ofiary rajdu kolumny samochodowej ministra Macierewicza na trasie Toru\u0144\u2013Warszawa, wysokich urz\u0119dnik\u00f3w Unii Europejskiej i cz\u0142onk\u00f3w Komisji Weneckiej okre\u015blanych jako ludzie niekompetentni, starzy i bez znaczenia, by\u0142ego sekretarza stanu USA Johna Kerry&#8217;ego i senatora republika\u0144skiego McCaina, uznanych przez polskie w\u0142adze za niedoinformowanych, kanclerz Merkel, o kt\u00f3rej polski polityk nr 1 powiedzia\u0142, \u017ce w jej elekcji bra\u0142y udzia\u0142 pewne (hm) si\u0142y, niewinnych ludzi obra\u017canych przez czo\u0142owych polityk\u00f3w partii pani premier jako \u201ekomuni\u015bci i z\u0142odzieje\u201d, s\u0119dzi\u00f3w oskar\u017canych o to, \u017ce s\u0105 kast\u0105, tych, kt\u00f3rzy trzymaj\u0105 si\u0119 koryta, ludzi drugiego sortu i gorszego gatunku, frankowicz\u00f3w, kt\u00f3rzy nabrali si\u0119 na puste obietnice kampanii, kt\u00f3r\u0105 kierowa\u0142a p\u00f3\u017aniejsza premier, tysi\u0105ce \u017co\u0142nierzy i oficer\u00f3w, kt\u00f3rzy zostali zweryfikowani, a po latach zdegradowani finansowo, bo przepracowali chocia\u017c jeden dzie\u0144 w s\u0142u\u017cbie PRL, Donalda Tuska, oskar\u017canego, \u017ce jako przewodnicz\u0105cy Komisji Europejskiej nic nie zrobi\u0142 dla Polski.<\/p>\n<p>Nie trzeba szuka\u0107 daleko: wystarczy popyta\u0107 w szpitalu, w kt\u00f3rym przebywa Pani Premier (oby jak najkr\u00f3cej!), o by\u0142ego komendanta Wojskowego Instytutu Medycznego, genera\u0142a profesora Jana Podg\u00f3rskiego, i jego losy.<\/p>\n<p>Wszyscy oni i jeszcze wielu innych maj\u0105 prawo oczekiwa\u0107 ciep\u0142ego listu od szefa rz\u0105du. Dodatkowo taki gest poprawi\u0142by kulej\u0105ce finanse Poczty Polskiej i wizerunek w\u0142adz.<\/p>\n","protected":false},"excerpt":{"rendered":"<p>Bardzo podoba mi si\u0119 gest pani premier Szyd\u0142o, \u017ceby napisa\u0107 list do m\u0142odego cz\u0142owieka, kt\u00f3ry bra\u0142 udzia\u0142 w ich wypadku samochodowym w O\u015bwi\u0119cimiu.<\/p>\n","protected":false},"author":4,"featured_media":0,"comment_status":"open","ping_status":"closed","sticky":false,"template":"","format":"standard","meta":{"footnotes":""},"categories":[1],"tags":[],"_links":{"self":[{"href":"https:\/\/blog.polityka.pl\/passent\/wp-json\/wp\/v2\/posts\/3791"}],"collection":[{"href":"https:\/\/blog.polityka.pl\/passent\/wp-json\/wp\/v2\/posts"}],"about":[{"href":"https:\/\/blog.polityka.pl\/passent\/wp-json\/wp\/v2\/types\/post"}],"author":[{"embeddable":true,"href":"https:\/\/blog.polityka.pl\/passent\/wp-json\/wp\/v2\/users\/4"}],"replies":[{"embeddable":true,"href":"https:\/\/blog.polityka.pl\/passent\/wp-json\/wp\/v2\/comments?post=3791"}],"version-history":[{"count":5,"href":"https:\/\/blog.polityka.pl\/passent\/wp-json\/wp\/v2\/posts\/3791\/revisions"}],"predecessor-version":[{"id":3796,"href":"https:\/\/blog.polityka.pl\/passent\/wp-json\/wp\/v2\/posts\/3791\/revisions\/3796"}],"wp:attachment":[{"href":"https:\/\/blog.polityka.pl\/passent\/wp-json\/wp\/v2\/media?parent=3791"}],"wp:term":[{"taxonomy":"category","embeddable":true,"href":"https:\/\/blog.polityka.pl\/passent\/wp-json\/wp\/v2\/categories?post=3791"},{"taxonomy":"post_tag","embeddable":true,"href":"https:\/\/blog.polityka.pl\/passent\/wp-json\/wp\/v2\/tags?post=3791"}],"curies":[{"name":"wp","href":"https:\/\/api.w.org\/{rel}","templated":true}]}}