
{"id":381,"date":"2007-12-06T22:48:46","date_gmt":"2007-12-06T21:48:46","guid":{"rendered":"http:\/\/passent.blog.polityka.pl\/?p=381"},"modified":"2007-12-06T22:56:59","modified_gmt":"2007-12-06T21:56:59","slug":"kongres-sie-udal-%e2%80%93-dyskusja-umarla","status":"publish","type":"post","link":"https:\/\/blog.polityka.pl\/passent\/2007\/12\/06\/kongres-sie-udal-%e2%80%93-dyskusja-umarla\/","title":{"rendered":"Kongres si\u0119 uda\u0142 \u2013 dyskusja umar\u0142a"},"content":{"rendered":"<p><img loading=\"lazy\" decoding=\"async\" width=\"450\" vspace=\"5\" hspace=\"5\" height=\"450\" border=\"0\" alt=\"pocalunek_450.jpg\" title=\"pocalunek_450.jpg\" src=\"http:\/\/passent.blog.polityka.pl\/wp-content\/uploads\/pocalunek_450.jpg\" \/><br \/>\n<em>Fot. Sergiusz P\u0119czek, AG<br \/>\n<\/em><\/p>\n<p>Panie i Panowie, Ladies and Gentleman, Meine Damen und Herren \u2013 oto pierwszy blog na \u015bwiecie, kt\u00f3ry przynosi podsumowanie kongresu PiS jeszcze przed kongresem. \u017byjemy w czasach takiego po\u015bpiechu, takiego wy\u015bcigu medi\u00f3w, takiego b\u0142yskawicznego obiegu informacji, \u017ce nie ma co czeka\u0107 na fakty \u2013 trzeba tworzy\u0107 informacje, a fakty same przyjd\u0105. Ot\u00f3\u017c i mamy kongres PiS. Bez dyskusji: referat, obiad , votum zaufania i do domu, w teren, do ludzi, tam przenosi\u0107 uchwa\u0142\u0119 kongresu \u2013 tak ma wygl\u0105da zjazd PiS.<\/p>\n<p>Tak mia\u0142a wygl\u0105da\u0107 ca\u0142a Polska! Jaros\u0142aw Kaczy\u0144ski robi\u0142, co m\u00f3g\u0142, \u017ceby sko\u0144czy\u0107 ze wszelk\u0105 dyskusj\u0105 \u2013 w mediach pa\u0144stwowych i prywatnych, w koalicji rz\u0105dz\u0105cej, w opozycji, kt\u00f3r\u0105 usi\u0142owa\u0142 kompromitowa\u0107 przy pomocy Wehrmachtu, raportu do likwidacji WSI, w MSZ, no i \u2013 oczywi\u015bcie \u2013 we w\u0142asnej partii. Wszystko by\u0142o dla niego oczywist\u0105 oczywisto\u015bci\u0105, wi\u0119c nie by\u0142o o czym dyskutowa\u0107. Jego reakcja na pora\u017ck\u0119 w wyborach by\u0142a wspania\u0142a: Operacja \u201ewybory\u201d si\u0119 uda\u0142a, tylko pacjent umar\u0142. Podobnie jest z kongresem PiS.<\/p>\n<p>Kongres si\u0119 uda\u0142, tylko dyskusja umar\u0142a.<\/p>\n<p>Kto\u015b mo\u017ce powiedzie\u0107, \u017ce jak si\u0119 rz\u0105dzi PiS, to nie nasza sprawa, ale to nieprawda, bo ta partia ma miliony zwolennik\u00f3w, jest g\u0142\u00f3wn\u0105 si\u0142\u0105 opozycji, a m\u0105dra opozycja jest bardzo potrzebna. Na razie opozycja usi\u0142uje obali\u0107 jednego ministra po drugim. Na pierwszy ogie\u0144 poszed\u0142 Sikorski. Podkre\u015blam po raz kolejny \u2013 Sikorski nie jest idealnym ministrem, ale partia, kt\u00f3ra wystawi\u0142a Fotyg\u0119, powinna chwil\u0119 zaczeka\u0107, jest przecie\u017c tyle innych wdzi\u0119cznych temat\u00f3w dla opozycji.<\/p>\n<p>Drugi do odstrza\u0142u jest Zbigniew \u0106wi\u0105kalski. I zn\u00f3w, partia, kt\u00f3ra obdarzy\u0142a nas ministrem Ziobro mog\u0142aby wzi\u0105\u0107 na wstrzymanie, ale nie \u2013 dyskusja na temat ministra Sprawiedliwo\u015bci jest potrzebna, jest po\u017c\u0105dana, ba, jest niezb\u0119dnie konieczna, w odr\u00f3\u017cnieniu od dyskusji na kongresie PiS, kt\u00f3ra jest niepotrzebna, ba, jest zb\u0119dna, co ja m\u00f3wi\u0119 zb\u0119dna, jest niedopuszczalna! Prohibited! Verboten! Zapreszczeno! (Te okrzyki to uk\u0142on pod adresem naszych blogowicz\u00f3w rozsianych po \u015bwiecie.)<\/p>\n<p>Wi\u0119c mamy dyskusj\u0119 o \u0106wi\u0105kalskim, kt\u00f3ra ma zast\u0105pi\u0107 dyskusj\u0119 o Dornie, Ujazdowskim i Zalewskim. Nikt Dornowi i Sp\u00f3\u0142ce nie broni dyskutowa\u0107 \u2013 przeciwnie, ich opinie s\u0105 mile widziane, bardzo potrzebne, ba, wr\u0119cz niezb\u0119dne, ale w sprawie \u0106wi\u0105kalskiego, a nie w sprawie Kaczy\u0144skiego.<\/p>\n<p>Rozkaz dzienny w sprawie \u0106wi\u0105kalskiego zaleca, \u017ceby powtarza\u0107 do znudzenia, \u017ce adwokat, cho\u0107by by\u0142 profesorem, z samej natury swojego zawodu nie mo\u017ce zosta\u0107 funkcjonariuszem pa\u0144stwowym, zw\u0142aszcza ministrem, poniewa\u017c jest to cz\u0142owiek na us\u0142ugach przest\u0119pc\u00f3w, od kt\u00f3rych w dodatku bierze pieni\u0105dze, by\u0107 mo\u017ce kradzione lub splamione krwi\u0105. Adwokat = klient. Takie jest rozumowanie PiS. Teraz dyskutanci, niewy\u017cyci na kongresie, b\u0119d\u0105 grzeba\u0107 w spisie klient\u00f3w mecenasa, w jego fakturach, w jego kancelarii, w jego wsp\u00f3lnikach, w ich klientach, opiniach i fakturach, czyli b\u0119dzie trwa\u0142 festiwal \u0106wi\u0105kalskiego.<\/p>\n<p>A\u017c nie wytrzyma i p\u0119knie \u0106wi\u0105kalski albo Tusk, kt\u00f3ry nie zechce za niego umiera\u0107. Teraz musi zdecydowa\u0107 premier \u2013 albo broni ministra, albo go po\u015bwi\u0119ca, gdy\u017c uznaje, \u017ce nie op\u0142aca si\u0119 \u0106wi\u0105kalski za wyprawk\u0119. Jakkolwiek absurdalne by\u0142yby zarzuty pod adresem \u0106wi\u0105kalskiego \u2013 politycznie i medialnie s\u0105 one no\u015bne. To gorsze ni\u017c dziadek w Wehrmachcie. W ka\u017cdej chwili pp. Brudzi\u0144ski, Gosiewski, Kempa, Kuchci\u0144ski, Putra, Szczyg\u0142o, Szczypi\u0144ska czy Ziobro mog\u0105 zastrzeli\u0107 \u0106wi\u0105kalskiego, m\u00f3wi\u0105c, \u017ce \u201eJu\u017c nigdy \u017caden przest\u0119pca nie b\u0119dzie broniony przez tego pana\u201d.<\/p>\n<p>I co im zrobimy?<\/p>\n","protected":false},"excerpt":{"rendered":"<p>Fot. Sergiusz P\u0119czek, AG Panie i Panowie, Ladies and Gentleman, Meine Damen und Herren \u2013 oto pierwszy blog na \u015bwiecie, kt\u00f3ry przynosi podsumowanie kongresu PiS jeszcze przed kongresem. \u017byjemy w czasach takiego po\u015bpiechu, takiego wy\u015bcigu medi\u00f3w, takiego b\u0142yskawicznego obiegu informacji, \u017ce nie ma co czeka\u0107 na fakty \u2013 trzeba tworzy\u0107 informacje, a fakty same przyjd\u0105. [&hellip;]<\/p>\n","protected":false},"author":4,"featured_media":0,"comment_status":"open","ping_status":"open","sticky":false,"template":"","format":"standard","meta":{"footnotes":""},"categories":[1],"tags":[],"_links":{"self":[{"href":"https:\/\/blog.polityka.pl\/passent\/wp-json\/wp\/v2\/posts\/381"}],"collection":[{"href":"https:\/\/blog.polityka.pl\/passent\/wp-json\/wp\/v2\/posts"}],"about":[{"href":"https:\/\/blog.polityka.pl\/passent\/wp-json\/wp\/v2\/types\/post"}],"author":[{"embeddable":true,"href":"https:\/\/blog.polityka.pl\/passent\/wp-json\/wp\/v2\/users\/4"}],"replies":[{"embeddable":true,"href":"https:\/\/blog.polityka.pl\/passent\/wp-json\/wp\/v2\/comments?post=381"}],"version-history":[{"count":0,"href":"https:\/\/blog.polityka.pl\/passent\/wp-json\/wp\/v2\/posts\/381\/revisions"}],"wp:attachment":[{"href":"https:\/\/blog.polityka.pl\/passent\/wp-json\/wp\/v2\/media?parent=381"}],"wp:term":[{"taxonomy":"category","embeddable":true,"href":"https:\/\/blog.polityka.pl\/passent\/wp-json\/wp\/v2\/categories?post=381"},{"taxonomy":"post_tag","embeddable":true,"href":"https:\/\/blog.polityka.pl\/passent\/wp-json\/wp\/v2\/tags?post=381"}],"curies":[{"name":"wp","href":"https:\/\/api.w.org\/{rel}","templated":true}]}}