
{"id":3811,"date":"2017-03-05T11:37:01","date_gmt":"2017-03-05T10:37:01","guid":{"rendered":"http:\/\/passent.blog.polityka.pl\/?p=3811"},"modified":"2017-03-06T17:04:45","modified_gmt":"2017-03-06T16:04:45","slug":"precz-z-polakiem-na-czele-rady-europejskiej","status":"publish","type":"post","link":"https:\/\/blog.polityka.pl\/passent\/2017\/03\/05\/precz-z-polakiem-na-czele-rady-europejskiej\/","title":{"rendered":"Precz z Polakiem na czele Rady Europejskiej!"},"content":{"rendered":"<p>Wysuni\u0119cie przez polski rz\u0105d (na otwarte \u017cyczenie PiS) kandydatury Jacka Saryusza-Wolskiego na stanowisko przewodnicz\u0105cego Rady Europejskiej to \u201egorzej ni\u017c zbrodnia \u2013 to b\u0142\u0105d\u201d.<br \/>\n<!--more--><br \/>\nPolska, maj\u0105c praktycznie zagwarantowany wyb\u00f3r na to stanowisko Donalda Tuska, oddaje prawie pewn\u0105 wygran\u0105 praktycznie nie wiadomo komu, prawdopodobnie socjalistom, z kt\u00f3rymi Kaczy\u0144skiemu normalnie nie jest po drodze. G\u0142upi wyskok z kandydatur\u0105 Saryusza-Wolskiego ma tylko jeden cel: utr\u0105ci\u0107 Tuska. <\/p>\n<p>Kolejny raz mi\u0119dzynarodowy interes Polski ma zosta\u0107 z\u0142o\u017cony na o\u0142tarzu rozgrywek krajowych. Os\u0142abi\u0107 Tuska za wszelk\u0105 cen\u0119, po to, \u017ceby nie zagra\u017ca\u0142 Kaczy\u0144skiemu po powrocie, upokorzy\u0107 go przed Polsk\u0105 i Europ\u0105 \u2013 czy\u017c to nie jest partyjniactwo w najbrudniejszym wydaniu?<\/p>\n<p>Wyobra\u017amy sobie sytuacj\u0119 odwrotn\u0105 \u2013 prawie murowanym kandydatem na drug\u0105 kadencj\u0119 przewodnicz\u0105cego RE jest Saryusz-Wolski, a mo\u017ce raczej prof. Legutko lub inny znany polityk PiS. Czy jest mo\u017cliwa ofensywa Platformy, Nowoczesnej, Kukiza, PSL przeciwko polskiemu kandydatowi? Nie chce mi si\u0119 wierzy\u0107.<\/p>\n<p>Odmawiaj\u0105c poparcia Tuskowi, PiS odchodzi od swojej zasady popierania Polak\u00f3w na stanowiska mi\u0119dzynarodowe. W dodatku oskar\u017caj\u0105c Tuska niemal o zdrad\u0119 interes\u00f3w narodowych. No, ale mniejsza o wiaro\u0142omstwo \u2013 <strong>jakie mog\u0105 by\u0107 skutki najnowszej decyzji premier Szyd\u0142o?<\/strong><\/p>\n<p>1) Tusk mimo wszystko zostaje wybrany. Skutek: o\u015bmieszenie Polski, kt\u00f3ra si\u0119 wyg\u0142upia, torpeduj\u0105c w\u0142asnego, silnego i popularnego polityka.<br \/>\n2) Saryusz-Wolski zostaje wybrany \u2013 absolutnie nierealne, rz\u0105dy i pa\u0144stwa Unii Europejskiej s\u0105 zbyt powa\u017cne, \u017ceby z dnia na dzie\u0144 wybiera\u0107 mi\u0119dzy Polakami. Nikt nie uzna stanowiska przewodnicz\u0105cego jako nale\u017cnego Polsce. Skutek: jak wy\u017cej.<br \/>\n3) Europa uznaje, \u017ce nie chce si\u0119 miesza\u0107 w wewn\u0119trzne polskie spory, kandydatura Tuska zostaje os\u0142abiona na tyle, \u017ce wygrywa \u201eten trzeci\u201d. Skutek: jak wy\u017cej.<\/p>\n<p>\u017baden realny scenariusz nie jest ju\u017c dla polskiego rz\u0105du dobry. Trio Kaczy\u0144ski\u2013Szyd\u0142o\u2013 Waszczykowski, przy wsp\u00f3\u0142pracy takich autorytet\u00f3w jak PP.  Duda, Szczerski, Legutko i inni, wyrz\u0105dzi\u0142o Polsce szkod\u0119, wy\u0142\u0105cznie z w\u0142asnej inicjatywy, kieruj\u0105c si\u0119 niskimi pobudkami. Partyjniactwo, zawi\u015b\u0107, nienawi\u015b\u0107 s\u0105 z\u0142ymi doradcami i oby nie dotkn\u0119\u0142y tych, kt\u00f3rzy je dzisiaj uprawiaj\u0105. Polska na tym tylko traci.<\/p>\n<p>PS \u017beby jeszcze pozosta\u0107 przy polityce zagranicznej. Trwa proces czyszczenia MSZ do pokole\u0144 wstecz. Nie tylko MSZ, ale r\u00f3wnie\u017c obni\u017cki rent, emerytur by\u0142ym funkcjonariuszom itd. wskazuj\u0105 na coraz ostrzejszy kurs wobec \u201eby\u0142ych\u201d.<\/p>\n<p>Prezes Kaczy\u0144ski kilkakrotnie dawa\u0142 wyraz niezadowoleniu ze zbyt wolnego procesu zmian w ministerstwie. Nowy projekt Ustawy o S\u0142u\u017cbie Zagranicznej, art. 2a.1., m\u00f3wi, \u017ce w s\u0142u\u017cbie zagranicznej \u201enie mo\u017ce by\u0107 zatrudniona osoba, kt\u00f3ra w latach 1944-1990 by\u0142a wsp\u00f3\u0142pracownikiem organ\u00f3w bezpiecze\u0144stwa pa\u0144stwa w rozumieniu Ustawy z 2006 roku\u201d. Co teraz z ambasadorem w RFN, prof. Andrzejem Przy\u0142\u0119bskim?<\/p>\n","protected":false},"excerpt":{"rendered":"<p>Wysuni\u0119cie przez polski rz\u0105d (na otwarte \u017cyczenie PiS) kandydatury Jacka Saryusza-Wolskiego na stanowisko przewodnicz\u0105cego Rady Europejskiej to \u201egorzej ni\u017c zbrodnia \u2013 to b\u0142\u0105d\u201d.<\/p>\n","protected":false},"author":4,"featured_media":0,"comment_status":"open","ping_status":"closed","sticky":false,"template":"","format":"standard","meta":{"footnotes":""},"categories":[1],"tags":[],"_links":{"self":[{"href":"https:\/\/blog.polityka.pl\/passent\/wp-json\/wp\/v2\/posts\/3811"}],"collection":[{"href":"https:\/\/blog.polityka.pl\/passent\/wp-json\/wp\/v2\/posts"}],"about":[{"href":"https:\/\/blog.polityka.pl\/passent\/wp-json\/wp\/v2\/types\/post"}],"author":[{"embeddable":true,"href":"https:\/\/blog.polityka.pl\/passent\/wp-json\/wp\/v2\/users\/4"}],"replies":[{"embeddable":true,"href":"https:\/\/blog.polityka.pl\/passent\/wp-json\/wp\/v2\/comments?post=3811"}],"version-history":[{"count":4,"href":"https:\/\/blog.polityka.pl\/passent\/wp-json\/wp\/v2\/posts\/3811\/revisions"}],"predecessor-version":[{"id":3815,"href":"https:\/\/blog.polityka.pl\/passent\/wp-json\/wp\/v2\/posts\/3811\/revisions\/3815"}],"wp:attachment":[{"href":"https:\/\/blog.polityka.pl\/passent\/wp-json\/wp\/v2\/media?parent=3811"}],"wp:term":[{"taxonomy":"category","embeddable":true,"href":"https:\/\/blog.polityka.pl\/passent\/wp-json\/wp\/v2\/categories?post=3811"},{"taxonomy":"post_tag","embeddable":true,"href":"https:\/\/blog.polityka.pl\/passent\/wp-json\/wp\/v2\/tags?post=3811"}],"curies":[{"name":"wp","href":"https:\/\/api.w.org\/{rel}","templated":true}]}}