
{"id":3816,"date":"2017-03-08T20:03:03","date_gmt":"2017-03-08T19:03:03","guid":{"rendered":"http:\/\/passent.blog.polityka.pl\/?p=3816"},"modified":"2017-03-09T07:40:54","modified_gmt":"2017-03-09T06:40:54","slug":"polska-poluje-na-tuska-a-kaczynski-na-polske","status":"publish","type":"post","link":"https:\/\/blog.polityka.pl\/passent\/2017\/03\/08\/polska-poluje-na-tuska-a-kaczynski-na-polske\/","title":{"rendered":"Polska poluje na Tuska, a Kaczy\u0144ski na Polsk\u0119"},"content":{"rendered":"<p>Obsesje prezesa Kaczy\u0144skiego szkodz\u0105 Polsce, ba, wyrz\u0105dzaj\u0105 niepowetowane straty.<br \/>\n<!--more--><br \/>\nObsesja pierwsza: Tusk. Kaczy\u0144ski nienawidzi Tuska. Powoduj\u0105 nim zazdro\u015b\u0107, odwet, zemsta. Donald Tusk jaki by\u0142 i jaki jest \u2013 ka\u017cdy widzi. Jako premier pope\u0142ni\u0142 niejeden b\u0142\u0105d (zbyt bolesna transformacja, zbyt d\u0142ugie tolerowanie Mariusza Kami\u0144skiego jako szefa CBA, niepostawienie winnych przed Trybuna\u0142em Stanu, zaniechanie w sprawie medi\u00f3w publicznych i inne), ale dzisiaj jest polskim przewodnicz\u0105cym Komisji Europejskiej.<\/p>\n<p>Kaczy\u0144ski chce go zlikwidowa\u0107 politycznie, zdyskredytowa\u0107 jako cz\u0142owieka i polityka, oddaj\u0105c jego stanowisko ka\u017cdemu, byle nie Tuskowi. W tej sprawie Kaczy\u0144ski dzia\u0142a bezsprzecznie na szkod\u0119 Polski, kompromituje nasz kraj. Przenosi polski sp\u00f3r na aren\u0119 mi\u0119dzynarodow\u0105 \u2013 czemu zawsze by\u0142 przeciwny, zwalcza polskiego kandydata \u2013 czemu zawsze by\u0142 przeciwny, jest got\u00f3w odda\u0107 fotel przewodnicz\u0105cego RE ka\u017cdemu, tylko nie Tuskowi, nie Polakowi (bo przecie\u017c Saryusz-Wolski szans nie ma).<\/p>\n<p>Gdyby od miesi\u0119cy, kana\u0142ami dyplomatycznymi, rz\u0105d kwestionowa\u0142 reelekcj\u0119 Tuska, by\u0142oby to dziwne, ale przynajmniej nie by\u0142by to skandal. Rozp\u0119tuj\u0105c awantur\u0119 przeciwko polskiemu przewodnicz\u0105cemu na kilka dni przed planowanym wyborem, Kaczy\u0144ski stwarza wra\u017cenie, \u017ce Polska to jaki\u015b niepowa\u017cny kraj, kt\u00f3ry w ostatniej chwili przypomnia\u0142 sobie, \u017ce trzeba obali\u0107 swojego by\u0142ego premiera.<\/p>\n<p>Co sobie o nas my\u015bl\u0105 inni? Rz\u0105d premier Szyd\u0142o wyrzuca sto milion\u00f3w z\u0142otych rocznie na popraw\u0119 wizerunku Polski, a jednocze\u015bnie sam go niszczy. Najlepszym sposobem poprawy wizerunku Polski jest zmiana rz\u0105du, demokratycznymi metodami, zgodnie z prawem i konstytucj\u0105, ale im pr\u0119dzej, tym lepiej. Pami\u0119tajmy, \u017ce r\u00f3wnolegle do akcji przeciw Tuskowi (\u201eniemiecki kandydat\u201d) trwa niszczenie pa\u0144stwa prawnego, Trybuna\u0142u Konstytucyjnego, Krajowej Rady S\u0105downictwa.<\/p>\n<p>Wymiar sprawiedliwo\u015bci to kolejna obsesja prezesa, wprowadzana w czyn przez Ziobr\u0119 i innych. I to wszystko rzekomo w imi\u0119 demokracji i demokratycznymi metodami: demokratycznie wybrani politycy maj\u0105 rzekomo prawo dobiera\u0107 s\u0119dzi\u00f3w wedle w\u0142asnego gustu, bo przez nich przemawia wola suwerena, maj\u0105 prawo ingerowa\u0107 w ka\u017cd\u0105 spraw\u0119. Najwy\u017csze autorytety alarmuj\u0105, \u017ce Polska przestaje by\u0107 pa\u0144stwem prawnym, ale jest to wo\u0142anie na puszczy. O tym, co jest zgodne z konstytucj\u0105, ma decydowa\u0107 prezes mgr Przy\u0142\u0119bska i dublerzy, czyli paras\u0119dziowie. Nie po to robi si\u0119 rewolucj\u0119 kulturaln\u0105, \u017ceby s\u0142ucha\u0107 Zolla czy Safjana, tylko po to, \u017ceby mianowa\u0107 swoich Safjan\u00f3w, St\u0119pni i Zoll\u00f3w.<\/p>\n<p>Kolejna obsesja \u2013 MSZ. Dok\u0142adnie tego samego dnia, kiedy polska dyplomacja staje na g\u0142owie, \u017ceby obali\u0107 polskiego przewodnicz\u0105cego Rady Europejskiej (co zreszt\u0105 mo\u017ce si\u0119 uda\u0107) i zapewni\u0107 Polsce miejsce niesta\u0142ego cz\u0142onka rady Bezpiecze\u0144stwa ONZ (rola raczej marginalna &#8211; kto dzisiaj wie, jakie kraje s\u0105 teraz niesta\u0142ymi cz\u0142onkami RB?), rz\u0105d ma projekt totalnego rozp\u0119dzenia polskiego MSZ. Prezes Kaczy\u0144ski kilkakrotnie m\u00f3wi\u0142, \u017ce zmiany w  MSZ post\u0119puj\u0105 zbyt wolno. Maj\u0105c wi\u0119kszo\u015b\u0107 w parlamencie i prezydenta w gar\u015bci, odwo\u0142ano i mianowano dziesi\u0105tki ambasador\u00f3w, nie m\u00f3wi\u0105c o pracownikach innych szczebli.<\/p>\n<p>I co? I nic. Pojawia si\u0119 ambasador w RFN, prof. Przy\u0142\u0119bski, z kt\u00f3rym nie wiadomo co zrobi\u0107 \u2013 odwo\u0142a\u0107, bo by\u0142 TW, bo kr\u0119ci\u0142, czy zostawi\u0107, bo jest \u201enasz\u201d? (&#8222;Przede wszystkim niech Wolfgang odda nagrod\u0119 Nobla&#8221; &#8211; zauwa\u017cy\u0142a bliska mi felietonistka). Okazuje si\u0119, \u017ce trzeba zweryfikowa\u0107 wszystkich, wszystkich zwolni\u0107, niekt\u00f3rych zatrudni\u0107 ponownie (ale przede wszystkim swoich), pozosta\u0142ych rozp\u0119dzi\u0107 na wszystkie wiatry.<\/p>\n<p>Na marginesie: w tych dniach wa\u017c\u0105 si\u0119 losy polskiej kampanii przeciw Tuskowi. Co sobie my\u015bl\u0105 dyplomaci innych pa\u0144stw, kiedy Polska rozp\u0119dza w\u0142asny MSZ i zwalcza \u201eswojego\u201d przewodnicz\u0105cego Rady Europejskiej? I co my\u015ble\u0107 o tym, \u017ce akurat dzisiaj pos\u0142anka PiS Ma\u0142gorzata Wassermann, przewodnicz\u0105ca komisji do sprawy Amber Gold, m\u00f3wi, \u017ce s\u0105 przes\u0142uchania, kt\u00f3re \u201eobci\u0105\u017caj\u0105 Micha\u0142a Tuska\u201d, syna by\u0142ego premiera.<\/p>\n<p>Polska poluje na Tuska, a Kaczy\u0144ski na Polsk\u0119.<\/p>\n","protected":false},"excerpt":{"rendered":"<p>Obsesje prezesa Kaczy\u0144skiego szkodz\u0105 Polsce, ba, wyrz\u0105dzaj\u0105 niepowetowane straty.<\/p>\n","protected":false},"author":4,"featured_media":0,"comment_status":"open","ping_status":"closed","sticky":false,"template":"","format":"standard","meta":{"footnotes":""},"categories":[1],"tags":[],"_links":{"self":[{"href":"https:\/\/blog.polityka.pl\/passent\/wp-json\/wp\/v2\/posts\/3816"}],"collection":[{"href":"https:\/\/blog.polityka.pl\/passent\/wp-json\/wp\/v2\/posts"}],"about":[{"href":"https:\/\/blog.polityka.pl\/passent\/wp-json\/wp\/v2\/types\/post"}],"author":[{"embeddable":true,"href":"https:\/\/blog.polityka.pl\/passent\/wp-json\/wp\/v2\/users\/4"}],"replies":[{"embeddable":true,"href":"https:\/\/blog.polityka.pl\/passent\/wp-json\/wp\/v2\/comments?post=3816"}],"version-history":[{"count":4,"href":"https:\/\/blog.polityka.pl\/passent\/wp-json\/wp\/v2\/posts\/3816\/revisions"}],"predecessor-version":[{"id":3821,"href":"https:\/\/blog.polityka.pl\/passent\/wp-json\/wp\/v2\/posts\/3816\/revisions\/3821"}],"wp:attachment":[{"href":"https:\/\/blog.polityka.pl\/passent\/wp-json\/wp\/v2\/media?parent=3816"}],"wp:term":[{"taxonomy":"category","embeddable":true,"href":"https:\/\/blog.polityka.pl\/passent\/wp-json\/wp\/v2\/categories?post=3816"},{"taxonomy":"post_tag","embeddable":true,"href":"https:\/\/blog.polityka.pl\/passent\/wp-json\/wp\/v2\/tags?post=3816"}],"curies":[{"name":"wp","href":"https:\/\/api.w.org\/{rel}","templated":true}]}}