
{"id":3822,"date":"2017-03-09T18:19:25","date_gmt":"2017-03-09T17:19:25","guid":{"rendered":"http:\/\/passent.blog.polityka.pl\/?p=3822"},"modified":"2017-03-09T18:51:01","modified_gmt":"2017-03-09T17:51:01","slug":"wazne-zwyciestwo-drogo-okupione","status":"publish","type":"post","link":"https:\/\/blog.polityka.pl\/passent\/2017\/03\/09\/wazne-zwyciestwo-drogo-okupione\/","title":{"rendered":"Wa\u017cne zwyci\u0119stwo \u2013 drogo okupione"},"content":{"rendered":"<p>Bezpardonowe zwyci\u0119stwo polskiego przewodnicz\u0105cego Rady Europejskiej, Donalda Tuska, to radosna chwila w tych czasach niezbyt pogodnych i fortunnych dla naszego kraju. Ju\u017c sam wyb\u00f3r Tuska w 2014 roku, na pierwsz\u0105 kadencj\u0119, by\u0142 sukcesem Polski i by\u0142ego premiera. Potwierdzenie tego wyboru przez 27 pa\u0144stw, kt\u00f3re obserwowa\u0142y dzia\u0142alno\u015b\u0107 Tuska co dzie\u0144, to osi\u0105gni\u0119cie nie mniejsze.<br \/>\n<!--more--><br \/>\nCa\u0142a kampania oszczerstw i dyskredytacji, rozp\u0119tana przez rz\u0105d i prawic\u0119 (\u201eniemiecki kandydat\u201d, \u201ekandydat elit\u201d, \u201eniczego dobrego nie zrobi\u0142 dla Polski\u201d, czekaj\u0105 go zarzuty karne, kamerdyner Angeli Merkel, ingerowa\u0142 w wewn\u0119trzne sprawy Polski, le\u0144 patentowany) wyl\u0105dowa\u0142a w \u015bmietniku.<\/p>\n<p>Zamiast kompromitacji Tuska mamy kompromitacj\u0119 polskiej dyplomacji. Nie mamy si\u0119 z czego cieszy\u0107. Polska oficjalna, Polska Kaczy\u0144skiego, Szyd\u0142o, Waszczykowskiego \u2013 rujnuje wizerunek naszego kraju, kt\u00f3ry rzuci\u0142 wszystkie swoje si\u0142y przeciwko rodakowi na jednym z najwa\u017cniejszych stanowisk w Europie. Rz\u0105d tr\u0105bi\u0142 wszem wobec, \u017ce wstajemy z kolan, stajemy si\u0119 licz\u0105cym graczem, nasz g\u0142os si\u0119 liczy, a okaza\u0142o si\u0119, \u017ce jeste\u015bmy nic nielicz\u0105cym si\u0119 partaczem. 27:1 to wynik jeszcze gorszy, ni\u017c uzyskali wczoraj gracze PSG w meczu z Barcelon\u0105.<\/p>\n<p>Po takiej spektakularnej pora\u017cce premier Szyd\u0142o i minister spraw zagranicznych powinni poda\u0107 si\u0119 do dymisji. Mo\u017ce te\u017c wreszcie otworzy usta prezydent Duda, kt\u00f3ry trzyma si\u0119 z daleka od polskiej awantury w Unii Europejskiej, a kt\u00f3ry ma kompetencje i wsp\u00f3\u0142odpowiedzialno\u015b\u0107 za polityk\u0119 zagraniczn\u0105. Na razie abdykowa\u0142 ze swojej roli \u2013 mo\u017ce kl\u0119ska i szok w Brukseli go obudzi?<\/p>\n<p>Ob\u00f3z w\u0142adzy nie przyzna si\u0119 do kl\u0119ski. B\u0119d\u0105 nadal poni\u017ca\u0107 Tuska, dyskredytowa\u0107 jego i jego rodzin\u0119, niezale\u017cne media, kt\u00f3re opowiada\u0142y si\u0119 po jego stronie. Wielkim przegranym w Brukseli jest tylko Polska oficjalna, rz\u0105dz\u0105ca. K\u0142adzie si\u0119 jednak cieniem na wizerunku ca\u0142ego kraju. Europa pokaza\u0142a, co my\u015bli o Kaczy\u0144skim i o Tusku, o dw\u00f3ch obozach w polskiej polityce. Sromotnie przegrany jest Jacek Saryusz-Wolski, do niedawna ciesz\u0105cy si\u0119 szacunkiem i opini\u0105 \u015bwietnego fachowca w sprawach europejskich, a obecnie budz\u0105cy zdumienie z powodu wolty, jak\u0105 wykona\u0142. Fotel ministra czy nawet premiera mu tego nie zrekompensuje. Plamy nic ju\u017c nie zma\u017ce.<\/p>\n<p>Jak wiadomo, rz\u0105d ko\u0144czy prace nad Ustaw\u0105 o s\u0142u\u017cbie zagranicznej. Projekt, kt\u00f3ry lada tydzie\u0144 stanie si\u0119 ustaw\u0105, przewiduje zwolnienie wszystkich pracownik\u00f3w MSZ i p\u00f3\u0142roczn\u0105 weryfikacj\u0119, po kt\u00f3rej cz\u0119\u015b\u0107 mo\u017ce otrzyma\u0107 propozycj\u0119 powrotu do pracy. Dzisiaj w Brukseli zobaczyli\u015bmy, jak dzia\u0142a polska dyplomacja. Jej kierownictwo powinno pierwsze pa\u015b\u0107 ofiar\u0105 nowej ustawy.<\/p>\n<p>Trudno oceni\u0107 szkody na wizerunku Polski, jakie wyrz\u0105dzi\u0142 polski rz\u0105d. Rz\u0105d przeznacza sto milion\u00f3w z\u0142otych rocznie na napraw\u0119 wizerunku. Najlepsze (i najta\u0144sze), co mo\u017ce po tej aferze zrobi\u0107, to dymisja premier i ministra spraw zagranicznych. Sami tego chcieli.<\/p>\n","protected":false},"excerpt":{"rendered":"<p>Bezpardonowe zwyci\u0119stwo polskiego przewodnicz\u0105cego Rady Europejskiej, Donalda Tuska, to radosna chwila w tych czasach niezbyt pogodnych i fortunnych dla naszego kraju. Ju\u017c sam wyb\u00f3r Tuska w 2014 roku, na pierwsz\u0105 kadencj\u0119, by\u0142 sukcesem Polski i by\u0142ego premiera. Potwierdzenie tego wyboru przez 27 pa\u0144stw, kt\u00f3re obserwowa\u0142y dzia\u0142alno\u015b\u0107 Tuska co dzie\u0144, to osi\u0105gni\u0119cie nie mniejsze.<\/p>\n","protected":false},"author":4,"featured_media":0,"comment_status":"open","ping_status":"closed","sticky":false,"template":"","format":"standard","meta":{"footnotes":""},"categories":[1],"tags":[],"_links":{"self":[{"href":"https:\/\/blog.polityka.pl\/passent\/wp-json\/wp\/v2\/posts\/3822"}],"collection":[{"href":"https:\/\/blog.polityka.pl\/passent\/wp-json\/wp\/v2\/posts"}],"about":[{"href":"https:\/\/blog.polityka.pl\/passent\/wp-json\/wp\/v2\/types\/post"}],"author":[{"embeddable":true,"href":"https:\/\/blog.polityka.pl\/passent\/wp-json\/wp\/v2\/users\/4"}],"replies":[{"embeddable":true,"href":"https:\/\/blog.polityka.pl\/passent\/wp-json\/wp\/v2\/comments?post=3822"}],"version-history":[{"count":3,"href":"https:\/\/blog.polityka.pl\/passent\/wp-json\/wp\/v2\/posts\/3822\/revisions"}],"predecessor-version":[{"id":3825,"href":"https:\/\/blog.polityka.pl\/passent\/wp-json\/wp\/v2\/posts\/3822\/revisions\/3825"}],"wp:attachment":[{"href":"https:\/\/blog.polityka.pl\/passent\/wp-json\/wp\/v2\/media?parent=3822"}],"wp:term":[{"taxonomy":"category","embeddable":true,"href":"https:\/\/blog.polityka.pl\/passent\/wp-json\/wp\/v2\/categories?post=3822"},{"taxonomy":"post_tag","embeddable":true,"href":"https:\/\/blog.polityka.pl\/passent\/wp-json\/wp\/v2\/tags?post=3822"}],"curies":[{"name":"wp","href":"https:\/\/api.w.org\/{rel}","templated":true}]}}