
{"id":3827,"date":"2017-03-12T18:19:13","date_gmt":"2017-03-12T17:19:13","guid":{"rendered":"http:\/\/passent.blog.polityka.pl\/?p=3827"},"modified":"2017-03-12T19:16:25","modified_gmt":"2017-03-12T18:16:25","slug":"dobra-mina-do-zlej-gry","status":"publish","type":"post","link":"https:\/\/blog.polityka.pl\/passent\/2017\/03\/12\/dobra-mina-do-zlej-gry\/","title":{"rendered":"Dobra mina do z\u0142ej gry"},"content":{"rendered":"<p>Huczne powitanie, jakie ob\u00f3z rz\u0105dz\u0105cy zgotowa\u0142 pani premier powracaj\u0105cej z Brukseli, wytycza\u0142o kierunek natarcia: kl\u0119sk\u0119 przeku\u0107 w sukces. Sama pani Szyd\u0142o, z nar\u0119czem bia\u0142o-czerwonych kwiat\u00f3w (chyba 27 sztuk), powiedzia\u0142a, \u017ce to nie jest pora\u017cka \u2013 to jest zwyci\u0119stwo.<br \/>\n<!--more--><br \/>\nInni wt\u00f3rowali: pokazali\u015bmy, \u017ce Polski trzeba s\u0142ucha\u0107, bronili\u015bmy zasad, nie ugi\u0119li\u015bmy si\u0119 przed sil\u0105, \u201epremier zareagowa\u0142a w jedyny spos\u00f3b, w jaki mog\u0142a\u201d (prezydent Duda), \u201epora\u017cka, ale Unii Europejskiej\u201d (Jacek Sasin), \u201epremier Szyd\u0142o odwa\u017cy\u0142a si\u0119 powiedzie\u0107: cesarz jest nagi\u201d (prof. Andrzej Nowak).<\/p>\n<p>Ob\u00f3z rz\u0105dz\u0105cy by\u0142 chyba zaskoczony rozmiarem kl\u0119ski i nie pr\u00f3bowa\u0142 znale\u017a\u0107 dla niej racjonalnego wyt\u0142umaczenia. Chyba nieliczni wierzyli, \u017ce uda si\u0119 przepcha\u0107 Saryusza-Wolskiego na stanowisko przewodnicz\u0105cego Rady Europejskiej, wi\u0119kszo\u015b\u0107 s\u0105dzi\u0142a zapewne, \u017ce uda si\u0119 utr\u0105ci\u0107 Tuska, a to ju\u017c by\u0142by sukces Kaczy\u0144skiego (cho\u0107 przegrana Polski, ale partia jest wa\u017cniejsza). W obozie w\u0142adzy nie pojawi\u0142 si\u0119 nikt, kto by zapowiada\u0142 kompromituj\u0105c\u0105 kl\u0119sk\u0119. Tak\u017ce po fakcie obowi\u0105zuje dobre samopoczucie.<\/p>\n<p>Psuj\u0105 je nieliczni. Dr Pawe\u0142 Kowal, by\u0142y sekretarz stanu w MSZ IV RP, obecnie pracownik naukowy, bardzo ostro\u017cny i pow\u015bci\u0105gliwy, gdy chodzi o krytyk\u0119 PiS, tym razem wyrazi\u0142 zdumienie, \u017ce w\u0142adza nie wyci\u0105ga wniosk\u00f3w, \u017ce a\u017c 27 pa\u0144stw g\u0142osowa\u0142o przeciw niej. Na wi\u0119cej szczero\u015bci pozwalaj\u0105 sobie niekt\u00f3rzy publicy\u015bci niepokorni. Piotr Skwieci\u0144ski pisze w internecie, \u017ce \u201eto nie koniec \u015bwiata\u201d, ale PiS poni\u00f3s\u0142 \u201edotkliw\u0105 pora\u017ck\u0119\u201d, zar\u00f3wno na froncie wewn\u0119trznym, jak i zewn\u0119trznym. W kraju kampania przeciwko Tuskowi mia\u0142a go os\u0142abi\u0107, skompromitowa\u0107, pozbawi\u0107 szans w polityce wewn\u0119trznej. Za granic\u0105 \u201eakcja Tusk\u201d mia\u0142a \u201eudowodni\u0107, \u017ce Polska jest powa\u017cnym graczem\u201d. Nie powiod\u0142o si\u0119 ani jedno, ani drugie.<\/p>\n<p>Podobne g\u0142osy nale\u017c\u0105 po stronie rz\u0105dz\u0105cej do rzadko\u015bci. Obowi\u0105zuje dobra mina, udawane chyba zadowolenie z niew\u0105tpliwej pora\u017cki, przekonanie, \u017ce nale\u017cy wydarzenie wyciszy\u0107 i jak najszybciej ruszy\u0107 do ataku. Przeciwko Tuskowi (Jaros\u0142aw Sellin: \u201eTo polityk niezbyt ambitny i nieobdarzony zbyt silnym instynktem pa\u0144stwowym\u201d), przeciwko \u015brodowisku s\u0119dziowskiemu, \u017ceby z\u0142ama\u0107 jego niezale\u017cno\u015b\u0107. Odwr\u00f3ceniu uwagi od kl\u0119ski w wyborze przewodnicz\u0105cego UE maj\u0105 tak\u017ce s\u0142u\u017cy\u0107 kolejne rewelacje w sprawie Smole\u0144ska, zapowiadane ju\u017c po raz nie wiadomo kt\u00f3ry.<\/p>\n<p>Zabra\u0142 tak\u017ce g\u0142os Jacek Saryusz-Wolski. \u201eKandydowa\u0142em, \u017ceby zaprotestowa\u0107 przeciwko oszczerczym, znies\u0142awiaj\u0105cym oskar\u017ceniom polskiej demokracji, kt\u00f3re Donald Tusk autoryzowa\u0142\u201d. Saryusz-Wolski pozostaje niez\u0142omny, \u017cadnej refleksji z powodu pora\u017cki. Na razie nic nie wskazuje na to, by pod wp\u0142ywem swojej pierwszej tak du\u017cej kl\u0119ski rz\u0105d zamierza\u0142 cokolwiek (lub kogokolwiek) zmieni\u0107. Polacy \u2013 nic si\u0119 nie sta\u0142o. \u017badnych zmian w kierownictwie MSZ nie b\u0119dzie \u2013 poinformowa\u0142a premier Szyd\u0142o, a ona sama otrzyma\u0142a wyrazy najwy\u017cszego uznania ze strony prezesa. Czyli wszystko po staremu.<\/p>\n<p>Pocieszaj\u0105ce s\u0105 natomiast sygna\u0142y, \u017ce Polska nie zamierza si\u0119 obra\u017ca\u0107 na Uni\u0119 ani sabotowa\u0107 jej decyzji. Dobre i to. Ja sam nie wierz\u0119, \u017ce prezes Kaczy\u0144ski chce wyprowadzi\u0107 Polsk\u0119 z Unii. Raczej chce wyprowadzi\u0107 Uni\u0119 z Polski. Czerpa\u0107 z Unii wszelkie korzy\u015bci, ale bez koncesji i zobowi\u0105za\u0144. Czyli zje\u015b\u0107 ciastko i mie\u0107 ciastko. Po\u017cyjemy \u2013 zobaczymy.<\/p>\n<p>Przewiduj\u0119, \u017ce lada dzie\u0144 w sklepach pojawi\u0105 si\u0119 broszki z napisem \u201e27:1\u201d. Kto\u015b dobrze na tej kl\u0119sce zarobi.<\/p>\n","protected":false},"excerpt":{"rendered":"<p>Huczne powitanie, jakie ob\u00f3z rz\u0105dz\u0105cy zgotowa\u0142 pani premier powracaj\u0105cej z Brukseli, wytycza\u0142o kierunek natarcia: kl\u0119sk\u0119 przeku\u0107 w sukces. Sama pani Szyd\u0142o, z nar\u0119czem bia\u0142o-czerwonych kwiat\u00f3w (chyba 27 sztuk), powiedzia\u0142a, \u017ce to nie jest pora\u017cka \u2013 to jest zwyci\u0119stwo.<\/p>\n","protected":false},"author":4,"featured_media":0,"comment_status":"open","ping_status":"closed","sticky":false,"template":"","format":"standard","meta":{"footnotes":""},"categories":[1],"tags":[],"_links":{"self":[{"href":"https:\/\/blog.polityka.pl\/passent\/wp-json\/wp\/v2\/posts\/3827"}],"collection":[{"href":"https:\/\/blog.polityka.pl\/passent\/wp-json\/wp\/v2\/posts"}],"about":[{"href":"https:\/\/blog.polityka.pl\/passent\/wp-json\/wp\/v2\/types\/post"}],"author":[{"embeddable":true,"href":"https:\/\/blog.polityka.pl\/passent\/wp-json\/wp\/v2\/users\/4"}],"replies":[{"embeddable":true,"href":"https:\/\/blog.polityka.pl\/passent\/wp-json\/wp\/v2\/comments?post=3827"}],"version-history":[{"count":4,"href":"https:\/\/blog.polityka.pl\/passent\/wp-json\/wp\/v2\/posts\/3827\/revisions"}],"predecessor-version":[{"id":3831,"href":"https:\/\/blog.polityka.pl\/passent\/wp-json\/wp\/v2\/posts\/3827\/revisions\/3831"}],"wp:attachment":[{"href":"https:\/\/blog.polityka.pl\/passent\/wp-json\/wp\/v2\/media?parent=3827"}],"wp:term":[{"taxonomy":"category","embeddable":true,"href":"https:\/\/blog.polityka.pl\/passent\/wp-json\/wp\/v2\/categories?post=3827"},{"taxonomy":"post_tag","embeddable":true,"href":"https:\/\/blog.polityka.pl\/passent\/wp-json\/wp\/v2\/tags?post=3827"}],"curies":[{"name":"wp","href":"https:\/\/api.w.org\/{rel}","templated":true}]}}