
{"id":3832,"date":"2017-03-16T23:02:34","date_gmt":"2017-03-16T22:02:34","guid":{"rendered":"http:\/\/passent.blog.polityka.pl\/?p=3832"},"modified":"2017-03-16T23:49:29","modified_gmt":"2017-03-16T22:49:29","slug":"precz-z-niemcami","status":"publish","type":"post","link":"https:\/\/blog.polityka.pl\/passent\/2017\/03\/16\/precz-z-niemcami\/","title":{"rendered":"Precz z Niemcami!"},"content":{"rendered":"<p>Wojna z Niemcami wisi w powietrzu. Na ok\u0142adce \u201eGazety Polskiej\u201d Donald Tusk w mundurze \u017co\u0142nierza Wehrmachtu (odziedziczonym chyba po dziadku) na tle tramwaju z napisem \u201eTylko dla Niemc\u00f3w\u201d. Za Tuskiem z tramwaju wysiada Angela Merkel, ale po cywilnemu. Widocznie redaktorom zabrak\u0142o odwagi, by kanclerz Niemiec r\u00f3wnie\u017c przebra\u0107 za \u017co\u0142nierza armii hitlerowskiej.<br \/>\n<!--more--><br \/>\nAle tekst redaktora naczelnego, T. Sakiewicza, nie pozostawia w\u0105tpliwo\u015bci. &#8222;Pr\u00f3ba obalenia rz\u0105du wspierana przez unijnych, a przede wszystkim niemieckich polityk\u00f3w nie uda\u0142a si\u0119, cho\u0107 na pewno kolejne b\u0119d\u0105 podejmowane \u2013 pisze redaktor. \u2013 Pod wp\u0142ywem Berlina zrezygnowali\u015bmy za czas\u00f3w PO z polityki wschodniej \u2013 kontynuuje. \u2013 Niemcy mog\u0142y da\u0107 pokaz si\u0142y i wybra\u0107 nieakceptowanego przez polskie w\u0142adze Donalda Tuska na nic nieznacz\u0105ce stanowisko szefa rady Europejskiej, ale nie mog\u0105 ju\u017c wybiera\u0107 polskich w\u0142adz\u201d \u2013 zapewnia Sakiewicz.<\/p>\n<p>Kierunek antyniemiecki, wskazany przez prezesa Kaczy\u0144skiego, jest realizowany przez zaprzyja\u017anione media. \u201eJaros\u0142aw Kaczy\u0144ski, kt\u00f3ry w wywiadzie udzielonym \u00bbGP\u00ab nazwa\u0142 Donalda Tuska \u00bbniemieckim kandydatem\u00ab, mia\u0142 niew\u0105tpliwie racj\u0119. By\u0142y lider PO zosta\u0142 ponownie szefem rady Europejskiej wy\u0142\u0105cznie w wyniku presji Berlina\u201d \u2013 pisze G. Wierzcho\u0142owski, redaktor naczelny niezale\u017cna.pl.<\/p>\n<p>Wyb\u00f3r Donalda Tuska, \u201eodtr\u0105biony triumfalnie przez polsk\u0105 opozycj\u0119 i pokazywany jako \u00bbsukces\u00ab, jest wyborem smutnym, bo dokonanym niemieck\u0105 r\u0119k\u0105. To znak pogardy dla naszego pa\u0144stwa\u201d \u2013 ubolewa Tomasz \u0141ysiak.<\/p>\n<p>Ob\u00f3z rz\u0105dz\u0105cy wykopa\u0142 top\u00f3r wojenny przeciwko Niemcom i biega z nim po Europie. Tusk to \u201eniemiecki kandydat\u201d, \u201ewybrany przez Niemcy\u201d, powinien wyst\u0105pi\u0107 o niemieckie obywatelstwo, a Niemcy to nieszcz\u0119\u015bcie dla Polski. Sprzyjali nawet rozwojowi energii wiatrowej w Polsce, bo na niej zarabiaj\u0105, wszak s\u0105 producentami turbin wiatrowych. Na szcz\u0119\u015bcie odchodzimy od nieszcz\u0119snej OZE (odnawialne \u017ar\u00f3d\u0142a energii) na rzecz polskiego w\u0119gla.<\/p>\n<p>Niemcy wedle \u201eGazety Polskiej\u201d szkodz\u0105 nam na ka\u017cdym kroku, podst\u0119pnie finansuj\u0105 nawet niewinnie wygl\u0105daj\u0105cy fundacje i \u201efabryki my\u015bli\u201d (think tanki). &#8222;Niemieckie fundacje finansuj\u0105 dzi\u015b polskich ekolog\u00f3w, kt\u00f3rzy wraz z PO domagaj\u0105 si\u0119 rozwi\u0105za\u0144 korzystnych dla Berlina\u2026 Fundacja Adenauera wspiera Centrum Stosunk\u00f3w Mi\u0119dzynarodowych, Instytut Studi\u00f3w Strategicznych i inne podejrzane ekspozytury Bundesrepubliki. Donald Tusk otrzyma\u0142 nagrod\u0119 Rathenauera, a rok wcze\u015bniej tytu\u0142 Europejczyka Roku. Z kolei W\u0142adys\u0142aw Bartoszewski by\u0142 laureatem fundacji Roberta Boscha \u00bbza rol\u0119 w kszta\u0142towaniu stosunk\u00f3w polsko-niemieckich\u00ab\u201d itd. itp.<\/p>\n<p>Antyniemiecka histeria powinna zmusi\u0107 do my\u015blenia. Z kim mamy utrzymywa\u0107 dobre stosunki, je\u015bli nie z naszym najwi\u0119kszym partnerem gospodarczym i s\u0105siadem? Czy mamy prawo rujnowa\u0107 dorobek 70 lat powojennych, kiedy uda\u0142o si\u0119 odbudowa\u0107 stosunki polsko-niemieckie? Czy Polska ma zerwa\u0107 z Berlinem  i by\u0107 samotna pomi\u0119dzy dwoma wrogami \u2013 Rosj\u0105 i Niemcami? Odosobniona w Unii Europejskiej, w kt\u00f3rej Berlin odgrywa najwa\u017cniejsz\u0105 rol\u0119, izolowana w  \u015bwiecie, od kt\u00f3rego odwraca si\u0119 Ameryka Donalda Trumpa?<\/p>\n<p>O co chodzi zwolennikom antyniemieckiej krucjaty? Czy po to, \u017ceby obrzydzi\u0107 Tuska, warto obra\u017ca\u0107 si\u0119 na Niemcy? I kto ma udzieli\u0107 Polsce poparcia w najbli\u017cszej perspektywie bud\u017cetowej?<\/p>\n<p>Cynizm czy g\u0142upota?<\/p>\n","protected":false},"excerpt":{"rendered":"<p>Wojna z Niemcami wisi w powietrzu. Na ok\u0142adce \u201eGazety Polskiej\u201d Donald Tusk w mundurze \u017co\u0142nierza Wehrmachtu (odziedziczonym chyba po dziadku) na tle tramwaju z napisem \u201eTylko dla Niemc\u00f3w\u201d. Za Tuskiem z tramwaju wysiada Angela Merkel, ale po cywilnemu. Widocznie redaktorom zabrak\u0142o odwagi, by kanclerz Niemiec r\u00f3wnie\u017c przebra\u0107 za \u017co\u0142nierza armii hitlerowskiej.<\/p>\n","protected":false},"author":4,"featured_media":0,"comment_status":"open","ping_status":"closed","sticky":false,"template":"","format":"standard","meta":{"footnotes":""},"categories":[1],"tags":[],"_links":{"self":[{"href":"https:\/\/blog.polityka.pl\/passent\/wp-json\/wp\/v2\/posts\/3832"}],"collection":[{"href":"https:\/\/blog.polityka.pl\/passent\/wp-json\/wp\/v2\/posts"}],"about":[{"href":"https:\/\/blog.polityka.pl\/passent\/wp-json\/wp\/v2\/types\/post"}],"author":[{"embeddable":true,"href":"https:\/\/blog.polityka.pl\/passent\/wp-json\/wp\/v2\/users\/4"}],"replies":[{"embeddable":true,"href":"https:\/\/blog.polityka.pl\/passent\/wp-json\/wp\/v2\/comments?post=3832"}],"version-history":[{"count":3,"href":"https:\/\/blog.polityka.pl\/passent\/wp-json\/wp\/v2\/posts\/3832\/revisions"}],"predecessor-version":[{"id":3835,"href":"https:\/\/blog.polityka.pl\/passent\/wp-json\/wp\/v2\/posts\/3832\/revisions\/3835"}],"wp:attachment":[{"href":"https:\/\/blog.polityka.pl\/passent\/wp-json\/wp\/v2\/media?parent=3832"}],"wp:term":[{"taxonomy":"category","embeddable":true,"href":"https:\/\/blog.polityka.pl\/passent\/wp-json\/wp\/v2\/categories?post=3832"},{"taxonomy":"post_tag","embeddable":true,"href":"https:\/\/blog.polityka.pl\/passent\/wp-json\/wp\/v2\/tags?post=3832"}],"curies":[{"name":"wp","href":"https:\/\/api.w.org\/{rel}","templated":true}]}}