
{"id":3848,"date":"2017-03-26T17:48:07","date_gmt":"2017-03-26T15:48:07","guid":{"rendered":"http:\/\/passent.blog.polityka.pl\/?p=3848"},"modified":"2017-03-27T08:19:57","modified_gmt":"2017-03-27T06:19:57","slug":"tylem-do-przodu-czyli-meki-platformy","status":"publish","type":"post","link":"https:\/\/blog.polityka.pl\/passent\/2017\/03\/26\/tylem-do-przodu-czyli-meki-platformy\/","title":{"rendered":"Ty\u0142em do przodu, czyli m\u0119ki Platformy"},"content":{"rendered":"<p>W pierwszym szeregu manifestacji \u201eKocham ci\u0119 Europo\u201d kroczyli m.in. pos\u0142owie Platformy Obywatelskiej do Parlamentu Europejskiego. Manifestowali za Uni\u0105, za Europ\u0105 otwart\u0105 i demokratyczn\u0105, za Polsk\u0105 w Unii itd. itp.<br \/>\n<!--more--><br \/>\nWszystko to wygl\u0105da pi\u0119knie, ale niedawne (14 marca) g\u0142osowanie w Parlamencie Europejskim nad rezolucj\u0105 w sprawie r\u00f3wno\u015bci kobiet i m\u0119\u017cczyzn w UE pokazuje, \u017ce niekt\u00f3rzy europos\u0142owie prezentuj\u0105 si\u0119 w Polsce jako szermierze r\u00f3wnouprawnienia, a w Brukseli\u2026 wstrzymuj\u0105 si\u0119 od g\u0142osu. Id\u0105 ty\u0142em do przodu.  <\/p>\n<p>Wi\u0119kszo\u015b\u0107 delegacji PO wstrzyma\u0142a si\u0119 od g\u0142osu \u2013 w\u015br\u00f3d nich Danuta H\u00fcbner (szefowa gabinetu cieni Kongresu Kobiet), Micha\u0142 Boni, Jerzy Buzek, Agnieszka Koz\u0142owska-Rajewicz (by\u0142a pe\u0142nomocniczka ds. nier\u00f3wnego statusu kobiet i m\u0119\u017cczyzn).<\/p>\n<p>Pod wp\u0142ywem protest\u00f3w oraz docieka\u0144 medi\u00f3w niekt\u00f3rzy europos\u0142owie zmienili zdanie lub prze\u017cywaj\u0105 rozterk\u0119. Profesor Danuta H\u00fcbner zapewnia\u0142a, m.in. w Radiu TOK FM, i\u017c\u2026 pomyli\u0142a si\u0119. W osobnym o\u015bwiadczeniu eurodeputowana pisze: \u201eOtrzyma\u0142am od Pa\u0144stwa wczoraj wiele opinii wyra\u017caj\u0105cych zaskoczenie moim wstrzymaniem si\u0119 od g\u0142osu (\u2026). By\u0142a to moja nieintencjonalna pomy\u0142ka. Bardzo Pa\u0144stwa przepraszam za konfuzj\u0119, jak\u0105 ona spowodowa\u0142a. Deklaruj\u0119 swoje pe\u0142ne poparcie dla rezolucji w formie, w jakiej zosta\u0142a ona poddana pod g\u0142osowanie. Poprosi\u0142am odpowiednie s\u0142u\u017cby Parlamentu o zmian\u0119 mojego g\u0142osu na TAK\u2026\u201d.<\/p>\n<p>Michal Boni, kt\u00f3ry mia\u0142 tak du\u017co zastrze\u017ce\u0144 wobec rezolucji (\u201enarusza zasad\u0119 subsydiarno\u015bci\u201d, mia\u0142a z\u0142\u0105 konstrukcj\u0119, miesza\u0142a rzeczy wa\u017cne i mniej wa\u017cne), wi\u0119c si\u0119 wstrzyma\u0142 od g\u0142osu \u2013 przeczyta\u0142 rezolucj\u0119 \u201edok\u0142adnie jeszcze raz\u201d. I wyci\u0105gaj\u0105c wnioski \u2013 omin\u0105\u0142by w\u0105tpliwo\u015bci, \u201enie wstrzyma\u0142bym si\u0119, ale zag\u0142osowa\u0142 za\u201d.<\/p>\n<p>W\u015br\u00f3d tych, kt\u00f3re si\u0119 wstrzyma\u0142y, s\u0105 m.in. R\u00f3\u017ca Thun i Agnieszka Koz\u0142owska-Rajewicz. Obie t\u0142umacz\u0105 si\u0119 nieprzekonuj\u0105co. Thun: W rezolucji jest mn\u00f3stwo punkt\u00f3w, co do kt\u00f3rych parlament nie ma \u017cadnych kompetencji, nie ma gestii wsp\u00f3lnej (aborcja, zwi\u0105zki partnerskie). ALE kilka zda\u0144 dalej Ro\u017ca Thun \u0142agodzi swoje stanowisko: \u201eNie wykluczam, \u017ce musz\u0119 to przemy\u015ble\u0107\u201d. Szkoda, \u017ce pani Thun nie przemy\u015bla\u0142a sprawy, ZANIM wstrzyma\u0142a si\u0119 od g\u0142osu.<\/p>\n<p>Profesor Monika P\u0142atek \u2013 znakomita prawniczka i dzia\u0142aczka na rzecz r\u00f3wnouprawnienia &#8211; da\u0142a obszerne om\u00f3wienie i analiz\u0119 rezolucji, kt\u00f3r\u0105 ocenia jako \u201ewyj\u0105tkowo wywa\u017con\u0105\u201d, kt\u00f3ra zach\u0119ca pa\u0144stwa UE do eliminacji przemocy wobec kobiet, dyskryminacji, handlu lud\u017ami, nier\u00f3wno\u015bci p\u0142ac wobec kobiet itd. \u201eTo nie s\u0105 sprawy narzucane Polsce przez UE. To jest mechanizm realizowania polskiego porz\u0105dku prawnego\u2026\u201d \u2013 stwierdza prof. P\u0142atek.<\/p>\n<p>Narracja eurodeputowanych, kt\u00f3rzy g\u0142osowali przeciw lub si\u0119 wstrzymali, wsp\u00f3\u0142gra z tonem i gwar\u0105 obecn\u0105 dzi\u015b w Polsce, \u201ez agresywnym napuszczaniem \u00bbpatriot\u00f3w\u00ab na osoby homoseksualne i transp\u0142ciowe\u201d.<\/p>\n<p>Zdaniem europos\u0142\u00f3w PO Polska powinna sobie poradzi\u0107 z r\u00f3wnouprawnieniem sama, bez unijnego gwa\u0142tu. Moim zdaniem europos\u0142owie Platformy cierpi\u0105 na podw\u00f3jn\u0105 to\u017csamo\u015b\u0107, wij\u0105 si\u0119 i kr\u0119c\u0105, jak by\u0107 liberalnym w Polsce i konserwatywnym w Brukseli. W Polsce id\u0105 w pierwszym szeregu, w Europie \u2013 w ostatnim.<\/p>\n","protected":false},"excerpt":{"rendered":"<p>W pierwszym szeregu manifestacji \u201eKocham ci\u0119 Europo\u201d kroczyli m.in. pos\u0142owie Platformy Obywatelskiej do Parlamentu Europejskiego. Manifestowali za Uni\u0105, za Europ\u0105 otwart\u0105 i demokratyczn\u0105, za Polsk\u0105 w Unii itd. itp.<\/p>\n","protected":false},"author":4,"featured_media":0,"comment_status":"open","ping_status":"closed","sticky":false,"template":"","format":"standard","meta":{"footnotes":""},"categories":[1],"tags":[],"_links":{"self":[{"href":"https:\/\/blog.polityka.pl\/passent\/wp-json\/wp\/v2\/posts\/3848"}],"collection":[{"href":"https:\/\/blog.polityka.pl\/passent\/wp-json\/wp\/v2\/posts"}],"about":[{"href":"https:\/\/blog.polityka.pl\/passent\/wp-json\/wp\/v2\/types\/post"}],"author":[{"embeddable":true,"href":"https:\/\/blog.polityka.pl\/passent\/wp-json\/wp\/v2\/users\/4"}],"replies":[{"embeddable":true,"href":"https:\/\/blog.polityka.pl\/passent\/wp-json\/wp\/v2\/comments?post=3848"}],"version-history":[{"count":8,"href":"https:\/\/blog.polityka.pl\/passent\/wp-json\/wp\/v2\/posts\/3848\/revisions"}],"predecessor-version":[{"id":3856,"href":"https:\/\/blog.polityka.pl\/passent\/wp-json\/wp\/v2\/posts\/3848\/revisions\/3856"}],"wp:attachment":[{"href":"https:\/\/blog.polityka.pl\/passent\/wp-json\/wp\/v2\/media?parent=3848"}],"wp:term":[{"taxonomy":"category","embeddable":true,"href":"https:\/\/blog.polityka.pl\/passent\/wp-json\/wp\/v2\/categories?post=3848"},{"taxonomy":"post_tag","embeddable":true,"href":"https:\/\/blog.polityka.pl\/passent\/wp-json\/wp\/v2\/tags?post=3848"}],"curies":[{"name":"wp","href":"https:\/\/api.w.org\/{rel}","templated":true}]}}