
{"id":3858,"date":"2017-04-02T23:35:11","date_gmt":"2017-04-02T21:35:11","guid":{"rendered":"http:\/\/passent.blog.polityka.pl\/?p=3858"},"modified":"2017-04-03T20:36:42","modified_gmt":"2017-04-03T18:36:42","slug":"ambicje-zjadaja-politykow","status":"publish","type":"post","link":"https:\/\/blog.polityka.pl\/passent\/2017\/04\/02\/ambicje-zjadaja-politykow\/","title":{"rendered":"Ambicje zjadaj\u0105 polityk\u00f3w"},"content":{"rendered":"<p>Od czasu kl\u0119ski brukselskiej (1:27) nie ma dnia bez wywiadu prezesa Kaczy\u0144skiego. Z wyj\u0105tkiem medi\u00f3w, kt\u00f3re prezes \u015bwiadomie omija czy wr\u0119cz bojkotuje, jak TVN, wywiady prezesa sta\u0142y si\u0119 zjawiskiem cz\u0119stym. I bardzo dobrze, gdy\u017c Jaros\u0142aw Kaczy\u0144ski jest rozm\u00f3wc\u0105 ciekawym i od czasu do czasu ma co\u015b bulwersuj\u0105cego do powiedzenia. A zabiera teraz g\u0142os tak cz\u0119sto, bo trzeba wymaza\u0107 kl\u0119sk\u0119 brukselsk\u0105 z medi\u00f3w i z pami\u0119ci. Od czasu tej pora\u017cki (przedstawianej pocz\u0105tkowo jako sukces &#8211; bo \u201ekto si\u0119 stawia, tego szanuj\u0105\u201d), w\u0142adza po raz pierwszy znalaz\u0142a si\u0119 w defensywie.<br \/>\n<!--more--><br \/>\nKl\u0119ska brukselska by\u0142a tak dotkliwa, poniewa\u017c wynik g\u0142osowania nie by\u0142 m\u0119tny, niejasny, do zagadania \u2013 to by\u0142y suche, beznami\u0119tne liczby. Pokaza\u0142y one \u017ca\u0142osn\u0105 nieudolno\u015b\u0107 rz\u0105du w polityce zagranicznej, a tak\u017ce szkodliwo\u015b\u0107 podporz\u0105dkowania tej polityki obsesjom jednego cz\u0142owieka. Dwa obszary, na kt\u00f3rych rz\u0105dowi idzie wyj\u0105tkowo \u017ale \u2013 polowanie na Tuska i bezproduktywna, kosztowna Komisja Smole\u0144ska \u2013 oba dotycz\u0105 Kaczy\u0144skiego osobi\u015bcie. Gdyby nie on &#8211; lub gdyby wzni\u00f3s\u0142 si\u0119 ponad w\u0142asne nami\u0119tno\u015bci &#8211; obie sprawy by\u0142yby zamkni\u0119te.<\/p>\n<p>Ambicje zjadaj\u0105 jednak polityk\u00f3w. Sp\u00f3jrzmy na konflikt Duda\u2013Macierewicz. Jeszcze kilka tygodni temu rzecznik prezydenta Marek Magierowski z kamienn\u0105 twarz\u0105 zapewnia\u0142, \u017ce spotkania prezydenta i ministra obrony s\u0105 cz\u0119ste, a zwierzchnik si\u0142 zbrojnych jest usatysfakcjonowany i spokojny. A\u017c tu nagle prezydent napisa\u0142 list (!) do ministra, ale nie w sprawie exodusu kilkudziesi\u0119ciu genera\u0142\u00f3w lub chaosu w uzbrojeniu, tylko w drugorz\u0119dnej sprawie attach\u00e9 wojskowych i dow\u00f3dztwa w Elbl\u0105gu.<\/p>\n<p>Pisz\u0105c o wszystkim, tylko nie o tym, o czym wszyscy wiedzieli (genera\u0142owie wyk\u0142adali ju\u017c w mediach kaw\u0119 na \u0142aw\u0119), prezydent si\u0119 po prostu o\u015bmieszy\u0142. Macierewicz postanowi\u0142 go o\u015bmieszy\u0107 jeszcze bardziej, odpisuj\u0105c lakonicznie i obcesowo. Wtedy wyznaczono spotkanie obu polityk\u00f3w za\u2026 6 dni, jak gdyby to by\u0142o spotkanie szef\u00f3w dw\u00f3ch sk\u0142\u00f3conych pa\u0144stw. Nic dziwnego, \u017ce prezes Kaczy\u0144ski powiedzia\u0142, \u017ce ta \u201epolityka epistolarna bardzo mu si\u0119 nie podoba\u201d, \u017ce rozmawia\u0142 ju\u017c o tym z prezydentem, zamierza spotka\u0107 si\u0119 z Macierewiczem, kt\u00f3ry powinien ograniczy\u0107 swoje ekstrawagancje, a w og\u00f3le zwierzchnik si\u0142 zbrojnych powinien by\u0107 informowany i konsultowany.<\/p>\n<p>Kaczy\u0144ski jeszcze raz pokaza\u0142, kto tu rz\u0105dzi. Potraktowa\u0142 prezydenta i ministra jak swoich podw\u0142adnych, kt\u00f3rych \u2013 zw\u0142aszcza Macierewicza &#8211; nale\u017cy przywr\u00f3ci\u0107 do pionu. Czy mu si\u0119 to uda &#8211; czas poka\u017ce, natomiast ju\u017c wida\u0107, \u017ce w obozie rz\u0105dz\u0105cym wyst\u0119puj\u0105 ostre napi\u0119cia. Polityka nie znosi pr\u00f3\u017cni. Skoro prezydent rezygnuje z aktywno\u015bci, natychmiast g\u0142ow\u0119 podnosi minister Macierewicz. Wtedy prezydent budzi si\u0119 ze snu zimowego, ale jest ju\u017c za p\u00f3\u017ano i rzecz ca\u0142a opiera si\u0119 o prezesa.<\/p>\n<p>Podobnie jest z obsad\u0105 sp\u00f3\u0142ek skarbu pa\u0144stwa. Niby wszystko jest w porz\u0105dku, robimy czystk\u0119 i TKM, ale kto to jest, kim s\u0105 \u201emy\u201d? Odwo\u0142anie \u201enaszego\u201d prezesa PZU po zaledwie dw\u00f3ch miesi\u0105cach na urz\u0119dzie, i to w dodatku w dniu, kiedy prezes i premier byli za granic\u0105. Wygl\u0105da to jak z filmu kryminalnego. Oczywi\u015bcie, podobnie jak w sprawie Duda\u2013Macierewicz, w\u0142adza milczy, nie wiadomo, sk\u0105d raptowna dymisja, a miasto huczy, \u017ce to Morawiecki i Ziobro walcz\u0105 o dost\u0119p do koryta, gdy\u017c sp\u00f3\u0142ki skarbu pa\u0144stwa to s\u0105 miliony dla swoich ludzi.<\/p>\n<p>Potworna nieudolno\u015b\u0107 i niekonsekwencja w sprawie helikopter\u00f3w, od zaanga\u017cowania premier Szyd\u0142o po rewelacje ministra Kownackiego, \u017ce to jest sprawa \u201edziesi\u0119ciorz\u0119dna\u201d, kolejne wypadki samochodowe w\u0142a\u015bcicieli IV RP, arogancja i buta ministra, kt\u00f3ry chwali si\u0119 rekordem szybko\u015bci na trasie Warszawa-Toru\u0144, wypadek, a nast\u0119pnie utajnienie zezna\u0144 poszkodowanej pani premier, galopuj\u0105ca pazerno\u015b\u0107 w obsadzie stanowisk, bezprecedensowa czystka w MSZ, pospieszna reforma edukacji (byle pr\u0119dzej, byle j\u0105 zako\u0144czy\u0107 przed wyborami samorz\u0105dowymi i za ewentualne niepowodzenia obwini\u0107 rz\u0105dz\u0105cych jeszcze w\u00f3jt\u00f3w i burmistrz\u00f3w z PO), opowiadanie, \u017ce w sporze z nauczycielami \u201erz\u0105d nie jest stron\u0105\u201d, nieoczekiwana i niewyja\u015bniona rejterada z Korpusu Europejskiego, trwaj\u0105cy podb\u00f3j wymiaru sprawiedliwo\u015bci \u2013 wszystko to \u015bwiadczy, \u017ce rz\u0105d zaczyna si\u0119 potyka\u0107 o w\u0142asne nogi. Zbyt rozbiegany, zbyt zabiegany, zbyt zach\u0142anny, zbyt zak\u0142amany \u2013 zaczyna traci\u0107 punkty. Niestety, po drugiej stronie nie wida\u0107 ci\u0105gle jeszcze atrakcyjnej oferty, kt\u00f3ra kusi\u0142aby rozczarowanych.<br \/>\nZAPROSZENIE<br \/>\nDr Karolina Wigura (Kultura liberalna, UW) i prof. Jan Sowa &#8211; socjolog i antropolog (UJ) b\u0119d\u0105 naszymi go\u015b\u0107mi w Radiu TOK FM we wtorek 4 kwietnia o godz. 20.05<\/p>\n","protected":false},"excerpt":{"rendered":"<p>Od czasu kl\u0119ski brukselskiej (1:27) nie ma dnia bez wywiadu prezesa Kaczy\u0144skiego. Z wyj\u0105tkiem medi\u00f3w, kt\u00f3re prezes \u015bwiadomie omija czy wr\u0119cz bojkotuje, jak TVN, wywiady prezesa sta\u0142y si\u0119 zjawiskiem cz\u0119stym. I bardzo dobrze, gdy\u017c Jaros\u0142aw Kaczy\u0144ski jest rozm\u00f3wc\u0105 ciekawym i od czasu do czasu ma co\u015b bulwersuj\u0105cego do powiedzenia. A zabiera teraz g\u0142os tak cz\u0119sto, [&hellip;]<\/p>\n","protected":false},"author":4,"featured_media":0,"comment_status":"open","ping_status":"closed","sticky":false,"template":"","format":"standard","meta":{"footnotes":""},"categories":[1],"tags":[],"_links":{"self":[{"href":"https:\/\/blog.polityka.pl\/passent\/wp-json\/wp\/v2\/posts\/3858"}],"collection":[{"href":"https:\/\/blog.polityka.pl\/passent\/wp-json\/wp\/v2\/posts"}],"about":[{"href":"https:\/\/blog.polityka.pl\/passent\/wp-json\/wp\/v2\/types\/post"}],"author":[{"embeddable":true,"href":"https:\/\/blog.polityka.pl\/passent\/wp-json\/wp\/v2\/users\/4"}],"replies":[{"embeddable":true,"href":"https:\/\/blog.polityka.pl\/passent\/wp-json\/wp\/v2\/comments?post=3858"}],"version-history":[{"count":8,"href":"https:\/\/blog.polityka.pl\/passent\/wp-json\/wp\/v2\/posts\/3858\/revisions"}],"predecessor-version":[{"id":3867,"href":"https:\/\/blog.polityka.pl\/passent\/wp-json\/wp\/v2\/posts\/3858\/revisions\/3867"}],"wp:attachment":[{"href":"https:\/\/blog.polityka.pl\/passent\/wp-json\/wp\/v2\/media?parent=3858"}],"wp:term":[{"taxonomy":"category","embeddable":true,"href":"https:\/\/blog.polityka.pl\/passent\/wp-json\/wp\/v2\/categories?post=3858"},{"taxonomy":"post_tag","embeddable":true,"href":"https:\/\/blog.polityka.pl\/passent\/wp-json\/wp\/v2\/tags?post=3858"}],"curies":[{"name":"wp","href":"https:\/\/api.w.org\/{rel}","templated":true}]}}