
{"id":387,"date":"2007-12-21T00:02:15","date_gmt":"2007-12-20T23:02:15","guid":{"rendered":"http:\/\/passent.blog.polityka.pl\/?p=387"},"modified":"2007-12-21T00:02:15","modified_gmt":"2007-12-20T23:02:15","slug":"cuda-sie-zdarzaja","status":"publish","type":"post","link":"https:\/\/blog.polityka.pl\/passent\/2007\/12\/21\/cuda-sie-zdarzaja\/","title":{"rendered":"Cuda si\u0119 zdarzaj\u0105"},"content":{"rendered":"<p><img loading=\"lazy\" decoding=\"async\" title=\"0jakusad450.JPG\" height=\"516\" alt=\"0jakusad450.JPG\" src=\"http:\/\/passent.blog.polityka.pl\/wp-content\/uploads\/0jakusad450.JPG\" width=\"450\" align=\"middle\" border=\"0\" \/>\u00a0<\/p>\n<p><em>Fot. Witold Rozbicki \/ REPORTER<\/em> \u00a0<\/p>\n<p>\u00a0\u00a0\u00a0\u00a0\u00a0\u00a0\u00a0<br \/>\nAleksandra Jakubowska uniewinniona! S\u0105d Okr\u0119gowy nie dopatrzy\u0142 si\u0119 jej winy w usuni\u0119ciu s\u0142\u00f3w \u201elub czasopisma\u201d z projektu ustawy. (Skazany zosta\u0142 kto\u015b inny). Wyrok nie oznacza dla mnie rehabilitacji \u201ekapitalizmu politycznego\u201d oraz rozmaitych afer, jakie zdarza\u0142y si\u0119 wtedy i p\u00f3\u017aniej. Ten wyrok to tylko dow\u00f3d, \u017ce s\u0105d w Polsce potrafi nie ugi\u0105\u0107 si\u0119 przed ogromn\u0105 presj\u0105 \u015bwiata politycznego i medi\u00f3w, kt\u00f3re ju\u017c dawno wyrok wyda\u0142y. Ziobro i Rokita \u2013 pierwszoplanowi aktorzy komisji sejmowej \u2013 musz\u0105 teraz mie\u0107 si\u0119 z pyszna. SLD jako formacja nie ma powod\u00f3w, \u017ceby dzi\u015b \u015bwi\u0119towa\u0107, gdy\u017c za jego rz\u0105d\u00f3w panowa\u0142o daleko id\u0105ce rozlu\u017anienie dobrych obyczaj\u00f3w w polityce, nie maj\u0105 te\u017c powod\u00f3w do rado\u015bci PiS ani Platforma, kt\u00f3re w 2005 r. wygra\u0142y wybory, dyskredytuj\u0105c ponad miar\u0119 Trzeci\u0105 RP. Ale maj\u0105 powody do rado\u015bci wszyscy, dla kt\u00f3rych prawo stoi ponad polityk\u0105. Zwyk\u0142y zjadacz chleba nie mo\u017ce stwierdzi\u0107, czy Jakubowska (b\u0105d\u017a ktokolwiek inny) jest winna. Od tego mamy s\u0105dy \u2013 ostoj\u0119 Rzeczypospolitej.<\/p>\n<p>Teraz, oczywi\u015bcie, rozlegn\u0105 si\u0119 g\u0142osy oburzenia na s\u0105d, bo politycy i dziennikarze wiedz\u0105 lepiej. By\u0107 mo\u017ce, ale dzisiejszy wyrok umacnia wiar\u0119 w niezawis\u0142o\u015b\u0107 s\u0105d\u00f3w, nawet je\u017celi prokuratura si\u0119 odwo\u0142a (co ju\u017c zapowiedzia\u0142a) i nawet je\u017celi w II instancji wyrok b\u0119dzie inny. Ten wyrok przypomina troch\u0119 wyrok s\u0105du lustracyjnego w sprawie Ma\u0142gorzaty Niezabitowskiej \u2013 obie panie zosta\u0142y skazane przed procesem i dla obu niezawis\u0142y s\u0105d okaza\u0142 si\u0119 ostatni\u0105 desk\u0105 ratunku. (Oba wyroki nie s\u0105 prawomocne, sprawy b\u0119d\u0105 si\u0119 toczy\u0107 nadal, podobnie jak sprawa korupcyjna p. Jakubowskiej, ale dzisiejszy wyrok dodaje otuchy ludziom przekonanym, \u017ce od wyrok\u00f3w kompleksu polityczno-medialnego nie ma odwo\u0142ania).<\/p>\n<p>Wigilia to jest taka noc, kiedy nawet Piotr Semka i Piotr Zaremba \u2013 gorliwi do niedawna obro\u0144cy prezesa Kaczy\u0144skiego, jego partii i rz\u0105du &#8211; przemawiaj\u0105 ludzkim g\u0142osem. Tylko tym mog\u0119 wyt\u0142umaczy\u0107 artyku\u0142 Piotra Semki (\u201eRz\u201d 19.XII), w kt\u00f3rym znajdujemy takie sformu\u0142owania:\u00a0<\/p>\n<blockquote><p>Dlaczego Jaros\u0142aw Kaczy\u0144ski odepchn\u0105\u0142 od siebie tak r\u00f3\u017cnych ludzi jak Jerzy Polaczek i Marek Jurek? \u2026<\/p>\n<p>Po co Kaczy\u0144skiemu by\u0142 d\u0142ugi serial pt. gro\u017cenie palcem \u2026<\/p>\n<p>Trzech polityk\u00f3w nie zrobi\u0142o w ko\u0144cu nic takiego, \u017ceby z tak\u0105 determinacj\u0105 wykreowa\u0107 ich na awanturnik\u00f3w\u2026<\/p>\n<p>rol\u0119 medialnych twarzy PiS zaw\u0142aszczy\u0142a grupa 50-latk\u00f3w pod wieloma wzgl\u0119dami podobnych do siebie jak bracia syjamscy.\u00a0 \u00a0<\/p><\/blockquote>\n<p>Kuchci\u0144ski, Tch\u00f3rzewski, Cyma\u0144ski, Lipi\u0144ski, Suski \u201es\u0105 jak automaty do wyg\u0142aszania partyjnych opinii\u201d. Do\u0142\u0105czaj\u0105 do nich m\u0142odsi \u2013 Brudzi\u0144ski i Karski. Natomiast ludzie o wyrazistej osobowo\u015bci \u201epr\u0119dzej czy p\u00f3\u017aniej zaczynaj\u0105 prezesowi Kaczy\u0144skiemu dzia\u0142a\u0107 na nerwy.\u201d JK przypomina nieco Semce \u201ecz\u0142owieka, kt\u00f3ry przyzwyczai\u0142 si\u0119 do \u017cycia w luksusie i kt\u00f3ry mimo coraz wyra\u017aniejszej dekoniunktury wci\u0105\u017c wierzy, \u017ce sta\u0107 go na kapry\u015bne wydatki\u201d. Prezes PiS \u201ema w sobie wiele z wszechw\u0142adnego Kaczora, kt\u00f3ry przez dwa lata swoich rz\u0105d\u00f3w zadziwia\u0142 skuteczno\u015bci\u0105.\u201d<\/p>\n<p>Kogo Kaczy\u0144ski \u201ezadziwia\u0142\u201d, a kogo nie zadziwia\u0142 &#8211; to inna sprawa, ale faktem jest, \u017ce dzi\u015b zadziwia Piotr Semka, kt\u00f3ry przed Wigili\u0105 zacz\u0105\u0142 pisa\u0107 ludzkim j\u0119zykiem. Tego samego dnia wt\u00f3ruje mu Piotr Zaremba w \u201eDzienniku\u201d. Obie zwa\u015bnione gazety zaczynaj\u0105 by\u0107 coraz bardziej zgodne w ocenie prezesa PiS (lepiej p\u00f3\u017aniej ni\u017c wcale). Zaremba prorokuje kolejne konflikty.<\/p>\n<blockquote><p>Za ka\u017cdym razem prezes b\u0119dzie wyst\u0119powa\u0142 w jednej roli: strasznego dziadunia przeganiaj\u0105cego s\u0142u\u017c\u0105cych, rz\u0105dc\u00f3w, a wreszcie i wnuki. (\u2026) Niegdy\u015b komitet polityczny PiS by\u0142 forum, miejscem autentycznych burz m\u00f3zg\u00f3w, dzi\u015b jest widowni\u0105 kr\u00f3tkich odpraw.<\/p><\/blockquote>\n<p>Wok\u00f3\u0142 prezesa powietrze jest ci\u0119\u017ckie \u2013 czytamy w tym samym \u201eDzienniku\u201d, w kt\u00f3rym ukaza\u0142 si\u0119 nie tak znowu dawno pean na cze\u015b\u0107 niezmordowanego premiera z PiS.<\/p>\n<p>Te opinie raduj\u0105, \u015bwiadcz\u0105 o tym, \u017ce ludzie nawet najbardziej zafascynowani potrafi\u0105 ostatecznie przejrze\u0107 na oczy. Kiedy czytamy powy\u017csze s\u0142owa pp. Semki i Zaremby mamy wra\u017cenie, \u017ce to dalszy ci\u0105g \u201ehisterycznej nagonki\u201d dziennikarzy uk\u0142adu na prezesa. Wszystkim si\u0119 zdawa\u0142o, \u017ce to koncert Michnika czy \u017bakowskiego, a to echo gra\u0142o\u2026<\/p>\n<p>Weso\u0142ych \u015awi\u0105t! \u017beby jak najwi\u0119cej zwierz\u0105t w naszym ogrodzie zoologicznym przem\u00f3wi\u0142o w ko\u0144cu ludzkim g\u0142osem, \u017cyczy Pa\u0144stwu gospodarz blogu!<\/p>\n","protected":false},"excerpt":{"rendered":"<p>\u00a0 Fot. Witold Rozbicki \/ REPORTER \u00a0 \u00a0\u00a0\u00a0\u00a0\u00a0\u00a0\u00a0 Aleksandra Jakubowska uniewinniona! S\u0105d Okr\u0119gowy nie dopatrzy\u0142 si\u0119 jej winy w usuni\u0119ciu s\u0142\u00f3w \u201elub czasopisma\u201d z projektu ustawy. (Skazany zosta\u0142 kto\u015b inny). Wyrok nie oznacza dla mnie rehabilitacji \u201ekapitalizmu politycznego\u201d oraz rozmaitych afer, jakie zdarza\u0142y si\u0119 wtedy i p\u00f3\u017aniej. Ten wyrok to tylko dow\u00f3d, \u017ce s\u0105d w [&hellip;]<\/p>\n","protected":false},"author":4,"featured_media":0,"comment_status":"open","ping_status":"open","sticky":false,"template":"","format":"standard","meta":{"footnotes":""},"categories":[1],"tags":[],"_links":{"self":[{"href":"https:\/\/blog.polityka.pl\/passent\/wp-json\/wp\/v2\/posts\/387"}],"collection":[{"href":"https:\/\/blog.polityka.pl\/passent\/wp-json\/wp\/v2\/posts"}],"about":[{"href":"https:\/\/blog.polityka.pl\/passent\/wp-json\/wp\/v2\/types\/post"}],"author":[{"embeddable":true,"href":"https:\/\/blog.polityka.pl\/passent\/wp-json\/wp\/v2\/users\/4"}],"replies":[{"embeddable":true,"href":"https:\/\/blog.polityka.pl\/passent\/wp-json\/wp\/v2\/comments?post=387"}],"version-history":[{"count":0,"href":"https:\/\/blog.polityka.pl\/passent\/wp-json\/wp\/v2\/posts\/387\/revisions"}],"wp:attachment":[{"href":"https:\/\/blog.polityka.pl\/passent\/wp-json\/wp\/v2\/media?parent=387"}],"wp:term":[{"taxonomy":"category","embeddable":true,"href":"https:\/\/blog.polityka.pl\/passent\/wp-json\/wp\/v2\/categories?post=387"},{"taxonomy":"post_tag","embeddable":true,"href":"https:\/\/blog.polityka.pl\/passent\/wp-json\/wp\/v2\/tags?post=387"}],"curies":[{"name":"wp","href":"https:\/\/api.w.org\/{rel}","templated":true}]}}