
{"id":3879,"date":"2017-04-14T00:04:20","date_gmt":"2017-04-13T22:04:20","guid":{"rendered":"http:\/\/passent.blog.polityka.pl\/?p=3879"},"modified":"2017-04-14T08:27:31","modified_gmt":"2017-04-14T06:27:31","slug":"gorzkie-swieta","status":"publish","type":"post","link":"https:\/\/blog.polityka.pl\/passent\/2017\/04\/14\/gorzkie-swieta\/","title":{"rendered":"Gorzkie \u015bwi\u0119ta"},"content":{"rendered":"<p>Niestety, \u015bwi\u0105teczny bilans spraw publicznych jest dla naszego kraju zdecydowanie negatywny. Trwa przejmowanie w\u0142adzy s\u0105downiczej przez w\u0142adz\u0119 wykonawcz\u0105 w osobie polityk\u00f3w.<br \/>\n<!--more--><br \/>\nPo\u017cal si\u0119 Bo\u017ce wiceminister sprawiedliwo\u015bci Patryk Jaki (\u0142udz\u0105co zreszt\u0105 przypominaj\u0105cy Misiewicza, ten, kt\u00f3ry skre\u015bli\u0142 m.in. POLITYK\u0118 z listy czasopism dopuszczonych do prenumeraty przez s\u0105dy) m\u00f3wi o demokratyzacji w\u0142adzy s\u0105downiczej. S\u0119dzi\u00f3w b\u0119d\u0105 wybiera\u0107 politycy, a poniewa\u017c polityk\u00f3w wybiera nar\u00f3d, wi\u0119c po\u015brednio nar\u00f3d wybiera s\u0119dzi\u00f3w.<\/p>\n<p>Na oczach kraju i zagranicy Polska przestaje by\u0107 krajem, w kt\u00f3rym obywatel ma zagwarantowane prawo do niezale\u017cnego s\u0105du. Mo\u017ce nie jest to sprawa tak spektakularna jak rewelacje podkomisji Macierewicza w sprawie katastrofy smole\u0144skiej czy heca wok\u00f3\u0142 Misiewicza, ale jest to sprawa pierwszorz\u0119dnej wagi pa\u0144stwowej. Nieustanne poszerzanie kompetencji w\u0142adzy wykonawczej kosztem s\u0105downiczej to prawdziwe nieszcz\u0119\u015bcie. Jak bajki o \u017celaznym wilku s\u0142uchamy o tym, \u017ce w Stanach Zjednoczonych jeden prowincjonalny s\u0119dzia mo\u017ce skutecznie zakwestionowa\u0107 decyzj\u0119 prezydenta.<\/p>\n<p>Z innej bajki: PiS energicznie podgrzewa spraw\u0119 katastrofy smole\u0144skiej. Podkomisja Macierewicza po ponad roku wyt\u0119\u017conej pracy wysun\u0119\u0142a hipotez\u0119 (dla prezesa Kaczy\u0144skiego granicz\u0105c\u0105 z pewno\u015bci\u0105) kilku wybuch\u00f3w tajemniczej bomby, kt\u00f3rej nikt nie widzia\u0142, nikt nie s\u0142ysza\u0142, nic nie zarejestrowa\u0142o.<\/p>\n<p>Propagandowy film przygotowany przez podkomisj\u0119 ko\u0144czy si\u0119\u2026 znakiem zapytania. A jeszcze kilka dni wcze\u015bniej obowi\u0105zywa\u0142a wersja prokuratury o zbrodniczych rosyjskich kontrolerach lotu, kt\u00f3rzy celowo sprowadzali samolot do zguby. Niekt\u00f3rzy komentatorzy pytaj\u0105, co na to NATO \u2013 dlaczego nie zareagowa\u0142o na atak na sojuszniczy samolot z prezydentem i dow\u00f3dztwem na pok\u0142adzie?<\/p>\n<p>PiS nie ustaje w wymy\u015blaniu scenariuszy smole\u0144skich. Najnowszy numer: Polska zatrudni\u0142a argenty\u0144skiego prokuratora, pana Ocampo, znanego z oskar\u017cania junty wojskowej, kt\u00f3ry do ko\u0144ca roku ma rozwik\u0142a\u0107 zagadk\u0119 smole\u0144sk\u0105. Maj\u0105 mu w tym pom\u00f3c specjali\u015bci z Londynu. Ciekawe, czy minister Macierewicz zatrudnia zagranicznego prokuratora po to, \u017ceby ten potwierdzi\u0142 ustalenia komisji Millera? My\u015bl\u0119, \u017ce w\u0105tpi\u0119. Raczej chodzi o to, by przed\u0142u\u017ca\u0107 spraw\u0119 i goni\u0107 kr\u00f3liczka.<\/p>\n<p>Polowanie na histori\u0119 powiod\u0142o si\u0119 w Gda\u0144sku \u2013 Muzeum II Wojny \u015awiatowej pad\u0142o ofiar\u0105 polityki historycznej PiS. Muzeum ma ju\u017c nowego dyrektora, 34-letniego specjalist\u0119 od \u017co\u0142nierzy wykl\u0119tych i kibica pi\u0142karskiego, dr. Nawrockiego. Mam nadziej\u0119, \u017ce kiedy\u015b, po latach, dr Nawrocki po\u017ca\u0142uje, i\u017c zgodzi\u0142 si\u0119 zasi\u0105\u015b\u0107 na miejscu prawdziwego tw\u00f3rcy muzeum, prof. Machcewicza. Zarzuty prawicy wobec wystawy s\u0105 rozmaite: wystawa jest za ma\u0142o polska,  za bardzo pacyfistyczna, za ma\u0142o w niej o stratach Ko\u015bcio\u0142a, za du\u017co o cywilach \u2013 za ma\u0142o o wojsku itd. <\/p>\n<p>Prawdziwe powody s\u0105 jednak inne \u2013 \u201emuzeum Tuska\u201d trzeba by\u0142o zniszczy\u0107. Bo gdyby chodzi\u0142o o wystaw\u0119, to przecie\u017c mo\u017cna j\u0105 by\u0142o zostawi\u0107 na rok, dwa, pokaza\u0107, przedyskutowa\u0107, skrytykowa\u0107, a dopiero potem zmieni\u0107. Nieszcz\u0119\u015bcia by nie by\u0142o. Ale 19 kwietnia przylatuje Tusk i na pewno odwiedzi\u0142by \u201eswoje\u201d muzeum. A tego prezes Kaczy\u0144ski nie m\u00f3g\u0142 prze\u0142kn\u0105\u0107. Decyzja pan\u00f3w Kaczy\u0144skiego \u2013 Gli\u0144skiego \u2013 Sellina jest ma\u0142ostkowa, wstr\u0119tna, powinni si\u0119 wstydzi\u0107.<\/p>\n<p>No i na koniec \u2013 Misiewicz. M\u00f3wimy \u201eMisiewicz\u201d, a w domy\u015ble \u201eMacierewicz\u201d. Prezes Kaczy\u0144ski nie wytrzyma\u0142, \u017ce minister obrony gra mu na nosie, dosz\u0142o do pr\u00f3by si\u0142 i Macierewicz to starcie przegra\u0142. To nie Misiewicz, ale Macierewicz powinien by\u0142 stan\u0105\u0107 przed komisj\u0105. M\u0142odzieniec z \u0141omianek zosta\u0142 poni\u017cony i ukarany, ma \u201eBerufsverbot\u201d w sektorze pa\u0144stwowym, ale prawdziwym przegranym jest Macierewicz i pa\u0144stwo PiS, w kt\u00f3rym takie kariery s\u0105 mo\u017cliwe.<\/p>\n<p>Spokojnych \u015awi\u0105t!<\/p>\n","protected":false},"excerpt":{"rendered":"<p>Niestety, \u015bwi\u0105teczny bilans spraw publicznych jest dla naszego kraju zdecydowanie negatywny. Trwa przejmowanie w\u0142adzy s\u0105downiczej przez w\u0142adz\u0119 wykonawcz\u0105 w osobie polityk\u00f3w.<\/p>\n","protected":false},"author":4,"featured_media":0,"comment_status":"open","ping_status":"closed","sticky":false,"template":"","format":"standard","meta":{"footnotes":""},"categories":[1],"tags":[],"_links":{"self":[{"href":"https:\/\/blog.polityka.pl\/passent\/wp-json\/wp\/v2\/posts\/3879"}],"collection":[{"href":"https:\/\/blog.polityka.pl\/passent\/wp-json\/wp\/v2\/posts"}],"about":[{"href":"https:\/\/blog.polityka.pl\/passent\/wp-json\/wp\/v2\/types\/post"}],"author":[{"embeddable":true,"href":"https:\/\/blog.polityka.pl\/passent\/wp-json\/wp\/v2\/users\/4"}],"replies":[{"embeddable":true,"href":"https:\/\/blog.polityka.pl\/passent\/wp-json\/wp\/v2\/comments?post=3879"}],"version-history":[{"count":3,"href":"https:\/\/blog.polityka.pl\/passent\/wp-json\/wp\/v2\/posts\/3879\/revisions"}],"predecessor-version":[{"id":3882,"href":"https:\/\/blog.polityka.pl\/passent\/wp-json\/wp\/v2\/posts\/3879\/revisions\/3882"}],"wp:attachment":[{"href":"https:\/\/blog.polityka.pl\/passent\/wp-json\/wp\/v2\/media?parent=3879"}],"wp:term":[{"taxonomy":"category","embeddable":true,"href":"https:\/\/blog.polityka.pl\/passent\/wp-json\/wp\/v2\/categories?post=3879"},{"taxonomy":"post_tag","embeddable":true,"href":"https:\/\/blog.polityka.pl\/passent\/wp-json\/wp\/v2\/tags?post=3879"}],"curies":[{"name":"wp","href":"https:\/\/api.w.org\/{rel}","templated":true}]}}