
{"id":388,"date":"2007-12-27T11:46:13","date_gmt":"2007-12-27T10:46:13","guid":{"rendered":"http:\/\/passent.blog.polityka.pl\/?p=388"},"modified":"2007-12-27T11:46:13","modified_gmt":"2007-12-27T10:46:13","slug":"wycieczka-do-warszawy","status":"publish","type":"post","link":"https:\/\/blog.polityka.pl\/passent\/2007\/12\/27\/wycieczka-do-warszawy\/","title":{"rendered":"Wycieczka do Warszawy"},"content":{"rendered":"<p>Na pocz\u0105tek troch\u0119 kultury, \u017ceby odpoczynek od polityki trwa\u0142 jak najd\u0142u\u017cej. W drugi dzie\u0144 \u015bwi\u0105t zaprosi\u0142em moj\u0105 \u017con\u0119 na wycieczk\u0119 do\u2026 Warszawy. Pierwsze kroki skierowali\u015bmy do Zamku Kr\u00f3lewskiego, na wystaw\u0119 \u201eOd Lutra po Bauhaus\u201d, czyli sztuka i skarby kultury z muze\u00f3w niemieckich. Na szcz\u0119\u015bcie wyb\u00f3r pochodzi tylko z muze\u00f3w po\u0142o\u017conych na terenie by\u0142ej NRD, bo wyb\u00f3r ze wszystkich muze\u00f3w niemieckich by\u0142by nie do przej\u015bcia. Jest to kr\u00f3tki przegl\u0105d kultury niemieckiej za ostatnie \u2013 bagatela! \u2013 500 lat, od biblii Lutra i obraz\u00f3w Cranacha, poprzez rapiery, sztylety i zbroje, muszle, per\u0142y i minera\u0142y zwiezione z ca\u0142ego \u015bwiata, a nast\u0119pnie misternie obrobione w pracowniach rzemie\u015blnik\u00f3w, pa\u0142ace baroku, muzyk\u0119 Haendla i Bacha, parki i ogrody pokazane na filmach video, itede, itepe, a\u017c po meble Bauhausu, p\u0142\u00f3tna Paula Klee, Kandinsky\u2019ego i obraz Beckmana.<\/p>\n<p>Najbardziej podoba\u0142 mi si\u0119 st\u00f3\u0142 do pracy i gry, kt\u00f3ry jako mebel podr\u00f3\u017cny mia\u0142 zast\u0105pi\u0107 komfort i rozrywk\u0119, a tak\u017ce pewien mebel, w sk\u0142ad kt\u00f3rego wchodzi\u0142 instrument klawiszowy, szachownica do gry oraz niezliczone szufladki z przyborami do szycia, manicure itp. \u2013 idealny mebel dla mojej \u017cony, kt\u00f3ra mog\u0142aby katowa\u0107 wnuczka przy klawiaturze i jednocze\u015bnie robi\u0107 na drutach, a ja z drugim wnukiem gra\u0142bym w warcaby, albo w wilka i owc\u0119 \u2013 wszystko przy tym samym meblu. M\u00f3wi\u0105c bardziej powa\u017cnie, to najch\u0119tniej wyni\u00f3s\u0142bym niewielk\u0105 rze\u017ab\u0119 Richarda Scheibe (1921) \u201eWjazd Chrystusa do Jerozolimy\u201d \u2013 ma\u0142a, pakowna rzecz, ale ostrzegam: na ka\u017cdym kroku stoj\u0105 stra\u017cnicy. Wynios\u0142em wi\u0119c tylko informacj\u0119, \u017ce Goethe by\u0142 swojego czasu ministrem kultury.<\/p>\n<p>Nast\u0119pnie udali\u015bmy si\u0119 poprzez rozkopane Krakowskie Przedmie\u015bcie w stron\u0119 Zach\u0119ty, gdzie obejrzeli\u015bmy dwie wystawy. Najpierw pejza\u017ce i portrety w kolekcji Krzysztofa Musia\u0142a, zaledwie cz\u0119\u015b\u0107 zbior\u00f3w jednego z najpowa\u017cniejszych wsp\u00f3\u0142czesnych kolekcjoner\u00f3w polskich \u2013 malarstwo (i troch\u0119 rze\u017aby) polskie I po\u0142owy XX wieku, Bozna\u0144ska, Malczewski, Kramsztyk, Zak, Menkes, Dunikowski, Sta\u017cewski &#8211; wspania\u0142a kolekcja. I \u015bwietna galeria \u201eaTak\u201d tego\u017c w\u0142a\u015bciciela, naprzeciwko Uniwersytetu. By\u0142em tam niedawno na wystawie malarstwa A. Nachta Samborskiego. Nie do wiary, co mo\u017ce zgromadzi\u0107 jeden cz\u0142owiek w ci\u0105gu zaledwie kilku dziesi\u0119cioleci.<\/p>\n<p>Z kolei wjechali\u015bmy wind\u0105 si\u0119 na pi\u0119tro, na wielk\u0105 wystaw\u0119 malarstwa <a target=\"_blank\" href=\"http:\/\/www.polityka.pl\/polityka\/index.jsp?place=Lead33&#038;news_cat_id=935&#038;news_id=239708&#038;layout=18&#038;forum_id=12961&#038;fpage=Threads&#038;page=text\"><strong>Wilhelma Sasnala<\/strong><\/a>. Nie jestem krytykiem, wi\u0119c nie \u015bmiem pisa\u0107 o sztuce. Sasnal jest dzi\u015b najbardziej znanym m\u0142odym malarzem polskim (ur. 1972). Kto pragnie dowiedzie\u0107 si\u0119 o nim wi\u0119cej, temu polecam oczywi\u015bcie wystaw\u0119, a ponadto najnowsz\u0105 ksi\u0105\u017ck\u0119 o tym arty\u015bcie: \u201eSASNAL. Przewodnik Krytyki Politycznej\u201d. Prosz\u0119 si\u0119 nie dziwi\u0107, \u017ce ksi\u0105\u017ck\u0119 o Sasnalu (znakomit\u0105!) przygotowa\u0142o wydawnictwo b\u0119d\u0105ce najciekawszym o\u015brodkiem na polskiej lewicy. Sasnal jest bowiem cz\u0142owiekiem lewicy. \u201eWydaje mi si\u0119, \u017ce zw\u0142aszcza dzisiaj nie mo\u017cna by\u0107 na prawo. Trzeba by\u0107 zupe\u0142nie jakim\u015b przypa\u0142em, \u017ceby godzi\u0107 si\u0119 na to, co dzieje si\u0119 w tym kraju\u201d \u2013 m\u00f3wi w wywiadzie udzielonym rok temu. I dalej: \u201eW \u015bwiecie, w kt\u00f3rym \u017cyjemy, nigdy nie jest za du\u017co lewicowych tendencji. Nawet przejaskrawienie czy troch\u0119 tendencyjne patrzenie na rzeczywisto\u015b\u0107 przez te czerwone okulary jest OK. Przewaga jest przecie\u017c wci\u0105\u017c po stronie konserwatyst\u00f3w spod znaku Busha, takiej faszystowskiej Ameryki czy PiS-owskiej, PO-owskiej, LPR-owskiej Polski. Wierz\u0119, \u017ce ich czas si\u0119 nied\u0142ugo sko\u0144czy. Cho\u0107 jednocze\u015bnie boj\u0119 si\u0119, ze po nich przyjdzie czas prawicy, kt\u00f3ra dzia\u0142a ukryta za mask\u0105, ale wci\u0105\u017c napierdala gej\u00f3w, szuka winnego, chce lustrowa\u0107 ludzi\u2026\u201d<\/p>\n<p>Nie wszystko, co Sasnal maluje i m\u00f3wi akceptuj\u0119 bezwarunkowo. Np. m\u00f3wienie o Ameryce, \u017ce jest faszystowska, jest dyskusyjne. U siebie w kraju Amerykanie uprawiaj\u0105 demokracj\u0119, nie idealn\u0105 (vide Chomsky), ale jednak godn\u0105 pozazdroszczenia. Co innego, kiedy za granic\u0105 wyst\u0119puj\u0105 w dwoistej roli &#8211; dobrego policjanta (np. b\u0119d\u0105c gwarantem wolno\u015bci w Europie i naszym sojusznikiem), jak i z\u0142ego policjanta, kt\u00f3ry ingeruje bez pardonu tam, gdzie mu si\u0119 podoba, a w\u0142a\u015bciwie \u2013 nie podoba. (Vide Ameryka \u0141aci\u0144ska czy Irak).<\/p>\n<p>Ci\u0105gnie wilka do lasu, zagalopowa\u0142em si\u0119, zgodnie z natur\u0105 tego bloga, w polityk\u0119, a Sasnal to przecie\u017c artysta, i to wspania\u0142y. Gdybym z wystawy w Zach\u0119cie m\u00f3g\u0142 wynie\u015b\u0107 tylko jeden obraz \u2013 wyni\u00f3s\u0142bym \u201eLas\u201d. Obraz wcale nie czerwony, tylko zielony, w kolorze nadziei.<\/p>\n<p>Wracaj\u0105c, szli\u015bmy przez rozkopane Krakowskie Przedmie\u015bcie. Nie wierz\u0119 w brednie, \u017ce remont jest prowokacj\u0105 Hanny Gronkiewicz Waltz wobec Pa\u0142acu Prezydenckiego. Chcia\u0142em nawet napisa\u0107 na murze, \u017ceby si\u0119 prezydent nie ba\u0142, teren jest rozminowany: \u201eMin niet\u201d. Zrobi\u0142em tylko min\u0119 w stron\u0119 Prezydenta, kt\u00f3ry w \u015bwi\u0105tecznym wywiadzie dla Polskiego Radia powiedzia\u0142, \u017ce rok, kt\u00f3ry up\u0142ywa \u201eby\u0142 bardzo dobry\u201d. Prezydent wymieni\u0142 kilka powod\u00f3w dla kt\u00f3rych by\u0142 to taki dobry rok, m.in. wzrost gospodarczy, spadek bezrobocia, a nawet umocnienie pozycji Polski na arenie mi\u0119dzynarodowej (!). Poniewa\u017c jeste\u015bmy w okresie \u015bwi\u0105tecznym \u2013 nie b\u0119d\u0119 z Panem Prezydentem polemizowa\u0142. Dodam tylko, \u017ce by\u0142a jeszcze jedna, najwa\u017cniejsza przyczyna, dla kt\u00f3rej to by\u0142 bardzo dobry rok: Wybory 21 pa\u017adziernika. Polska wyzwoli\u0142a si\u0119 spod w\u0142adzy PiS.<\/p>\n<p>***<\/p>\n<p><strong>PS<\/strong>. Dzi\u0119kuj\u0119 serdecznie za wszystkie \u017cyczenia nades\u0142ane pod adresem naszego bloga, blogowicz\u00f3w i gospodarza. \u017byczenia nades\u0142ali: <strong>Bart, <\/strong><strong>Otawo, <\/strong><strong>Waldemar, <\/strong><strong>Kuba, <\/strong><strong>Nefer, <\/strong><strong>magrud, <\/strong><strong>Krystyna, <\/strong><strong>Feliks Stychowski, Rycho, JKJK, Spokojny, Teresa Stachurska, hortensja, aleydis, Ma\u015blana, ANCA, tomek.n., Bobola, Lex, dwapik, Gienio M., niewierz\u0105cy lecz praktykuj\u0105cy, Cargo, Teodora, Roman 51.PL, Torlin, alburri, Ewa m., elaem<\/strong> i <strong>buku<\/strong>. Je\u015bli kogo\u015b pomin\u0105\u0142em \u2013 przepraszam.<\/p>\n<p>Ciesz\u0119 si\u0119, \u017ce naszym blogu spotykaj\u0105 si\u0119 blogowicze z r\u00f3\u017cnych kontynent\u00f3w, w r\u00f3\u017cnym wieku i o r\u00f3\u017cnych pogl\u0105dach. Zako\u0144cz\u0119 tak, jak Lech Kaczy\u0144ski:<\/p>\n<blockquote><p>Ja nie oczekuj\u0119 cud\u00f3w, ja oczekuj\u0119 tylko tego, \u017ce nie b\u0119dzie gorzej, jak by\u0142o w ci\u0105gu ostatnich dw\u00f3ch lat.<\/p><\/blockquote>\n<p>(Na tym blogu, oczywi\u015bcie!)<\/p>\n","protected":false},"excerpt":{"rendered":"<p>Na pocz\u0105tek troch\u0119 kultury, \u017ceby odpoczynek od polityki trwa\u0142 jak najd\u0142u\u017cej. W drugi dzie\u0144 \u015bwi\u0105t zaprosi\u0142em moj\u0105 \u017con\u0119 na wycieczk\u0119 do\u2026 Warszawy. Pierwsze kroki skierowali\u015bmy do Zamku Kr\u00f3lewskiego, na wystaw\u0119 \u201eOd Lutra po Bauhaus\u201d, czyli sztuka i skarby kultury z muze\u00f3w niemieckich. Na szcz\u0119\u015bcie wyb\u00f3r pochodzi tylko z muze\u00f3w po\u0142o\u017conych na terenie by\u0142ej NRD, bo [&hellip;]<\/p>\n","protected":false},"author":4,"featured_media":0,"comment_status":"open","ping_status":"open","sticky":false,"template":"","format":"standard","meta":{"footnotes":""},"categories":[1],"tags":[],"_links":{"self":[{"href":"https:\/\/blog.polityka.pl\/passent\/wp-json\/wp\/v2\/posts\/388"}],"collection":[{"href":"https:\/\/blog.polityka.pl\/passent\/wp-json\/wp\/v2\/posts"}],"about":[{"href":"https:\/\/blog.polityka.pl\/passent\/wp-json\/wp\/v2\/types\/post"}],"author":[{"embeddable":true,"href":"https:\/\/blog.polityka.pl\/passent\/wp-json\/wp\/v2\/users\/4"}],"replies":[{"embeddable":true,"href":"https:\/\/blog.polityka.pl\/passent\/wp-json\/wp\/v2\/comments?post=388"}],"version-history":[{"count":0,"href":"https:\/\/blog.polityka.pl\/passent\/wp-json\/wp\/v2\/posts\/388\/revisions"}],"wp:attachment":[{"href":"https:\/\/blog.polityka.pl\/passent\/wp-json\/wp\/v2\/media?parent=388"}],"wp:term":[{"taxonomy":"category","embeddable":true,"href":"https:\/\/blog.polityka.pl\/passent\/wp-json\/wp\/v2\/categories?post=388"},{"taxonomy":"post_tag","embeddable":true,"href":"https:\/\/blog.polityka.pl\/passent\/wp-json\/wp\/v2\/tags?post=388"}],"curies":[{"name":"wp","href":"https:\/\/api.w.org\/{rel}","templated":true}]}}