
{"id":3883,"date":"2017-04-17T22:54:55","date_gmt":"2017-04-17T20:54:55","guid":{"rendered":"http:\/\/passent.blog.polityka.pl\/?p=3883"},"modified":"2017-04-18T15:07:51","modified_gmt":"2017-04-18T13:07:51","slug":"samoboje-pis","status":"publish","type":"post","link":"https:\/\/blog.polityka.pl\/passent\/2017\/04\/17\/samoboje-pis\/","title":{"rendered":"Samob\u00f3je PiS"},"content":{"rendered":"<p>Najwi\u0119kszym sojusznikiem opozycji jest Prawo i Sprawiedliwo\u015b\u0107. Opozycja jest do\u015b\u0107 niemrawa, ale pracuje na ni\u0105 PiS. Kolejne pora\u017cki w\u0142adzy s\u0105 zas\u0142ug\u0105 obozu rz\u0105dz\u0105cego \u2013 opozycja nie musia\u0142a ruszy\u0107 palcem w bucie, wystarczy\u0142o nie przeszkadza\u0107.<br \/>\n<!--more--><br \/>\nOd ponownego wyboru Donalda Tuska na przewodnicz\u0105cego Rady Europejskiej po ostatnie rewelacje dr. Berczy\u0144skiego, kt\u00f3ry \u201ewyko\u0144czy\u0142\u201d caracale, rz\u0105d kroczy od potkni\u0119cia do potkni\u0119cia.<\/p>\n<p><strong>Samob\u00f3j nr 1:<\/strong> Trudno wyobrazi\u0107 sobie wi\u0119ksz\u0105 g\u0142upot\u0119 ni\u017c zaanga\u017cowanie Polski przeciwko polskiemu przewodnicz\u0105cemu i piruety z Saryuszem-Wolskim (przez kr\u00f3tki czas przed g\u0142osowaniem oficjele m\u00f3wili zawsze \u201edoktor\u201d Saryusz-Wolski, ale po wyborach ju\u017c o doktoracie zapomnieli). <\/p>\n<p>Polska dyplomacja (bo wyczyny PiS id\u0105 w \u015bwiecie niestety na konto Polski) o\u015bmieszy\u0142a si\u0119, ponios\u0142a sromotn\u0105 pora\u017ck\u0119, usi\u0142uj\u0105c przedstawi\u0107 j\u0105 jako sukces (triumfalne powitanie premier Szyd\u0142o na lotnisku w Warszawie). Oni maj\u0105 ludzi za g\u0142upk\u00f3w. Gdyby minister Waszczykowski kierowa\u0142 si\u0119 honorem, to natychmiast z\u0142o\u017cy\u0142by rezygnacj\u0119. Mimo upokorzenia kurczowo trzyma si\u0119 jednak w\u0142adzy.<\/p>\n<p>Dlaczego do tej kompromitacji dosz\u0142o? Dlatego, \u017ce w elicie rz\u0105dz\u0105cej panuje strach. Zwyk\u0142y strach. Nikt, powtarzam, nikt, \u017caden z utytu\u0142owanych m\u0105drali, PP. Szczerski czy Waszczykowski, a tak\u017ce premier Szyd\u0142o i prezydent Duda, nie mia\u0142 zwyk\u0142ej odwagi ostrzec prezesa Kaczy\u0144skiego przed kompromitacj\u0105. Albo to s\u0105 amatorzy, kt\u00f3rzy nie mieli rozeznania, albo ludzie mali duchem, kt\u00f3rym nie starczy\u0142o odwagi.<\/p>\n<p>A prezes nie bardzo ma kogo za wpadk\u0119 ukara\u0107, bo to przecie\u017c jego w\u0142asna nienawi\u015b\u0107 do Tuska kierowa\u0142a tymi lud\u017ami. Kl\u0119ska 27:1 spowodowa\u0142a spadek poparcia dla PiS, tym bardziej bolesny, \u017ce nawet najbardziej karko\u0142omne interpretacje nie zmieniaj\u0105 wymowy liczb. Wynik poszed\u0142 w \u015bwiat.<\/p>\n<p><strong>Samob\u00f3j nr 2:<\/strong> Obsesja smole\u0144ska jest dla PiS coraz bardziej kosztowna. Tusk i Smole\u0144sk (czyli znowu Tusk) to g\u0142\u00f3wne motywy post\u0119powania prezesa i jego partii. Po ponad roku pracy podkomisja MON do sprawy ponownego wyja\u015bnienia katastrofy wyda\u0142a z siebie kolejn\u0105 hipotez\u0119: wybuch kilku ma\u0142ych \u0142adunk\u00f3w bomby termobarycznej, kt\u00f3rej nikt nie widzia\u0142, nie s\u0142ysza\u0142, ani nic jej nie zarejestrowa\u0142o. Nawet specjalny film propagandowy ko\u0144czy si\u0119 znakiem zapytania.<\/p>\n<p>Prezes Kaczy\u0144ski zapewnia, \u017ce hipoteza jest prawie pewna, ale jednak \u201eprawie\u201d nikt nie chcia\u0142 si\u0119 podpisa\u0107 w stu procentach pod teori\u0105 wybuchu. Wi\u0119c PiS gra na czas. Wys\u0142ano pr\u00f3bki do laboratori\u00f3w zagranicznych, zaanga\u017cowano prokuratora z Argentyny, ci\u0105gle co\u015b dorzuca si\u0119 do ognia smole\u0144skiego, byle tylko nie zgas\u0142, byle najbardziej oddani wyborcy mogli si\u0119 przy nim ogrza\u0107.<\/p>\n<p>A do tego dojd\u0105 pomniki na Krakowskim Przedmie\u015bciu, filmy, wystawy, miesi\u0119cznice \u2013 wszystko, byle by\u0142 ruch wok\u00f3\u0142 Smole\u0144ska. Przemianowanie Krakowskiego Przedmie\u015bcia na Smole\u0144skie Przedmie\u015bcie jest tylko kwesti\u0105 czasu. Na trudne pytania wok\u00f3\u0142 innych hipotez \u2013 o mg\u0142\u0119, o celowe sprowadzenie samolotu przez kontroler\u00f3w ruchu, o zamach \u2013 odpowiedzi si\u0119 nie doczekamy.<\/p>\n<p>Chyba, chyba \u017ce przewodnicz\u0105cy podkomisji, dr Wac\u0142aw Berczy\u0144ski, zn\u00f3w co\u015b palnie. Zaufany Macierewicza powiedzia\u0142, \u017ce to on zniszczy\u0142 caracale, kt\u00f3re Polska mia\u0142a ju\u017c prawie kupi\u0107. Berczy\u0144ski wrzuci\u0142 granat w szambo. Albo powiedzia\u0142 prawd\u0119, wtedy okaza\u0142oby si\u0119, \u017ce to on zatrzyma\u0142 caracale, a nie \u017caden przetarg. Wielomiesi\u0119czne negocjacje Polska \u2013 Francja by\u0142yby fikcj\u0105, nie sz\u0142o o \u017caden \u2013 zbyt ma\u0142y, zdaniem strony polskiej \u2013 offset, ale o opini\u0119 dr. Berczy\u0144skiego, kt\u00f3ry w mi\u0119dzyczasie zosta\u0142 pe\u0142nomocnikiem min. Macierewicza do spraw helikopter\u00f3w i przewodnicz\u0105cym rady nadzorczej zak\u0142ad\u00f3w lotniczych w \u0141odzi.<\/p>\n<p>Czyli osob\u0105 jak najbardziej oficjaln\u0105. Ba, jest przewodnicz\u0105cym podkomisji MON ds. Smole\u0144ska. MON w specjalnym o\u015bwiadczeniu zdementowa\u0142 to, co Berczy\u0144ski powiedzia\u0142 na temat caracali. Kto mu teraz uwierzy w sprawie Smole\u0144ska? Kolejny b\u00f3l g\u0142owy Macierewicza i Kaczy\u0144skiego. A opozycja zbiera owoce.<\/p>\n<p><strong>Samob\u00f3j nr 3:<\/strong> Misiewicz. Trwaj\u0105ca p\u00f3\u0142 roku zabawa w Misiewicza os\u0142abi\u0142a Macierewicza, bo jednak jego pupil w ko\u0144cu wylecia\u0142 z hukiem, os\u0142abi\u0142a premier Szyd\u0142o, bo Macierewicz nic sobie nie robi\u0142 z jej zapewnie\u0144, \u017ce sprawa jest zamkni\u0119ta, os\u0142abi\u0142a Brudzi\u0144skiego i innych, kt\u00f3rzy z dnia na dzie\u0144 rozczarowali si\u0119 do Misiewicza, os\u0142abi\u0142a prezesa, z kt\u00f3rego Macierewicz sobie kpi\u0142, wreszcie os\u0142abi\u0142a PiS, pokazuj\u0105c (zaraz po rozgrywce o posad\u0119 prezesa Rady Nadzorczej PZU), jak panowie sobie wyrywaj\u0105 stanowiska i id\u0105ce w \u015blad za nimi pieni\u0105dze w sp\u00f3\u0142kach Skarbu Pa\u0144stwa.<\/p>\n<p><strong>Samob\u00f3j nr 4:<\/strong> Ca\u0142a seria wypadk\u00f3w samochodowych (\u201ezdarze\u0144 drogowych\u201d w oczach \u017cyczliwej prokuratury) z udzia\u0142em dygnitarzy IV RP \u2013 kosztownych i dotychczas niewyja\u015bnionych \u2013 nie pasuje do w\u0142adzy, kt\u00f3r\u0105 \u2013 jak zapewnia\u0142a premier Szyd\u0142o \u2013 mia\u0142y cechowa\u0107 pokora, s\u0142u\u017cba i jeszcze raz  pokora.<\/p>\n<p>W sumie Prawo i Sprawiedliwo\u015b\u0107  przegrywa same z sob\u0105. Nawet prezydent Andrzej Duda zacz\u0105\u0142 mie\u0107 w\u0105tpliwo\u015bci dotycz\u0105ce \u201edemokratyzacji\u201d (czytaj: aneksji)  Krajowej Rady S\u0105downictwa . Je\u017celi nie jest to \u017cadna \u201emg\u0142a belwederska\u201d, tylko prezydent zechce w ko\u0144cu podnie\u015b\u0107 g\u0142ow\u0119, to b\u0119dzie  znaczy\u0142o, \u017ce bramka prezesa  jest obl\u0119\u017cona i grozi mu samob\u00f3j strzelony przez \u015brodkowego obro\u0144c\u0119, Andrzeja Dud\u0119, a asyst\u0119 zaliczy Zbigniew Ziobro.<\/p>\n<p><strong>Zaproszenie<\/strong><br \/>\nJoanna Mizio\u0142ek (&#8222;Wprost&#8221;), Adam Szostkiewicz (POLITYKA) i Bartosz W\u0119glarczyk (Onet) b\u0119d\u0105 naszymi go\u015b\u0107mi w Radiu TOK FM we wtorek, 18 kwietnia, o godz. 20.05.<\/p>\n","protected":false},"excerpt":{"rendered":"<p>Najwi\u0119kszym sojusznikiem opozycji jest Prawo i Sprawiedliwo\u015b\u0107. Opozycja jest do\u015b\u0107 niemrawa, ale pracuje na ni\u0105 PiS. Kolejne pora\u017cki w\u0142adzy s\u0105 zas\u0142ug\u0105 obozu rz\u0105dz\u0105cego \u2013 opozycja nie musia\u0142a ruszy\u0107 palcem w bucie, wystarczy\u0142o nie przeszkadza\u0107.<\/p>\n","protected":false},"author":4,"featured_media":0,"comment_status":"open","ping_status":"closed","sticky":false,"template":"","format":"standard","meta":{"footnotes":""},"categories":[1],"tags":[],"_links":{"self":[{"href":"https:\/\/blog.polityka.pl\/passent\/wp-json\/wp\/v2\/posts\/3883"}],"collection":[{"href":"https:\/\/blog.polityka.pl\/passent\/wp-json\/wp\/v2\/posts"}],"about":[{"href":"https:\/\/blog.polityka.pl\/passent\/wp-json\/wp\/v2\/types\/post"}],"author":[{"embeddable":true,"href":"https:\/\/blog.polityka.pl\/passent\/wp-json\/wp\/v2\/users\/4"}],"replies":[{"embeddable":true,"href":"https:\/\/blog.polityka.pl\/passent\/wp-json\/wp\/v2\/comments?post=3883"}],"version-history":[{"count":4,"href":"https:\/\/blog.polityka.pl\/passent\/wp-json\/wp\/v2\/posts\/3883\/revisions"}],"predecessor-version":[{"id":3887,"href":"https:\/\/blog.polityka.pl\/passent\/wp-json\/wp\/v2\/posts\/3883\/revisions\/3887"}],"wp:attachment":[{"href":"https:\/\/blog.polityka.pl\/passent\/wp-json\/wp\/v2\/media?parent=3883"}],"wp:term":[{"taxonomy":"category","embeddable":true,"href":"https:\/\/blog.polityka.pl\/passent\/wp-json\/wp\/v2\/categories?post=3883"},{"taxonomy":"post_tag","embeddable":true,"href":"https:\/\/blog.polityka.pl\/passent\/wp-json\/wp\/v2\/tags?post=3883"}],"curies":[{"name":"wp","href":"https:\/\/api.w.org\/{rel}","templated":true}]}}