
{"id":3896,"date":"2017-04-22T21:10:25","date_gmt":"2017-04-22T19:10:25","guid":{"rendered":"http:\/\/passent.blog.polityka.pl\/?p=3896"},"modified":"2017-04-22T21:27:05","modified_gmt":"2017-04-22T19:27:05","slug":"dobry-morderca-bo-nasz","status":"publish","type":"post","link":"https:\/\/blog.polityka.pl\/passent\/2017\/04\/22\/dobry-morderca-bo-nasz\/","title":{"rendered":"Dobry morderca, bo nasz"},"content":{"rendered":"<p>Adam Szostkiewicz na swoim blogu <a href=\"http:\/\/szostkiewicz.blog.polityka.pl\/2017\/04\/21\/sprawa-walusia-prawica-broni-zbrodniarza\/\" target=\"_blank\">wszechstronnie na\u015bwietli\u0142 spraw\u0119 Janusza Walusia<\/a>, ale i mnie ten temat kr\u0119ci. Zw\u0142aszcza \u201eJanusz Walu\u015b a sprawa polska\u201d.<br \/>\n<!--more--><br \/>\nSympatycy Walusia nie ukrywaj\u0105 swoich motyw\u00f3w. Walu\u015b robi\u0142 to, co robili \u017co\u0142nierze wykl\u0119ci, walczy\u0142 z komunistami &#8211; twierdz\u0105. Taka analogia jest jednak obraz\u0105 dla idealizowanych czasami \u017co\u0142nierzy wykl\u0119tych. Czy\u017cby oni mordowali bezbronnych ludzi, strzelaj\u0105c im w plecy?<\/p>\n<p>5 maja przed Pa\u0142acem Prezydenckim ma si\u0119 odby\u0107 demonstracja pod has\u0142em \u201eWolno\u015b\u0107 dla Janusza Walusia, ostatniego \u017co\u0142nierza wykl\u0119tego\u201d. W odr\u00f3\u017cnieniu od prawdziwych \u017co\u0142nierzy wykl\u0119tych, kt\u00f3rych post\u0119powanie jest przedmiotem wielu bada\u0144 i spor\u00f3w oraz oficjalnego kultu, sowicie finansowanego przez pa\u0144stwo, czyn Walusia nie budzi w\u0105tpliwo\u015bci: z zimn\u0105 krwi\u0105 zamordowa\u0142 Chrisa Haniego, czarnosk\u00f3rego bojownika z apartheidem i jednego z przyw\u00f3dc\u00f3w Po\u0142udniowoafryka\u0144skiej Partii Komunistycznej.<\/p>\n<p>Czy jednak \u017cycie takich ludzi jest nic niewarte? Hani, weteran walki z rasizmem, szkolony za granic\u0105 partyzant, odgrywa\u0142 wa\u017cn\u0105 rol\u0119 w rozmowach na temat zako\u0144czenia apartheidu. Jego zab\u00f3jstwo, zorganizowane przez rasistowsk\u0105 prawic\u0119, mog\u0142o wywo\u0142a\u0107 rozruchy i nieobliczalne skutki. O to w\u0142a\u015bnie chodzi\u0142o, o \u201euratowanie apartheidu\u201d.<\/p>\n<p>\u201eKraj znalaz\u0142 si\u0119 na kraw\u0119dzi katastrofy. To morderstwo pope\u0142nione z zimn\u0105 krwi\u0105 zaszokowa\u0142o nas i \u015bwiat. Teraz jest czas, aby wszyscy mieszka\u0144cy RPA sprzeciwili si\u0119 tym, kt\u00f3rzy chc\u0105 zniszczy\u0107 to, za co Chris Hani odda\u0142 \u017cycie \u2013 za wolno\u015b\u0107 dla nas wszystkich\u201d \u2013 m\u00f3wi\u0142 Nelson Mandela.<\/p>\n<p>Walu\u015b zosta\u0142 skazany na kar\u0119 \u015bmierci, a po jej zniesieniu na do\u017cywotnie wi\u0119zienie. Wkr\u00f3tce, po odbyciu 15 lat kary, m\u00f3g\u0142by zosta\u0107 zwolniony warunkowo i deportowany do Polski. Zabiegaj\u0105 o to jego sympatycy, w\u015br\u00f3d nich parlamentarzy\u015bci Kukiz\u201915, prof. Jan \u017baryn, cz\u0142onkowie CEP (narodowo-prawicowe Centrum Edukacyjne Powi\u015ble), a nawet kibice Legii, bardzo czuli na punkcie fair play, kt\u00f3rzy wywiesili transparent: \u201eJanusz Walu\u015b \u2013 czekamy szybkiego powrotu, bracie\u201d.<\/p>\n<p>Morderca z Polski szybko staje si\u0119 przedmiotem kultu jako \u201eostatni \u017co\u0142nierz wykl\u0119ty\u201d, ma swoich zwolennik\u00f3w, kt\u00f3rzy pozostaj\u0105 z nim w sta\u0142ym kontakcie. Polscy obro\u0144cy Walusia to zapewne ludzie wierz\u0105cy, przyk\u0142adnie chodz\u0105 do ko\u015bcio\u0142a, s\u0105 za wolno\u015bci\u0105 przekona\u0144 i za dekalogiem, zw\u0142aszcza \u201enie zabijaj\u201d jako prawica i konserwaty\u015bci. Chyba \u017ce chodzi o Murzyna i komucha.<\/p>\n<p>5 maja s\u0105d w Pretorii ma zdecydowa\u0107 o jego przedterminowym zwolnieniu \u2013 informuje \u201eGazeta Wyborcza\u201d \u2013 jedyna, kt\u00f3ra \u015bledzi spraw\u0119 Walusia. W Polsce rodzi si\u0119 kult zab\u00f3jcy, bo c\u00f3\u017c takiego z\u0142ego on zrobi\u0142? Zastrzeli\u0142 czarnego i czerwonego zarazem. Nale\u017cy mu si\u0119 pomnik, najlepiej na Kolumnie Zygmunta lub w innym eksponowanym miejscu. To dobry morderca, bo nasz.<\/p>\n","protected":false},"excerpt":{"rendered":"<p>Adam Szostkiewicz na swoim blogu wszechstronnie na\u015bwietli\u0142 spraw\u0119 Janusza Walusia, ale i mnie ten temat kr\u0119ci. Zw\u0142aszcza \u201eJanusz Walu\u015b a sprawa polska\u201d.<\/p>\n","protected":false},"author":4,"featured_media":0,"comment_status":"open","ping_status":"closed","sticky":false,"template":"","format":"standard","meta":{"footnotes":""},"categories":[1],"tags":[],"_links":{"self":[{"href":"https:\/\/blog.polityka.pl\/passent\/wp-json\/wp\/v2\/posts\/3896"}],"collection":[{"href":"https:\/\/blog.polityka.pl\/passent\/wp-json\/wp\/v2\/posts"}],"about":[{"href":"https:\/\/blog.polityka.pl\/passent\/wp-json\/wp\/v2\/types\/post"}],"author":[{"embeddable":true,"href":"https:\/\/blog.polityka.pl\/passent\/wp-json\/wp\/v2\/users\/4"}],"replies":[{"embeddable":true,"href":"https:\/\/blog.polityka.pl\/passent\/wp-json\/wp\/v2\/comments?post=3896"}],"version-history":[{"count":5,"href":"https:\/\/blog.polityka.pl\/passent\/wp-json\/wp\/v2\/posts\/3896\/revisions"}],"predecessor-version":[{"id":3901,"href":"https:\/\/blog.polityka.pl\/passent\/wp-json\/wp\/v2\/posts\/3896\/revisions\/3901"}],"wp:attachment":[{"href":"https:\/\/blog.polityka.pl\/passent\/wp-json\/wp\/v2\/media?parent=3896"}],"wp:term":[{"taxonomy":"category","embeddable":true,"href":"https:\/\/blog.polityka.pl\/passent\/wp-json\/wp\/v2\/categories?post=3896"},{"taxonomy":"post_tag","embeddable":true,"href":"https:\/\/blog.polityka.pl\/passent\/wp-json\/wp\/v2\/tags?post=3896"}],"curies":[{"name":"wp","href":"https:\/\/api.w.org\/{rel}","templated":true}]}}