
{"id":3903,"date":"2017-04-29T15:52:25","date_gmt":"2017-04-29T13:52:25","guid":{"rendered":"http:\/\/passent.blog.polityka.pl\/?p=3903"},"modified":"2017-04-29T16:20:25","modified_gmt":"2017-04-29T14:20:25","slug":"episkopat-lepiej-pozno-niz-wcale","status":"publish","type":"post","link":"https:\/\/blog.polityka.pl\/passent\/2017\/04\/29\/episkopat-lepiej-pozno-niz-wcale\/","title":{"rendered":"Episkopat:  Lepiej p\u00f3\u017ano ni\u017c wcale"},"content":{"rendered":"<p>No, nareszcie, dobre i to! \u2013 chcia\u0142oby si\u0119 powiedzie\u0107. Po latach harc\u00f3w prawicy, narodowc\u00f3w i kibic\u00f3w w \u015bwietle pochodni pod Jasn\u0105 G\u00f3r\u0105, po latach milczenia w sprawie incydent\u00f3w rasistowskich i ksenofobicznych, po latach manipulowania polityk\u0105 historyczn\u0105 dla cel\u00f3w politycznych, po latach \u201erekonstrukcyjnych zabaw w wojn\u0119 i w powstanie\u201d, po latach wyg\u0142adzania wojny i przedstawiania jej jako czego\u015b fajnego i korzystnego (patrz recenzje zaufanych recenzent\u00f3w z Muzeum II Wojny \u015awiatowej), po latach politykowania \u00e0 la PiS &#8211; episkopat nareszcie (!) zabra\u0142 g\u0142os w sprawie nacjonalizmu i ksenofobii, i to w spos\u00f3b rozs\u0105dny, co \u2013 niestety \u2013 jest zaskoczeniem.<br \/>\n<!--more--><br \/>\nNowy dokument episkopatu Polski zas\u0142uguje na uwag\u0119, dlatego zamierzam go obszernie \u201enag\u0142o\u015bni\u0107 na blogu\u201d. Wiem, wiem, od jednego dokumentu wiele si\u0119 nie zmieni, narodowo-prawicowe media, ojciec dyrektor, kazania z dnia na dzie\u0144 si\u0119 nie zmieni\u0105, o kibolach nie wspominaj\u0105c, ale niech \u017cywi nie trac\u0105 nadziei, a kropla dr\u0105\u017cy ska\u0142\u0119.<\/p>\n<p>Biskupi widz\u0105 jako sprzeczny z patriotyzmem \u201eegoizm narodowy, nacjonalizm, kultywuj\u0105cy poczucie w\u0142asnej wy\u017cszo\u015bci, zamykaj\u0105cy si\u0119 na inne wsp\u00f3lnoty narodowe\u2026\u201d.<\/p>\n<p>\u201eZa niedopuszczalne i ba\u0142wochwalcze uzna\u0107 nale\u017cy wszelkie pr\u00f3by podnoszenia w\u0142asnego narodu do rangi absolutu\u2026\u201d.<\/p>\n<p>\u201eNacjonalizm (przedk\u0142ada) cz\u0119sto nacechowane niech\u0119ci\u0105 wobec obcych, sztywne diagnozy i programy polityczne\u2026\u201d.<\/p>\n<p>Potrzebny jest naszej ojczy\u017anie patriotyzm otwarty, \u201eoparty na szacunku dla innych kultur i narod\u00f3w. Patriotyzm bez przemocy i pogardy, (\u2026) wra\u017cliwy tak\u017ce na cierpienie i krzywd\u0119, kt\u00f3ra dotyka tak\u017ce innych ludzi i inne narody\u201d.<\/p>\n<p>Teraz nast\u0119puje fragment nie do ko\u0144ca jasny, by\u0107 mo\u017ce celowo, mo\u017ce nast\u0119pne zdania s\u0105 owocem kompromisu biskup\u00f3w r\u00f3\u017cnie my\u015bl\u0105cych. Ot\u00f3\u017c innowiercy \u201edobrze s\u0142u\u017cyli naszej wsp\u00f3lnej ojczy\u017anie i nadal jej s\u0142u\u017c\u0105. (\u2026) I cho\u0107 dokonany przez niemieckich nazist\u00f3w zbrodniczy Holocaust, a tak\u017ce inne tragiczne wydarzenia II wojny \u015bwiatowej oraz ich nast\u0119pstwa sprawi\u0142y, \u017ce wielu z nich mi\u0119dzy nami zabrak\u0142o, to ich wk\u0142ad na zawsze b\u0119dzie wpisany w nasz\u0105 kultur\u0119 (\u2026)\u201d.<\/p>\n<p>Tu nasuwa si\u0119 pytanie, co episkopat ma na my\u015bli, pisz\u0105c o \u201einnych tragicznych wydarzeniach II wojny \u015bwiatowej oraz ich nast\u0119pstwach\u201d?<\/p>\n<p>Czytamy dalej, tym razem o polityce historycznej: \u201eza nieuprawnione i niebezpieczne uzna\u0107 nale\u017cy nadu\u017cywanie i instrumentalizowanie pami\u0119ci historycznej w bie\u017c\u0105cej konkurencji i rywalizacji politycznej\u201d.<\/p>\n<p>O kibicach: \u201eStadiony sportowe bywaj\u0105 niekiedy miejscem niepokoj\u00f3w i agresji, tak\u017ce o pod\u0142o\u017cu etnicznym. Zdarza si\u0119, niestety, \u017ce (kibice) obra\u017caj\u0105 innych\u201d. Narodowy czy te\u017c lokalny patriotyzm \u201enie mo\u017ce by\u0107 nigdy uzasadnieniem dla wrogo\u015bci, pogardy i agresji\u201d.<\/p>\n<p>O rekonstrukcjach historycznych: \u201ePrzygotowuj\u0105c tego rodzaju inscenizacje, pami\u0119ta\u0107 nale\u017cy o misterium ludzkiej \u015bmierci i cierpienia, l\u0119ku i bohaterstwa, kt\u00f3rych dostoje\u0144stwo i tajemnic\u0119 nie zawsze da si\u0119 w\u0142a\u015bciwie ukaza\u0107 w masowych, plenerowych prezentacjach\u201d.<\/p>\n<p>No i wreszcie nawi\u0105zanie do oficjalnej krytyki zamykanego ju\u017c Muzeum II Wojny \u015awiatowej w Gda\u0144sku, za rzekomo zbytni nacisk na cierpienia ludno\u015bci cywilnej i pomniejszanie aspekt\u00f3w militarnych wojny: \u201eWojna, cho\u0107 cz\u0119sto ujawnia ludzk\u0105 wielko\u015b\u0107 i bohaterstwo, nie jest barwn\u0105 opowie\u015bci\u0105 czy przygod\u0105, ale dramatem, cierpieniem i z\u0142em, kt\u00f3remu nale\u017cy zawsze zapobiega\u0107\u201d \u2013 upominaj\u0105 biskupi.<\/p>\n<p>Tyle, w najwi\u0119kszym skr\u00f3cie, episkopat. Nie mam z\u0142udze\u0144 \u2013 wiele si\u0119 od tego nie zmieni, \u015brodowiska nacjonalistyczne nie wezm\u0105 tego do siebie (my \u2013 nacjonalistami? Nigdy). Kibole nie przestan\u0105 wy\u0107 i bi\u0107, rasi\u015bci nadal b\u0119d\u0105 atakowa\u0107 obcych, przemys\u0142 rekonstrukcyjny nie zadba o prawd\u0119 historyczn\u0105, niekt\u00f3rzy historycy i politycy nie przestan\u0105 zamazywa\u0107 prawdy historycznej i zr\u00f3wnywa\u0107 rewizjonist\u00f3w z ziemi\u0105, \u017co\u0142nierze wykl\u0119ci pozostan\u0105 nieposzlakowani. Jednych b\u0119d\u0105 wymazywa\u0107 z historii \u2013 innym stawia\u0107 pomniki, jak to mia\u0142o miejsce niedawno w kancelarii premiera. Itd.<\/p>\n<p>Ale gdyby episkopat nadal milcza\u0142 \u2013 czy by\u0142oby lepiej?<\/p>\n","protected":false},"excerpt":{"rendered":"<p>No, nareszcie, dobre i to! \u2013 chcia\u0142oby si\u0119 powiedzie\u0107. Po latach harc\u00f3w prawicy, narodowc\u00f3w i kibic\u00f3w w \u015bwietle pochodni pod Jasn\u0105 G\u00f3r\u0105, po latach milczenia w sprawie incydent\u00f3w rasistowskich i ksenofobicznych, po latach manipulowania polityk\u0105 historyczn\u0105 dla cel\u00f3w politycznych, po latach \u201erekonstrukcyjnych zabaw w wojn\u0119 i w powstanie\u201d, po latach wyg\u0142adzania wojny i przedstawiania jej [&hellip;]<\/p>\n","protected":false},"author":4,"featured_media":0,"comment_status":"open","ping_status":"closed","sticky":false,"template":"","format":"standard","meta":{"footnotes":""},"categories":[1],"tags":[],"_links":{"self":[{"href":"https:\/\/blog.polityka.pl\/passent\/wp-json\/wp\/v2\/posts\/3903"}],"collection":[{"href":"https:\/\/blog.polityka.pl\/passent\/wp-json\/wp\/v2\/posts"}],"about":[{"href":"https:\/\/blog.polityka.pl\/passent\/wp-json\/wp\/v2\/types\/post"}],"author":[{"embeddable":true,"href":"https:\/\/blog.polityka.pl\/passent\/wp-json\/wp\/v2\/users\/4"}],"replies":[{"embeddable":true,"href":"https:\/\/blog.polityka.pl\/passent\/wp-json\/wp\/v2\/comments?post=3903"}],"version-history":[{"count":3,"href":"https:\/\/blog.polityka.pl\/passent\/wp-json\/wp\/v2\/posts\/3903\/revisions"}],"predecessor-version":[{"id":3906,"href":"https:\/\/blog.polityka.pl\/passent\/wp-json\/wp\/v2\/posts\/3903\/revisions\/3906"}],"wp:attachment":[{"href":"https:\/\/blog.polityka.pl\/passent\/wp-json\/wp\/v2\/media?parent=3903"}],"wp:term":[{"taxonomy":"category","embeddable":true,"href":"https:\/\/blog.polityka.pl\/passent\/wp-json\/wp\/v2\/categories?post=3903"},{"taxonomy":"post_tag","embeddable":true,"href":"https:\/\/blog.polityka.pl\/passent\/wp-json\/wp\/v2\/tags?post=3903"}],"curies":[{"name":"wp","href":"https:\/\/api.w.org\/{rel}","templated":true}]}}