
{"id":3907,"date":"2017-05-01T10:30:28","date_gmt":"2017-05-01T08:30:28","guid":{"rendered":"http:\/\/passent.blog.polityka.pl\/?p=3907"},"modified":"2017-05-01T10:49:58","modified_gmt":"2017-05-01T08:49:58","slug":"fatalne-slowa-prezydenta","status":"publish","type":"post","link":"https:\/\/blog.polityka.pl\/passent\/2017\/05\/01\/fatalne-slowa-prezydenta\/","title":{"rendered":"Fatalne s\u0142owa prezydenta"},"content":{"rendered":"<p>Prezydent Duda, kt\u00f3ry obieca\u0142 by\u0107 prezydentem wszystkich Polak\u00f3w, powiedzia\u0142 co\u015b, co budzi g\u0142\u0119boki sprzeciw i co przeczyta\u0142em z g\u0142\u0119bokim smutkiem.<br \/>\n<!--more--><br \/>\nOto s\u0142owa Andrzeja Dudy: \u201eCi, kt\u00f3rzy s\u0105 potomkami zdrajc\u00f3w, nigdy nie b\u0119d\u0105 chcieli tego przyzna\u0107. B\u0119d\u0105 walczyli z prawd\u0105 historyczn\u0105. Miejmy \u015bwiadomo\u015b\u0107 tego, \u017ce dzieci i wnuki zdrajc\u00f3w Rzeczypospolitej, kt\u00f3rzy tutaj walczyli o utrzymanie sowieckiej dominacji nad Polsk\u0105, zajmuj\u0105 wiele eksponowanych stanowisk. W ro\u017cnych miejscach \u2013 w mediach, w biznesie. Oni nigdy nie b\u0119d\u0105 chcieli si\u0119 zgodzi\u0107, by prawda o wyczynach ich ojc\u00f3w, dziadk\u00f3w i pradziadk\u00f3w zdominowa\u0142a polska narracj\u0119 historyczn\u0105. B\u0119d\u0105 zawsze przeciwko temu walczyli. I w tym znaczeniu tej jedno\u015bci nie b\u0119dziemy mieli nigdy\u201d.<\/p>\n<p>I dalej: \u201e\u015amia\u0107 mi si\u0119 chce, gdy s\u0142ysz\u0119, \u017ce Andrzej Duda nie jest prezydentem wszystkich Polak\u00f3w, bo podpisa\u0142 jak\u0105\u015b ustaw\u0119, przeciwko kt\u00f3rej nie zgadza si\u0119 jaka\u015b grupa spo\u0142eczna\u201d.<\/p>\n<p>Zdecydowanie nie zgadzam si\u0119 z tym, co powiedzia\u0142 prezydent Duda.<\/p>\n<p>Po pierwsze: Duda zn\u00f3w sortuje i dzieli Polak\u00f3w na lepszych i gorszych. Ci drudzy s\u0105 i pozostan\u0105 gorsi do drugiego, trzeciego i dalszych pokole\u0144 \u2013 na wieki. Tak m\u00f3wi\u0105c, prezydent wyklucza jakiekolwiek pojednanie mi\u0119dzy lud\u017ami, a nawet narodami, mi\u0119dzy Francuzami i Niemcami, mi\u0119dzy Polakami i Rosjanami, Polakami i \u017bydami etc.<\/p>\n<p>Po drugie: s\u0142owa Andrzeja Dudy zak\u0142adaj\u0105, \u017ce nie istnieje co\u015b takiego jak dobro, kt\u00f3re cz\u0142owiek mo\u017ce zrozumie\u0107, stan\u0105\u0107 po jego stronie, nawet je\u015bli kiedy\u015b b\u0142\u0105dzi\u0142. Jak na gorliwego chrze\u015bcijanina \u2013 dziwny pogl\u0105d.<\/p>\n<p>Po trzecie: prezydent post\u0119puje dok\u0142adnie wbrew dokumentowi, kt\u00f3ry kilka dni temu og\u0142osi\u0142 episkopat Ko\u015bcio\u0142a katolickiego, a w nim apeluje przeciwko wykorzystywaniu historii do bie\u017c\u0105cej walki politycznej.<\/p>\n<p>Po czwarte: prezydent Duda wykazuje si\u0119 ra\u017c\u0105c\u0105 nieznajomo\u015bci\u0105 historii. Niekt\u00f3rzy zdrajcy i potomkowie zdrajc\u00f3w w\u0142asn\u0105 krwi\u0105 i wolno\u015bci\u0105 zap\u0142acili za obalenie komunizmu. Komitet Obrony Robotnik\u00f3w by\u0142 pe\u0142en takich ludzi, a najlepszym przyk\u0142adem i wzorem postawy obywatelskiej jest prof. Karol Modzelewski \u2013 urodzony w Moskwie, syn komunisty, by\u0142y cz\u0142onek PZPR, kt\u00f3ry od lat studenckich znalaz\u0142 si\u0119 w awangardzie opozycji, najpierw rewizjonistycznej, potem demokratycznej, i za swoje przekonania sp\u0119dzi\u0142 w sumie dziewi\u0119\u0107 lat w komunistycznych wi\u0119zieniach. A Leszek Ko\u0142akowski, a Edward Lipi\u0144ski?<\/p>\n<p>Po pi\u0105te: dlaczego prezydent Duda toleruje w obozie w\u0142adzy by\u0142ych cz\u0142onk\u00f3w PZPR, pan\u00f3w Piotrowicza, Jackiewicza czy dr. Berczy\u0144skiego, kt\u00f3ry ostatnio da\u0142 nog\u0119 do USA?<\/p>\n<p>Po sz\u00f3ste: jak mo\u017cna jednym tchem m\u00f3wi\u0107, \u017ce jest si\u0119 prezydentem wszystkich Polak\u00f3w, a zarazem cz\u0119\u015b\u0107 z nich pot\u0119pia\u0107, z g\u00f3ry dekretuj\u0105c, co b\u0119d\u0105 my\u015bla\u0142y ich dzieci i wnuki?<\/p>\n<p>Po si\u00f3dme: przyda\u0142aby si\u0119 lekcja historii powszechnej, od powojennych Niemiec po Hiszpani\u0119 i Chile, gdzie ludzie \u015bwiatli dzia\u0142ali na rzecz pojednania, widzieli we wczorajszych przeciwnikach nie tylko samo z\u0142o. Prezydent Duda odwrotnie \u2013 jest niez\u0142omny kosztem innych.<\/p>\n<p>S\u0142owa prezydenta Dudy napawaj\u0105 g\u0142\u0119bokim smutkiem i budz\u0105 zdecydowany sprzeciw. Takich s\u0142\u00f3w si\u0119 nie zapomina.<\/p>\n","protected":false},"excerpt":{"rendered":"<p>Prezydent Duda, kt\u00f3ry obieca\u0142 by\u0107 prezydentem wszystkich Polak\u00f3w, powiedzia\u0142 co\u015b, co budzi g\u0142\u0119boki sprzeciw i co przeczyta\u0142em z g\u0142\u0119bokim smutkiem.<\/p>\n","protected":false},"author":4,"featured_media":0,"comment_status":"open","ping_status":"closed","sticky":false,"template":"","format":"standard","meta":{"footnotes":""},"categories":[1],"tags":[],"_links":{"self":[{"href":"https:\/\/blog.polityka.pl\/passent\/wp-json\/wp\/v2\/posts\/3907"}],"collection":[{"href":"https:\/\/blog.polityka.pl\/passent\/wp-json\/wp\/v2\/posts"}],"about":[{"href":"https:\/\/blog.polityka.pl\/passent\/wp-json\/wp\/v2\/types\/post"}],"author":[{"embeddable":true,"href":"https:\/\/blog.polityka.pl\/passent\/wp-json\/wp\/v2\/users\/4"}],"replies":[{"embeddable":true,"href":"https:\/\/blog.polityka.pl\/passent\/wp-json\/wp\/v2\/comments?post=3907"}],"version-history":[{"count":4,"href":"https:\/\/blog.polityka.pl\/passent\/wp-json\/wp\/v2\/posts\/3907\/revisions"}],"predecessor-version":[{"id":3911,"href":"https:\/\/blog.polityka.pl\/passent\/wp-json\/wp\/v2\/posts\/3907\/revisions\/3911"}],"wp:attachment":[{"href":"https:\/\/blog.polityka.pl\/passent\/wp-json\/wp\/v2\/media?parent=3907"}],"wp:term":[{"taxonomy":"category","embeddable":true,"href":"https:\/\/blog.polityka.pl\/passent\/wp-json\/wp\/v2\/categories?post=3907"},{"taxonomy":"post_tag","embeddable":true,"href":"https:\/\/blog.polityka.pl\/passent\/wp-json\/wp\/v2\/tags?post=3907"}],"curies":[{"name":"wp","href":"https:\/\/api.w.org\/{rel}","templated":true}]}}