
{"id":391,"date":"2008-01-04T04:34:12","date_gmt":"2008-01-04T03:34:12","guid":{"rendered":"http:\/\/passent.blog.polityka.pl\/?p=391"},"modified":"2008-01-04T04:34:12","modified_gmt":"2008-01-04T03:34:12","slug":"tryptyk","status":"publish","type":"post","link":"https:\/\/blog.polityka.pl\/passent\/2008\/01\/04\/tryptyk\/","title":{"rendered":"Tryptyk"},"content":{"rendered":"<p><strong>ASPIRACJE TUSKA<\/strong><br \/>\nGrzegorz Schetyna i Zbigniew Chlebowski swoimi wypowiedziami na temat aspiracji prezydenckich Donalda Tuska oddaj\u0105 swojemu szefowi nied\u017awiedzi\u0105 przys\u0142ug\u0119. Powinni kategorycznie odmawia\u0107 komentarzy w tej sprawie. Utrzymywa\u0107, \u017ce \u201ew tym temacie nie posiadaj\u0105 \u017cadnej wiedzy\u201d. Wiadomo, \u017ce aspiracje prezydenckie mog\u0105 by\u0107 przeszkod\u0105 w dobrym sprawowaniu funkcji premiera. Je\u017celi Donald Tusk jako premier b\u0119dzie unika\u0142 niepopularnych decyzji, je\u015bli b\u0119dzie kluczy\u0142, je\u015bli nie b\u0119dzie si\u0119 chcia\u0142 nikomu narazi\u0107 (rolnikom bo KRUS, g\u00f3rnikom, lekarzom, nauczycielom, Ko\u015bcio\u0142owi bo religia) &#8211; poniewa\u017c ka\u017cdy g\u0142os si\u0119 liczy, to mo\u017ce zaszkodzi\u0107 Platformie, sobie samemu i nam wszystkim.<\/p>\n<p>Chcia\u0142oby si\u0119 powiedzie\u0107: \u201ePanie premierze, prosz\u0119 zapomnie\u0107 o prezydenturze, opozycja i media b\u0119d\u0105 Panu o niej ci\u0105gle przypomina\u0107, na to nie ma rady, ale Schetyna i Chlebowski \u2013 po c\u00f3\u017c oni wdaj\u0105 si\u0119 w takie dyskusje?\u201d Czy ma\u0142o jest w Polsce spraw wa\u017cniejszych ni\u017c sen o prezydenturze? Platforma jest w tej dobrej sytuacji, \u017ce ma kilku kandydat\u00f3w do najwy\u017cszego urz\u0119du (Tusk, Komorowski, Sikorski), poza tym mo\u017ce wysun\u0105\u0107 inn\u0105, jeszcze lepsz\u0105 kandydatur\u0119 z poza w\u0142asnych szereg\u00f3w, wi\u0119c przedwczesne \u201eprawybory\u201d mog\u0105 by\u0107 zarzewiem konfliktu. Moja rada: Przez najbli\u017csze dwa lata ani mru mru na ten temat.<\/p>\n<p><strong>SZKO\u0141A MARCINKIEWICZA<\/strong><br \/>\nJeszcze trzy sprawy na marginesie wczorajszego dnia. Szko\u0142a Marcinkiewicza i Gowina dla polityk\u00f3w \u2013 popieram ka\u017cd\u0105 inicjatyw\u0119 edukacyjn\u0105, pod warunkiem, \u017ce nie b\u0119dzie subwencjonowana przez pa\u0144stwo i Uni\u0119 Europejsk\u0105 pod pretekstem wiercenia w ziemi i poszukiwania ciep\u0142ego \u017ar\u00f3d\u0142a euro, tak jak pewna uczelnia w Toruniu. S\u0105dz\u0105c po nazwiskach inicjator\u00f3w oraz pierwszych \u017cyczliwych komentarzach (Marcinkiewicz, Gowin, Rokita, Religa, J. Kaczy\u0144ski), b\u0119dzie to uczelnia, czy studium w Akademii Europejskiej, o charakterze prawicowym, ale mniejsza o to, przede wszystkim liczy si\u0119 poziom, a nie kierunek. Je\u017celi b\u0119d\u0105 dobrze nauczali historii, ekonomii, geografii, stosunk\u00f3w mi\u0119dzynarodowych etc., to daj im Bo\u017ce zdrowie. Mo\u017ce przygotuj\u0105 lepsz\u0105 kadr\u0119 ni\u017c pp. Putra, Ziobro, Kuchci\u0144ski, Giertych, Kurski i inni. Mie\u0107 kulturaln\u0105, wykszta\u0142con\u0105 prawic\u0119 \u2013 ka\u017cdy by chcia\u0142. Mo\u017ce to zdopinguje i lewic\u0119 do za\u0142o\u017cenia jakiego\u015b lataj\u0105cego uniwersytetu?<\/p>\n<p>Na razie lewica pokaza\u0142a w Internecie <a target=\"_blank\" href=\"http:\/\/www.sld.org.pl\/index.php?view=1&#038;art_id=14328&#038;pid=18&#038;ret_id=178&#038;rsid=0\"><strong>film<\/strong><\/a> o wiaro\u0142omstwie Donalda Tuska w sprawie Karty Praw Obywatelskich \u2013 obiecywa\u0142, mia\u0142 za z\u0142e premierowi Kaczy\u0144skiemu, a jak dosz\u0142o co do czego, to nie podpisa\u0142. Ten film te\u017c popieram (chocia\u017c muzyka okropna). Mie\u015bci si\u0119 w granicach dzia\u0142a\u0144 opozycji. Co prawda Donald Tusk t\u0142umaczy\u0142, dlaczego na razie Karty nie podpisa\u0142, ale znaj\u0105c premiera nie mo\u017cemy by\u0107 przekonani, \u017ce do tej sprawy wr\u00f3ci.<\/p>\n<p><strong>KSI\u0104\u017bKA GROSSA<\/strong><br \/>\nWreszcie sprawa trzecia \u2013 <a target=\"_blank\" href=\"http:\/\/www.polityka.pl\/polityka\/index.jsp?place=Lead33&#038;news_cat_id=1139&#038;news_id=185572&#038;layout=18&#038;forum_id=5280&#038;fpage=Threads&#038;page=text\"><strong>nowa ksi\u0105\u017cka Jana T. Grossa \u201eStrach\u201d<\/strong><\/a> o antysemityzmie w Polsce. Ksi\u0105\u017cki jeszcze nie czyta\u0142em, ale obejrza\u0142em wczoraj w TVN rozmow\u0119 T. Sekielskiego z historykiem, drem Paw\u0142em Machcewiczem oraz z publicyst\u0105 Konstantym Gebertem. To by\u0142a dobra rozmowa. By\u0142a widoczna r\u00f3\u017cnica zda\u0144. Gebert bli\u017cszy by\u0142 tezom Grossa o polskim antysemityzmie, m\u00f3wi\u0142 np. o tym, \u017ce Ko\u015bci\u00f3\u0142 nie pot\u0119pi\u0142 pogromu kieleckiego, dr Machcewicz, cho\u0107 uwa\u017ca tamte wydarzenia za haniebne, rozumie uwarunkowania, w jakich dzia\u0142a\u0142 kardyna\u0142 Hlond, kt\u00f3ry mia\u0142 usta zasznurowane, nie m\u00f3g\u0142 pot\u0119pi\u0107 przemocy wobec Polak\u00f3w, AK-owc\u00f3w, patriot\u00f3w, milcza\u0142 wi\u0119c i w sprawie mord\u00f3w na \u017bydach. Dla Geberta \u2013 nie by\u0142o to \u017cadne alibi. Dla Machcewicza Gross posuwa si\u0119 zbyt daleko w interpretacji, nie daje t\u0142a historycznego, u\u017cywa zbyt radykalnego j\u0119zyka.<\/p>\n<p>By\u0142a to dyskusja na poziomie, aczkolwiek w swoim gronie wykszta\u0142ciuch\u00f3w i dobrze, \u017ce ksi\u0105\u017cka Grossa j\u0105 sprowokowa\u0142a. A \u017ce \u201eStrach\u201d wywo\u0142a kolejn\u0105 pukawk\u0119, odezw\u0105 si\u0119 narodowi patrioci, kt\u00f3rzy maj\u0105 fio\u0142a na punkcie \u201epolako\u017cerc\u00f3w\u201d, czyli \u201ekatoendencja\u201d \u2013 jak ich nazywa Gross, a z drugiej strony ludzie, kt\u00f3rych nic do Polski i do Polak\u00f3w nie przekona \u2013 na to nie ma lekarstwa. Gdyby\u015bmy mieli z obawy przed nimi unika\u0107 m\u00f3wienia o sprawach bolesnych i wszystko owija\u0107 w bawe\u0142n\u0119, to nie mo\u017cna by by\u0142o spojrze\u0107 prawdzie w oczy. A prawd\u0119 ka\u017cdy widzi troch\u0119 inaczej. Jak powiedzia\u0142 Machcewicz \u2013 fakty nie budz\u0105 kontrowersji, tylko ich interpretacja. Jest to i tak znaczny post\u0119p, bo kiedy\u015b w kwestii pogrom\u00f3w spierano si\u0119 o fakty.<\/p>\n","protected":false},"excerpt":{"rendered":"<p>ASPIRACJE TUSKA Grzegorz Schetyna i Zbigniew Chlebowski swoimi wypowiedziami na temat aspiracji prezydenckich Donalda Tuska oddaj\u0105 swojemu szefowi nied\u017awiedzi\u0105 przys\u0142ug\u0119. Powinni kategorycznie odmawia\u0107 komentarzy w tej sprawie. Utrzymywa\u0107, \u017ce \u201ew tym temacie nie posiadaj\u0105 \u017cadnej wiedzy\u201d. Wiadomo, \u017ce aspiracje prezydenckie mog\u0105 by\u0107 przeszkod\u0105 w dobrym sprawowaniu funkcji premiera. Je\u017celi Donald Tusk jako premier b\u0119dzie unika\u0142 [&hellip;]<\/p>\n","protected":false},"author":4,"featured_media":0,"comment_status":"open","ping_status":"open","sticky":false,"template":"","format":"standard","meta":{"footnotes":""},"categories":[1],"tags":[],"_links":{"self":[{"href":"https:\/\/blog.polityka.pl\/passent\/wp-json\/wp\/v2\/posts\/391"}],"collection":[{"href":"https:\/\/blog.polityka.pl\/passent\/wp-json\/wp\/v2\/posts"}],"about":[{"href":"https:\/\/blog.polityka.pl\/passent\/wp-json\/wp\/v2\/types\/post"}],"author":[{"embeddable":true,"href":"https:\/\/blog.polityka.pl\/passent\/wp-json\/wp\/v2\/users\/4"}],"replies":[{"embeddable":true,"href":"https:\/\/blog.polityka.pl\/passent\/wp-json\/wp\/v2\/comments?post=391"}],"version-history":[{"count":0,"href":"https:\/\/blog.polityka.pl\/passent\/wp-json\/wp\/v2\/posts\/391\/revisions"}],"wp:attachment":[{"href":"https:\/\/blog.polityka.pl\/passent\/wp-json\/wp\/v2\/media?parent=391"}],"wp:term":[{"taxonomy":"category","embeddable":true,"href":"https:\/\/blog.polityka.pl\/passent\/wp-json\/wp\/v2\/categories?post=391"},{"taxonomy":"post_tag","embeddable":true,"href":"https:\/\/blog.polityka.pl\/passent\/wp-json\/wp\/v2\/tags?post=391"}],"curies":[{"name":"wp","href":"https:\/\/api.w.org\/{rel}","templated":true}]}}