
{"id":3921,"date":"2017-05-07T22:25:58","date_gmt":"2017-05-07T20:25:58","guid":{"rendered":"http:\/\/passent.blog.polityka.pl\/?p=3921"},"modified":"2017-05-08T08:31:37","modified_gmt":"2017-05-08T06:31:37","slug":"fiasko-we-francji","status":"publish","type":"post","link":"https:\/\/blog.polityka.pl\/passent\/2017\/05\/07\/fiasko-we-francji\/","title":{"rendered":"Fiasko we Francji"},"content":{"rendered":"<p>Polityka zagraniczna PiS ponios\u0142a fiasko we Francji. Kaczy\u0144ski, Waszczykowski, Duda, Szyd\u0142o, Szczerski i inni po\u017cal si\u0119 Bo\u017ce architekci naszej (?) polityki zagranicznej doprowadzili do tego, \u017ce ka\u017cdy wynik wybor\u00f3w prezydenckich we Francji jest dla Polski szkodliwy.<br \/>\n<!--more--><br \/>\nGdyby prezydentem zosta\u0142a Marine Le Pen, toby oznacza\u0142o kurs prorosyjski, Kreml rozmawia\u0142by ponad naszymi g\u0142owami z Pa\u0142acem Elizejskim, a ksenofobiczna polityka Frontu Narodowego nie oznacza niczego dobrego dla Polak\u00f3w (i innych cudzoziemc\u00f3w) we Francji. Antyeuropejska polityka Le Pen jest zbyt drastyczna i zagra\u017ca interesom Polski. W ha\u015ble \u201eMy pracujemy, oni kradn\u0105\u201d &#8211; tymi \u201eonymi\u201d jeste\u015bmy my. Mi\u0142a dla ucha PiS piosenka o suwerenno\u015bci nie mo\u017ce zag\u0142uszy\u0107 fakt\u00f3w: ewentualne zwyci\u0119stwo kandydatki Frontu Narodowego nie le\u017ca\u0142o w interesie Polski.<\/p>\n<p>Sukces Emanuela Macrona to dla rz\u0105du PiS fatalna wiadomo\u015b\u0107. Nast\u0119pny prezydent Francji jednym tchem wymieni\u0142 Orb\u00e1na, Putina i Kaczy\u0144skiego. Je\u015bli chodzi o warto\u015bci, to Macron wyra\u017anie odci\u0105\u0142 si\u0119 od polskiego rz\u0105du, posun\u0105\u0142 si\u0119 daleko, ale w kampanii takie rzeczy uchodz\u0105. Kiedy zasi\u0105dzie w Pa\u0142acu Elizejskim, b\u0119dzie mo\u017ce bardziej wstrzemi\u0119\u017aliwy, ale pogl\u0105d\u00f3w nie zmieni.<\/p>\n<p>A te s\u0105 dla polskiego rz\u0105du niekorzystne: Macron jest zdecydowanie proeuropejski, dok\u0142adnie odwrotnie ni\u017c rz\u0105d polski. Ba, Macron jest zwolennikiem Europy r\u00f3\u017cnych pr\u0119dko\u015bci \u2013 dok\u0142adnie odwrotnie ni\u017c Kaczy\u0144ski i jego otoczenie. Niezbyt wnikliwy prezydent Duda powiedzia\u0142, \u017ce teraz Francja b\u0119dzie musia\u0142a si\u0119 napracowa\u0107, \u017ceby odzyska\u0107 zaufanie Polski. A minister Waszczykowski powiedzia\u0142, \u017ce Macron b\u0119dzie musia\u0142 przyjecha\u0107 do Polski i \u015bwieci\u0107 oczami, \u201eciekawe, jak z tego wybrnie\u201d.<\/p>\n<p>Tymczasem jest dok\u0142adnie odwrotnie: to Polska musi odzyska\u0107 zaufanie Francji utracone po \u201ewyko\u0144czeniu\u201d (przez dr. Berczy\u0144skiego?) caracali i po serii kr\u0119tactw na temat offsetu, po tym, jak uczyli\u015bmy Francuz\u00f3w je\u015b\u0107 widelcem, po aroganckiej wypowiedzi premier Szyd\u0142o na temat prezydenta Hollande\u2019a etc. W dodatku Macronowi jest nie w smak, \u017ce fabryki (i miejsca pracy) przenosz\u0105 si\u0119 z Francji tam, gdzie koszty pracy s\u0105 ni\u017csze, czyli np. do Polski. W tej sprawie akurat b\u0119dziemy si\u0119 r\u00f3\u017cni\u0107.<\/p>\n<p>W sumie sukces Macrona jest \u2013 niestety &#8211; pora\u017ck\u0105 polskiej polityki zagranicznej. Dlatego Warszawa oci\u0105ga si\u0119 z gratulacjami. Niech Macron si\u0119 denerwuje, czy dostanie gratulacje z Polski.<\/p>\n<p>W Tr\u00f3jk\u0105cie Weimarskim (Francja, Niemcy, Polska) jeste\u015bmy najs\u0142absi i izolowani \u2013 Pary\u017c i Berlin rozumiej\u0105 si\u0119 i dogaduj\u0105 du\u017co lepiej bez nas, a wygl\u0105da na to, \u017ce wbrew nam. Zwyci\u0119stwo Macrona jest natomiast sukcesem Polski proeuropejskiej, otwartej, liberalnej i demokratycznej. W pewnym sensie Francja uratowa\u0142a Europ\u0119 i g\u0142osowa\u0142a w naszym interesie. Dzi\u0119kujemy Ci, Francjo!<\/p>\n","protected":false},"excerpt":{"rendered":"<p>Polityka zagraniczna PiS ponios\u0142a fiasko we Francji. Kaczy\u0144ski, Waszczykowski, Duda, Szyd\u0142o, Szczerski i inni po\u017cal si\u0119 Bo\u017ce architekci naszej (?) polityki zagranicznej doprowadzili do tego, \u017ce ka\u017cdy wynik wybor\u00f3w prezydenckich we Francji jest dla Polski szkodliwy.<\/p>\n","protected":false},"author":4,"featured_media":0,"comment_status":"open","ping_status":"closed","sticky":false,"template":"","format":"standard","meta":{"footnotes":""},"categories":[1],"tags":[],"_links":{"self":[{"href":"https:\/\/blog.polityka.pl\/passent\/wp-json\/wp\/v2\/posts\/3921"}],"collection":[{"href":"https:\/\/blog.polityka.pl\/passent\/wp-json\/wp\/v2\/posts"}],"about":[{"href":"https:\/\/blog.polityka.pl\/passent\/wp-json\/wp\/v2\/types\/post"}],"author":[{"embeddable":true,"href":"https:\/\/blog.polityka.pl\/passent\/wp-json\/wp\/v2\/users\/4"}],"replies":[{"embeddable":true,"href":"https:\/\/blog.polityka.pl\/passent\/wp-json\/wp\/v2\/comments?post=3921"}],"version-history":[{"count":5,"href":"https:\/\/blog.polityka.pl\/passent\/wp-json\/wp\/v2\/posts\/3921\/revisions"}],"predecessor-version":[{"id":3926,"href":"https:\/\/blog.polityka.pl\/passent\/wp-json\/wp\/v2\/posts\/3921\/revisions\/3926"}],"wp:attachment":[{"href":"https:\/\/blog.polityka.pl\/passent\/wp-json\/wp\/v2\/media?parent=3921"}],"wp:term":[{"taxonomy":"category","embeddable":true,"href":"https:\/\/blog.polityka.pl\/passent\/wp-json\/wp\/v2\/categories?post=3921"},{"taxonomy":"post_tag","embeddable":true,"href":"https:\/\/blog.polityka.pl\/passent\/wp-json\/wp\/v2\/tags?post=3921"}],"curies":[{"name":"wp","href":"https:\/\/api.w.org\/{rel}","templated":true}]}}