
{"id":3927,"date":"2017-05-11T23:08:24","date_gmt":"2017-05-11T21:08:24","guid":{"rendered":"http:\/\/passent.blog.polityka.pl\/?p=3927"},"modified":"2017-05-12T10:42:52","modified_gmt":"2017-05-12T08:42:52","slug":"wielkie-budowle-kaczyzmu","status":"publish","type":"post","link":"https:\/\/blog.polityka.pl\/passent\/2017\/05\/11\/wielkie-budowle-kaczyzmu\/","title":{"rendered":"Wielkie budowle kaczyzmu"},"content":{"rendered":"<p>Szanuj\u0105ca si\u0119 w\u0142adza musi zbudowa\u0107 sobie i pozostawi\u0107 nast\u0119pnym pokoleniom pomnik. Mo\u017ce to by\u0107 piramida Cheopsa, kana\u0142 Wo\u0142ga-Don, huta Katowice czy wielkie piece Magnitogorska. Taki pomnik nie zmie\u015bci si\u0119 na Krakowskim Przedmie\u015bciu, ale od czego mamy map\u0119?<br \/>\n<!--more--><br \/>\nGdzie\u015b pomi\u0119dzy Warszaw\u0105 i \u0141odzi\u0105 zbudujemy gigantyczny port lotniczy na miar\u0119 XXI wieku i (tak si\u0119 domy\u015blam) nadamy mu imi\u0119 Lecha Kaczy\u0144skiego. Chopin ma lotnisko, Wa\u0142\u0119sa ma lotnisko za \u017cycia, a tragicznie zmar\u0142y prezydent nie ma. Dla Modlina by\u0142by to za du\u017cy zaszczyt. Wi\u0119c miliardy musz\u0105  si\u0119 znale\u017a\u0107.<\/p>\n<p>Wielkie budowle kaczyzmu szeroko opisa\u0142 Adam Grzeszak w bie\u017c\u0105cej POLITYCE. Centralny Port Lotniczy to idea reanimowana przez prezesa Kaczy\u0144skiego, oczywi\u015bcie ju\u017c wspierana przez wicepremiera Morawieckiego i premier Szyd\u0142o. Frankfurt, Pary\u017c, Londyn \u2013 przyszed\u0142 czas na nas. Zosta\u0142 ju\u017c powo\u0142any odpowiedni wiceminister. Przelotowo\u015b\u0107 \u2013 dwa razy wi\u0119ksza ni\u017c wszystkie lotniska w Polsce razem wzi\u0119te. Linia lotnicza \u2013 Lufthansa, British Airways, Air France. Dlaczego nie LOT, kt\u00f3ry (dodajmy nietaktownie) ledwie dyszy? \u015arodki musz\u0105 si\u0119 znale\u017a\u0107.<\/p>\n<p>Do CPL trzeba b\u0119dzie jako\u015b dojecha\u0107 z Warszawy, \u0141odzi i innych miast. Jak? Zbudujemy kolej du\u017cych pr\u0119dko\u015bci i poci\u0105gniemy dalej, do Poznania i do  Wroc\u0142awia. Obok portu lotniczego \u2013 pisze Grzeszak &#8211; mia\u0142by powsta\u0107 Centralny Dworzec Kolejowy. To ulubiony projekt wicepremiera Gowina, kt\u00f3ry te\u017c nie jest od macochy. St\u0105d kursowa\u0107 b\u0119d\u0105 poci\u0105gi do Chin, to b\u0119dzie nowy \u201ejedwabny szlak\u201d. W Pekinie by\u0142 ju\u017c prezydent Duda, teraz wybra\u0142a si\u0119 tam premier Szyd\u0142o, marzy nam si\u0119 o\u015b Warszawa\u2013Pekin, a konkretnie &#8211; \u017ceby Chi\u0144czycy zaanga\u017cowali si\u0119 mocno w budow\u0119 CPL. Trzymajmy kciuki, bo przy budowie autostrad Chi\u0144czycy si\u0119 nie popisali.<\/p>\n<p>Kolejna fatamorgana: sie\u0107 autostrad wodnych. \u017beglowna Odra i Wis\u0142a, Kana\u0142 \u015al\u0105ski mi\u0119dzy nimi, trasa wymaga inwestycji?! Samo tylko przekopanie Mierzei Wi\u015blanej i budowa portu morskiego w Elbl\u0105gu (nie bardzo wiadomo, po co) ma szans\u0119 zwr\u00f3ci\u0107 si\u0119 w ci\u0105gu\u2026 500 lat &#8211; ostrzega znany specjalista, prof. Rydzkowski z Uniwersytetu Gda\u0144skiego.<\/p>\n<p>Nast\u0119pna budowla kaczyzmu to podwodny gazoci\u0105g z Norwegii, ulubiony projekt PiS w ramach dywersyfikacji dostaw gazu. To, \u017ce gaz z Norwegii b\u0119dzie dro\u017cszy od rosyjskiego, a w \u015awinouj\u015bciu otwarto terminal (im. Lecha Kaczy\u0144skiego) do importu gazu skroplonego \u2013 to wszystko ma\u0142o.<\/p>\n<p>Elektrownia atomowa, milion elektrycznych aut na polskich drogach za 10 lat \u2013 te i inne plany rozpalaj\u0105 wyobra\u017ani\u0119, stwarzaj\u0105 wra\u017cenie rozmachu, wielkiej ambicji, pasuj\u0105 do wstawania z kolan, kraju pot\u0119\u017cnego, lidera pod ka\u017cdym wzgl\u0119dem. Na razie mo\u017cna przy tych projektach nie\u017ale zarobi\u0107. A co dalej? \u201eJe\u015bli PiS przegra wybory \u2013 pisze Grzeszak \u2013 nast\u0119pcy b\u0119d\u0105 musieli wyrzuci\u0107 do kosza wi\u0119kszo\u015b\u0107 megaloma\u0144skich projekt\u00f3w\u201d. Wtedy przegrani powiedz\u0105: chcieli\u015bmy wam da\u0107 lotniska, szybkie koleje, autostrady wodne, tani elektryczny samoch\u00f3d ludowy, ale \u201ekomu\u015b zale\u017ca\u0142o, \u017ceby tak si\u0119 nie sta\u0142o. Wiadomo \u2013 spisek\u201d.<\/p>\n<p>Wielkie budowle kaczyzmu \u015bwietnie pasuj\u0105 do wizji wielkiej Polski i wielkiego prezydenta, kt\u00f3rej pragnie ka\u017cdy patriota. Gdyby chocia\u017c jedna z nich si\u0119 uda\u0142a, by\u0142by pow\u00f3d do rado\u015bci. Kto jednak za to zap\u0142aci? Redaktor Grzeszak powiedzia\u0142 \u201esprawdzam\u201d. Prawid\u0142owa odpowied\u017a brzmi: zwyci\u0119\u017cymy!<\/p>\n","protected":false},"excerpt":{"rendered":"<p>Szanuj\u0105ca si\u0119 w\u0142adza musi zbudowa\u0107 sobie i pozostawi\u0107 nast\u0119pnym pokoleniom pomnik. Mo\u017ce to by\u0107 piramida Cheopsa, kana\u0142 Wo\u0142ga-Don, huta Katowice czy wielkie piece Magnitogorska. Taki pomnik nie zmie\u015bci si\u0119 na Krakowskim Przedmie\u015bciu, ale od czego mamy map\u0119?<\/p>\n","protected":false},"author":4,"featured_media":0,"comment_status":"open","ping_status":"closed","sticky":false,"template":"","format":"standard","meta":{"footnotes":""},"categories":[1],"tags":[],"_links":{"self":[{"href":"https:\/\/blog.polityka.pl\/passent\/wp-json\/wp\/v2\/posts\/3927"}],"collection":[{"href":"https:\/\/blog.polityka.pl\/passent\/wp-json\/wp\/v2\/posts"}],"about":[{"href":"https:\/\/blog.polityka.pl\/passent\/wp-json\/wp\/v2\/types\/post"}],"author":[{"embeddable":true,"href":"https:\/\/blog.polityka.pl\/passent\/wp-json\/wp\/v2\/users\/4"}],"replies":[{"embeddable":true,"href":"https:\/\/blog.polityka.pl\/passent\/wp-json\/wp\/v2\/comments?post=3927"}],"version-history":[{"count":4,"href":"https:\/\/blog.polityka.pl\/passent\/wp-json\/wp\/v2\/posts\/3927\/revisions"}],"predecessor-version":[{"id":3931,"href":"https:\/\/blog.polityka.pl\/passent\/wp-json\/wp\/v2\/posts\/3927\/revisions\/3931"}],"wp:attachment":[{"href":"https:\/\/blog.polityka.pl\/passent\/wp-json\/wp\/v2\/media?parent=3927"}],"wp:term":[{"taxonomy":"category","embeddable":true,"href":"https:\/\/blog.polityka.pl\/passent\/wp-json\/wp\/v2\/categories?post=3927"},{"taxonomy":"post_tag","embeddable":true,"href":"https:\/\/blog.polityka.pl\/passent\/wp-json\/wp\/v2\/tags?post=3927"}],"curies":[{"name":"wp","href":"https:\/\/api.w.org\/{rel}","templated":true}]}}