
{"id":393,"date":"2008-01-09T06:50:38","date_gmt":"2008-01-09T05:50:38","guid":{"rendered":"http:\/\/passent.blog.polityka.pl\/?p=393"},"modified":"2008-01-09T15:00:16","modified_gmt":"2008-01-09T14:00:16","slug":"plachta-na-byka","status":"publish","type":"post","link":"https:\/\/blog.polityka.pl\/passent\/2008\/01\/09\/plachta-na-byka\/","title":{"rendered":"P\u0142achta na byka"},"content":{"rendered":"<p>Niedawno, na szczycie pa\u0144stw iberoameryka\u0144skich w Santiago mia\u0142 miejsce pewien incydent. Niezno\u015bny prezydent Wenezueli, Hugo Chavez (kt\u00f3ry niedawno oczarowa\u0142 Naomi Campbell) wyg\u0142asza\u0142 w\u0142a\u015bnie kolejna tyrad\u0119 przeciwko Hiszpanii, kiedy obecny w pierwszym rz\u0119dzie kr\u00f3l Juan Carlos krzykn\u0105\u0142 \u201eM\u00f3g\u0142by\u015b si\u0119 zamkn\u0105\u0107!\u201d i wyszed\u0142 z Sali. (Uda\u0142o si\u0119 go nam\u00f3wi\u0107 do powrotu.) Polskie media odnotowa\u0142y z nieukrywan\u0105 satysfakcj\u0105, \u017ce kto\u015b nareszcie usadzi\u0142 Chaveza.<\/p>\n<p>Ali\u015bci nikt \u2013 w\u0142\u0105cznie ze \u015bwietnie w sprawach Ameryki \u0141aci\u0144skiej poinformowan\u0105 \u201eGazet\u0105\u201d &#8211; nie wspomnia\u0142 ani s\u0142owem, dlaczego Chavez jest taki ci\u0119ty na dwa kraje \u2013 USA i Hiszpani\u0119. Ot\u00f3\u017c jakie\u015b dwa lata po obj\u0119ciu przez niego prezydentury, w Wenezueli mia\u0142 miejsce nieudany zamach stanu, w wykonaniu cz\u0119\u015bci wojska. Chavez si\u0119 schroni\u0142, ale pucz si\u0119 nie uda\u0142, setki tysi\u0119cy mieszka\u0144c\u00f3w Caracas wyleg\u0142y na ulice w obronie prezydenta, wi\u0119ksza cz\u0119\u015b\u0107 wojska pozosta\u0142a prezydentowi wierna i Chavez triumfalnie powr\u00f3ci\u0142 do w\u0142adzy. By\u0142o tylko jedno ALE: pucz by\u0142 otwarcie popierany przez Stany Zjednoczone, a poza tym by\u0142 tylko jeden rz\u0105d , kt\u00f3ry uzna\u0142 w\u0142adze zamachowc\u00f3w \u2013 by\u0142 to rz\u0105d Hiszpanii, na czele kt\u00f3rego sta\u0142 konserwatywny premier Jose Aznar.<\/p>\n<p>Ten drobiazg polskie media przemilcza\u0142y, przez co incydent w Santiago zosta\u0142 pozbawiony wymowy. Chavez w swoim przem\u00f3wieniu atakowa\u0142 bowiem Hiszpani\u0119 by\u0142ego premiera Aznara, ale Juan Carlos jest kr\u00f3lem wszystkich Hiszpan\u00f3w, wi\u0119c zareagowa\u0142.<\/p>\n<p>Niestety, nasze wolne media s\u0105 tendencyjne nie tylko kiedy chodzi o Wenezuel\u0119. Od prawie czterech lat wiadomo, \u017ce w Hiszpanii trwa ostry konflikt pomi\u0119dzy rz\u0105dem socjalist\u00f3w, na czele z premierem Zapatero, a prawicow\u0105 opozycj\u0105 i Ko\u015bcio\u0142em katolickim.<\/p>\n<p>Od pierwszej chwili trwa w Hiszpanii walka byk\u00f3w: opozycja uwa\u017ca, \u017ce rz\u0105d zosta\u0142 \u201ewybrany przez terroryst\u00f3w\u201d (wybory mia\u0142y miejsce 3 dni po krwawych zamachach) i jest z nieprawego \u0142o\u017ca, a socjali\u015bci wprowadzili szereg kontrowersyjnych reform, kt\u00f3re zreszt\u0105 zapowiadali, ale ma\u0142o kto bra\u0142 ich powa\u017cnie: upro\u015bcili i skr\u00f3cili procedur\u0119 rozwodow\u0105, kt\u00f3ra musia\u0142a przedtem trwa\u0107 dwa lata, zliberalizowali prawo dotycz\u0105ce bada\u0144 biomedycznych, zr\u00f3wnali w prawach homoseksualist\u00f3w, zalegalizowali ma\u0142\u017ce\u0144stwa gej\u00f3w i lesbijek oraz ich prawo do adopcji, w metrykach urodzenia zamiast \u201eojciec\u201d i \u201ematka\u201d pisz\u0105 \u201erodzic A\u201d i \u201erodzic B\u201d, skasowali oceny z religii na \u015bwiadectwach szkolnych, pozwolili transwestytom na zmian\u0119 p\u0142ci w dokumentach bez uprzedniej operacji, dofinansowali r\u00f3\u017cne Ko\u015bcio\u0142y, wydali wojn\u0119 przemocy w rodzinie, dopu\u015bcili mo\u017cliwo\u015b\u0107, \u017ce kobieta b\u0119dzie nast\u0119pczyni\u0105 tronu i wiele innych bezece\u0144stw.<\/p>\n<p>Wszystko to wywo\u0142a\u0142o gwa\u0142towny i zrozumia\u0142y sprzeciw konserwatywnej opozycji i Ko\u015bcio\u0142a, wiece i demonstracje, kt\u00f3re gromadzi\u0142y setki tysi\u0119cy wiernych, a tak\u017ce sprzeciw Watykanu. Jak o tym wszystkim informuj\u0105 nasze media? Oto tytu\u0142y z naszych gazet \u2013 \u201eGW\u201d, \u201eRz\u201d i \u201eDziennika\u201d: \u201ePRZEGRANA KRUCJATA PREMIERA HISZPANII\u201d, \u201eBISKUPI W HISZPANII PRZECIW PRODUKCJI LUDZI\u201d, \u201eKO\u015aCI\u00d3\u0141 BRONI SUMIENIA HISZPAN\u00d3W\u201d, \u201eUKARANY ZAPATERO\u201d, \u201eZAPATERO KONTRA KO\u015aCI\u00d3\u0141\u201d, \u201eHISZPANIE BRONI\u0104 RODZINY\u201d.<\/p>\n<p>Wybory w Hiszpanii tu\u017c tu\u017c, 9 marca. Nasze media ju\u017c wybra\u0142y. Hiszpa\u0144ski premier dzia\u0142a na polskich redaktor\u00f3w jak p\u0142achta na byka.<\/p>\n","protected":false},"excerpt":{"rendered":"<p>Niedawno, na szczycie pa\u0144stw iberoameryka\u0144skich w Santiago mia\u0142 miejsce pewien incydent. Niezno\u015bny prezydent Wenezueli, Hugo Chavez (kt\u00f3ry niedawno oczarowa\u0142 Naomi Campbell) wyg\u0142asza\u0142 w\u0142a\u015bnie kolejna tyrad\u0119 przeciwko Hiszpanii, kiedy obecny w pierwszym rz\u0119dzie kr\u00f3l Juan Carlos krzykn\u0105\u0142 \u201eM\u00f3g\u0142by\u015b si\u0119 zamkn\u0105\u0107!\u201d i wyszed\u0142 z Sali. (Uda\u0142o si\u0119 go nam\u00f3wi\u0107 do powrotu.) Polskie media odnotowa\u0142y z nieukrywan\u0105 satysfakcj\u0105, [&hellip;]<\/p>\n","protected":false},"author":4,"featured_media":0,"comment_status":"open","ping_status":"open","sticky":false,"template":"","format":"standard","meta":{"footnotes":""},"categories":[1],"tags":[],"_links":{"self":[{"href":"https:\/\/blog.polityka.pl\/passent\/wp-json\/wp\/v2\/posts\/393"}],"collection":[{"href":"https:\/\/blog.polityka.pl\/passent\/wp-json\/wp\/v2\/posts"}],"about":[{"href":"https:\/\/blog.polityka.pl\/passent\/wp-json\/wp\/v2\/types\/post"}],"author":[{"embeddable":true,"href":"https:\/\/blog.polityka.pl\/passent\/wp-json\/wp\/v2\/users\/4"}],"replies":[{"embeddable":true,"href":"https:\/\/blog.polityka.pl\/passent\/wp-json\/wp\/v2\/comments?post=393"}],"version-history":[{"count":0,"href":"https:\/\/blog.polityka.pl\/passent\/wp-json\/wp\/v2\/posts\/393\/revisions"}],"wp:attachment":[{"href":"https:\/\/blog.polityka.pl\/passent\/wp-json\/wp\/v2\/media?parent=393"}],"wp:term":[{"taxonomy":"category","embeddable":true,"href":"https:\/\/blog.polityka.pl\/passent\/wp-json\/wp\/v2\/categories?post=393"},{"taxonomy":"post_tag","embeddable":true,"href":"https:\/\/blog.polityka.pl\/passent\/wp-json\/wp\/v2\/tags?post=393"}],"curies":[{"name":"wp","href":"https:\/\/api.w.org\/{rel}","templated":true}]}}