
{"id":394,"date":"2008-01-10T23:40:08","date_gmt":"2008-01-10T22:40:08","guid":{"rendered":"http:\/\/passent.blog.polityka.pl\/?p=394"},"modified":"2008-01-10T23:40:08","modified_gmt":"2008-01-10T22:40:08","slug":"szczyt-tupetu","status":"publish","type":"post","link":"https:\/\/blog.polityka.pl\/passent\/2008\/01\/10\/szczyt-tupetu\/","title":{"rendered":"Szczyt tupetu"},"content":{"rendered":"<p><img loading=\"lazy\" decoding=\"async\" width=\"450\" vspace=\"5\" hspace=\"5\" height=\"303\" border=\"0\" align=\"middle\" title=\"0bombowygosiu450.jpg\" alt=\"0bombowygosiu450.jpg\" src=\"http:\/\/passent.blog.polityka.pl\/wp-content\/uploads\/0bombowygosiu450.jpg\" \/><\/p>\n<p><em>Przemys\u0142aw Gosiewski w (jednej z) akcji. Fot. Wojtek Jargilo \/ REPORTER<\/em><\/p>\n<p>S\u0105dzi\u0142em, \u017ce nic mnie ju\u017c nie zdziwi, a jednak\u2026 By\u0142em pe\u0142en zdumienia, kiedy przeczyta\u0142em, i\u017c Przemys\u0142aw Gosiewski, za po\u015brednictwem dzia\u0142aczy terenowych PiS, zbiera informacje o zmianach kadrowych wprowadzanych przez rz\u0105d. Jak informuje \u201eRz.\u201d, regionalni szefowie partii maj\u0105 informowa\u0107 central\u0119, ile os\u00f3b Platforma i PSL wyrzuci\u0142y ju\u017c z pracy. Kogo mianowano na ich miejsce? Ilu spo\u015br\u00f3d zwolnionych to dzia\u0142acze PiS? Kim s\u0105 nowi ludzie na stanowiskach? Jakie maj\u0105 do\u015bwiadczenie zawodowe? Czy ich nominacja odbywa\u0142a si\u0119 w drodze konkursu? \u201eKa\u017cda partyjna nominacja zostanie wypomniana&#8221; \u2013 zapowiada polityk PiS.<\/p>\n<p>W zasadzie, powtarzam: w zasadzie trudno mie\u0107 co\u015b przeciwko tej inicjatywie, ka\u017cdy ma prawo \u015bledzi\u0107 zmiany personalne wprowadzane przez w\u0142adz\u0119, po to jest jawno\u015b\u0107 i demokracja, ale tym razem trudno nie wyrazi\u0107 zdumienia. Ta akcja PiS to szczyt szczyt\u00f3w! Partia, kt\u00f3ra wyrzuci\u0142a dwie\u015bcie os\u00f3b z publicznego radia i dwa razy tyle z publicznej telewizji, kt\u00f3ra obsadzi\u0142a wszystkie stanowiska w resortach si\u0142owych, s\u0142u\u017cbach specjalnych, kt\u00f3ra masowo usuwa\u0142a z dyplomacji, kt\u00f3ra z dnia na dzie\u0144 zmieni\u0142a KRRiTV, obsadzi\u0142a sp\u00f3\u0142ki Skarbu Pa\u0144stwa, wyci\u0105ga\u0142a spod ziemi specjalist\u00f3w rodzaju Jaromira Netzla (PZU). Czy El\u017cbiet\u0119 Kruk (KRRiTV), kt\u00f3ra na stanowisko szefa TVP postawi\u0142a Bronis\u0142awa Wildsteina, potem \u2013 kiedy nie spe\u0142ni\u0142 oczekiwa\u0144 \u2013 posadzi\u0142a na tym fotelu prezydenckiego ministra Andrzeja Urba\u0144skiego, a teraz patrzy na r\u0119ce swoim nast\u0119pcom!<\/p>\n<p>To pi\u0119kne, na tym polega urok demokracji, ale trzeba te\u017c powiedzie\u0107, \u017ce jest to szczyt hucpy. Partia, kt\u00f3ra zagarn\u0119\u0142a najwi\u0119cej stanowisk od czas\u00f3w PZPR, teraz b\u0119dzie liczy\u0107, ile zgarnia sp\u00f3\u0142ka Platforma \/ PSL. Dobrze, niech patrzy, \u017ceby Platforma nie posz\u0142a w \u015blady PiS, ale nie zmienia to faktu, \u017ce inicjatywa kierowana przez pos\u0142a Gosiewskiego jest na prawd\u0119 niesmaczna \u2013 ka\u017cdy, tylko nie PiS ma prawo sta\u0107 na stra\u017cy przyzwoitej polityki kadrowej. To jest tak, jak gdyby recydywist\u0119 mianowa\u0107 wychowawc\u0105.<\/p>\n<p>Krotka pami\u0119\u0107 i ob\u0142uda tych ludzi s\u0105 zdumiewaj\u0105ce. Oto Andrzej Urba\u0144ski (w tej\u017ce \u201eRz.\u201d) okazuje si\u0119\u2026 obro\u0144c\u0105 niezawis\u0142o\u015bci medi\u00f3w publicznych. Przys\u0142any prosto z Kancelarii Prezydenta do TVP, teraz m\u00f3wi, \u017ce nie pozwoli politykom sterowa\u0107 dziennikarzami. A kim\u017ce jest on sam, jak nie jednym z polityk\u00f3w najbli\u017cszych braciom K.? Po co bracia maj\u0105 telefonowa\u0107 do TVP, je\u017celi maj\u0105 tam trzeciego bli\u017aniaka i rozumiej\u0105 si\u0119 bez s\u0142\u00f3w?<\/p>\n<blockquote><p>Nie znam kraju demokratycznego, w kt\u00f3rym przyw\u00f3dcy jakiej\u015b partii zajmowaliby si\u0119 g\u0142\u00f3wnie kwesti\u0105 medi\u00f3w publicznych w tonie inkwizytorskim.<\/p><\/blockquote>\n<p>Nie zna? A czy nie zna\u0142 IV RP, w kt\u00f3rej zaw\u0142adni\u0119cie (\u201eodzyskanie\u201d) medi\u00f3w publicznych by\u0142o jednym z pierwszych posuni\u0119\u0107 \u201ejakiej\u015b partii\u201d? Andrzej Urba\u0144ski czuje si\u0119 teraz osaczony \u201ejak w Birmie po zamachu genera\u0142\u00f3w\u201d. Jest to por\u00f3wnanie r\u00f3wnie eleganckie, jak zapowied\u017a Jaros\u0142awa Kaczy\u0144skiego, \u017ce w razie przegranej PiS w wyborach, w Polsce nast\u0105pi \u201e13 grudnia\u201d. R\u00f3wnie eleganckie, jak stwierdzenie pos\u0142anki Kempy, \u017ce czuje si\u0119 przedmiotem nagonki podobnej do tej, jaka spotka\u0142a Barbar\u0119 Blid\u0119.<\/p>\n<p>Biedna p. Kempa, biedny Urba\u0144ski &#8211; o \u015bwicie budz\u0105 ich s\u0142u\u017cby w kominiarkach, a ca\u0142y dzie\u0144 do ich drzwi dobija si\u0119 soldateska Tuska i Pawlaka. Kiedy uka\u017ce si\u0119 apel niezale\u017cnych intelektualist\u00f3w w obronie zaszczutej pos\u0142anki Kempy i gn\u0119bionego prezesa Urba\u0144skiego? Intelektuali\u015bci \u2013 na co jeszcze czekacie?<\/p>\n<p>Mimo kilkuletniego obcowania z PiS, tupet tych ludzi nadal budzi zdumienie. Ci\u0105gle jeszcze s\u0105 w stanie nas zadziwi\u0107.<\/p>\n","protected":false},"excerpt":{"rendered":"<p>Przemys\u0142aw Gosiewski w (jednej z) akcji. Fot. Wojtek Jargilo \/ REPORTER S\u0105dzi\u0142em, \u017ce nic mnie ju\u017c nie zdziwi, a jednak\u2026 By\u0142em pe\u0142en zdumienia, kiedy przeczyta\u0142em, i\u017c Przemys\u0142aw Gosiewski, za po\u015brednictwem dzia\u0142aczy terenowych PiS, zbiera informacje o zmianach kadrowych wprowadzanych przez rz\u0105d. Jak informuje \u201eRz.\u201d, regionalni szefowie partii maj\u0105 informowa\u0107 central\u0119, ile os\u00f3b Platforma i PSL [&hellip;]<\/p>\n","protected":false},"author":4,"featured_media":0,"comment_status":"open","ping_status":"open","sticky":false,"template":"","format":"standard","meta":{"footnotes":""},"categories":[1],"tags":[],"_links":{"self":[{"href":"https:\/\/blog.polityka.pl\/passent\/wp-json\/wp\/v2\/posts\/394"}],"collection":[{"href":"https:\/\/blog.polityka.pl\/passent\/wp-json\/wp\/v2\/posts"}],"about":[{"href":"https:\/\/blog.polityka.pl\/passent\/wp-json\/wp\/v2\/types\/post"}],"author":[{"embeddable":true,"href":"https:\/\/blog.polityka.pl\/passent\/wp-json\/wp\/v2\/users\/4"}],"replies":[{"embeddable":true,"href":"https:\/\/blog.polityka.pl\/passent\/wp-json\/wp\/v2\/comments?post=394"}],"version-history":[{"count":0,"href":"https:\/\/blog.polityka.pl\/passent\/wp-json\/wp\/v2\/posts\/394\/revisions"}],"wp:attachment":[{"href":"https:\/\/blog.polityka.pl\/passent\/wp-json\/wp\/v2\/media?parent=394"}],"wp:term":[{"taxonomy":"category","embeddable":true,"href":"https:\/\/blog.polityka.pl\/passent\/wp-json\/wp\/v2\/categories?post=394"},{"taxonomy":"post_tag","embeddable":true,"href":"https:\/\/blog.polityka.pl\/passent\/wp-json\/wp\/v2\/tags?post=394"}],"curies":[{"name":"wp","href":"https:\/\/api.w.org\/{rel}","templated":true}]}}