
{"id":3952,"date":"2017-06-01T22:37:34","date_gmt":"2017-06-01T20:37:34","guid":{"rendered":"http:\/\/passent.blog.polityka.pl\/?p=3952"},"modified":"2017-06-02T08:18:11","modified_gmt":"2017-06-02T06:18:11","slug":"od-sukcesu-do-sukcesu","status":"publish","type":"post","link":"https:\/\/blog.polityka.pl\/passent\/2017\/06\/01\/od-sukcesu-do-sukcesu\/","title":{"rendered":"Od sukcesu do sukcesu"},"content":{"rendered":"<p>Polska w ruinie? Przecie\u017c bezrobocie jest rekordowo niskie, a wzrost PKB wi\u0119cej ni\u017c dobry \u2013 wi\u0119c o co chodzi? Niestety, chodzi o to, \u017ce w\u0142adze wprowadzi\u0142y Polsk\u0119 w jaki\u015b trans, w jakie\u015b szale\u0144stwo, kt\u00f3re nie znajduje racjonalnego uzasadnienia.<br \/>\n<!--more--><br \/>\nOwszem, s\u0105 posuni\u0119cia sensowne, jak 500 plus czy zaostrzenie kar dla alimenciarzy. Ale to, co dzieje si\u0119 w sferze ustrojowej, wymiaru sprawiedliwo\u015bci, katastrofy smole\u0144skiej, stosunk\u00f3w zagranicznych i wielu innych &#8211; wo\u0142a o pomst\u0119 do nieba.<\/p>\n<p>Kilka przyk\u0142ad\u00f3w. Trybuna\u0142 Konstytucyjny rozwalony. Owszem, Platforma i PSL nie mia\u0142y prawa wybiera\u0107 s\u0119dzi\u00f3w \u201ena zapas\u201d, ale to, co zrobi\u0142 potem PiS, nie ma nic wsp\u00f3lnego z ratowaniem Trybuna\u0142u. Mamy dzi\u015b s\u0119dzi\u00f3w dubler\u00f3w, zes\u0142ania na urlop i magister Przy\u0142\u0119bsk\u0105 na fotelu, na kt\u00f3rym kiedy\u015b zasiadali najwybitniejsi prawnicy.<\/p>\n<p>S\u0105d Najwy\u017cszy systematycznie kwestionowany, zw\u0142aszcza w ostatnich dniach, kiedy podwa\u017cy\u0142 legalno\u015b\u0107 u\u0142askawienia przez prezydenta Dud\u0119 swojego kolegi z PiS, Mariusza Kami\u0144skiego, i innych. Uchwa\u0142a S\u0105du Najwy\u017cszego zosta\u0142a natychmiast zakwestionowana przez prawnik\u00f3w oko\u0142oprezydenckich, jakoby SN stawia\u0142 si\u0119 \u201eponad prawem\u201d i nie mia\u0142 prawa ocenia\u0107 decyzji prezydenta.<\/p>\n<p>\u015arodowisko prawnicze systematycznie dyskredytowane przez ministra i prezesa partii rz\u0105dz\u0105cej oraz ich media jako \u201ekasta\u201d, \u201ezgnilizna\u201d (wicepremier Morawiecki). Minister sprawiedliwo\u015bci i jego otoczenie stale powtarzaj\u0105, \u017ce \u015brodowisko s\u0119dziowskie si\u0119 nie oczy\u015bci\u0142o, jak gdyby gangrena ogranicza\u0142a si\u0119 tylko do s\u0119dzi\u00f3w.<\/p>\n<p>Tr\u00f3jpodzia\u0142 w\u0142adz zlikwidowany. Minister mianuje dyrektor\u00f3w i lada chwila tak\u017ce prezes\u00f3w s\u0105d\u00f3w, ju\u017c mo\u017ce ingerowa\u0107 w ka\u017cd\u0105 spraw\u0119 i publikowa\u0107 z niej, co zechce.<\/p>\n<p>Krajowa Rada S\u0105downictwa ma by\u0107 podporz\u0105dkowana politykom, w ramach swoi\u015bcie rozumianej \u201edemokratyzacji\u201d, czyli najwy\u017cszej w\u0142adzy polityk\u00f3w rz\u0105dz\u0105cych.<\/p>\n<p>Media publiczne chwycone za gard\u0142o tak bardzo, \u017ce nawet niekt\u00f3rzy publicy\u015bci prawicy (B. Wildstein) nie mog\u0105 si\u0119 nadziwi\u0107 i przywo\u0142uj\u0105 PRL.<\/p>\n<p>Obowi\u0105zuj\u0105ca konstytucja jest postponowana jako \u201epostkomunistyczna\u201d, a prezydent zapowiada bli\u017cej nieokre\u015blone i niepotrzebne referendum (w sprawie kierunk\u00f3w zmian ustrojowych) w stulecie odzyskania niepodleg\u0142o\u015bci.<\/p>\n<p>Festiwal opolski w likwidacji.<\/p>\n<p>Cz\u0142owiek zakatowany przy u\u017cyciu paralizatora na komisariacie policji i przez rok w\u0142adze nie robi\u0105 w tej sprawie nic \u2013 komendant g\u0142\u00f3wny nie widzia\u0142 nagrania, wiceminister nadzoruj\u0105cy policj\u0119 \u2013 r\u00f3wnie\u017c. Po ujawnieniu nagrania przez telewizj\u0119 TVN (niecierpian\u0105 przez rz\u0105d) i skandalu na ca\u0142y kraj \u2013 odwo\u0142ani zostaj\u0105 lokalni komendanci, ale politycznej odpowiedzialno\u015bci za bestialstwo i roczn\u0105 bezczynno\u015b\u0107 nie ponosi nikt z rz\u0105du. Nawet wiceminister od konfetti.<\/p>\n<p>Przetarg na helikoptery dla wojska \u2013 spaprany. Obiecane \u015bmig\u0142owce dotychczas si\u0119 nie pojawi\u0142y. Zamiast nich pojawili si\u0119 m\u0142odociani arywi\u015bci, zwani Pisiewiczami.<\/p>\n<p>M\u0142odzi aroganci strasz\u0105 s\u0119dzi\u00f3w i zakazuj\u0105 prenumeraty niewygodnych gazet i czasopism. Dyrektorzy teatr\u00f3w str\u0105cani ze sceny. Podkomisja smole\u0144ska przy MON dotychczas nie udowodni\u0142a zamachu, a jej przewodnicz\u0105cy, dr Berczy\u0144ski (dla ministra Macierewicza \u201eWacek\u201d), ulotni\u0142 si\u0119 do Ameryki, sk\u0105d sprawuje sw\u00f3j urz\u0105d i pobiera 13 tys. miesi\u0119cznie.<\/p>\n<p>W\u0142adza dostarcza igrzysk \u2013 Tusk, Kopacz, Sikorski po kolei zeznaj\u0105 w prokuraturze. Trwa makabryczny taniec nad trumnami, media z detalami opisuj\u0105 zawarto\u015b\u0107 kolejnych trumien ofiar katastrofy smole\u0144skiej. Wraku jak nie by\u0142o, tak nie ma. Ko\u0144ca \u017ca\u0142oby nie wida\u0107. W Brukseli kl\u0119ska 27:1. W S\u0105dzie Najwy\u017cszym jednomy\u015blna uchwa\u0142a 7:0. Kroczymy od sukcesu do sukcesu. Co najmniej 1\/3 spo\u0142ecze\u0144stwa jest tym upojona.<\/p>\n","protected":false},"excerpt":{"rendered":"<p>Polska w ruinie? Przecie\u017c bezrobocie jest rekordowo niskie, a wzrost PKB wi\u0119cej ni\u017c dobry \u2013 wi\u0119c o co chodzi? Niestety, chodzi o to, \u017ce w\u0142adze wprowadzi\u0142y Polsk\u0119 w jaki\u015b trans, w jakie\u015b szale\u0144stwo, kt\u00f3re nie znajduje racjonalnego uzasadnienia.<\/p>\n","protected":false},"author":4,"featured_media":0,"comment_status":"open","ping_status":"closed","sticky":false,"template":"","format":"standard","meta":{"footnotes":""},"categories":[1],"tags":[],"_links":{"self":[{"href":"https:\/\/blog.polityka.pl\/passent\/wp-json\/wp\/v2\/posts\/3952"}],"collection":[{"href":"https:\/\/blog.polityka.pl\/passent\/wp-json\/wp\/v2\/posts"}],"about":[{"href":"https:\/\/blog.polityka.pl\/passent\/wp-json\/wp\/v2\/types\/post"}],"author":[{"embeddable":true,"href":"https:\/\/blog.polityka.pl\/passent\/wp-json\/wp\/v2\/users\/4"}],"replies":[{"embeddable":true,"href":"https:\/\/blog.polityka.pl\/passent\/wp-json\/wp\/v2\/comments?post=3952"}],"version-history":[{"count":3,"href":"https:\/\/blog.polityka.pl\/passent\/wp-json\/wp\/v2\/posts\/3952\/revisions"}],"predecessor-version":[{"id":3955,"href":"https:\/\/blog.polityka.pl\/passent\/wp-json\/wp\/v2\/posts\/3952\/revisions\/3955"}],"wp:attachment":[{"href":"https:\/\/blog.polityka.pl\/passent\/wp-json\/wp\/v2\/media?parent=3952"}],"wp:term":[{"taxonomy":"category","embeddable":true,"href":"https:\/\/blog.polityka.pl\/passent\/wp-json\/wp\/v2\/categories?post=3952"},{"taxonomy":"post_tag","embeddable":true,"href":"https:\/\/blog.polityka.pl\/passent\/wp-json\/wp\/v2\/tags?post=3952"}],"curies":[{"name":"wp","href":"https:\/\/api.w.org\/{rel}","templated":true}]}}