
{"id":3962,"date":"2017-06-08T22:49:20","date_gmt":"2017-06-08T20:49:20","guid":{"rendered":"http:\/\/passent.blog.polityka.pl\/?p=3962"},"modified":"2017-06-09T07:57:30","modified_gmt":"2017-06-09T05:57:30","slug":"prawolamacze","status":"publish","type":"post","link":"https:\/\/blog.polityka.pl\/passent\/2017\/06\/08\/prawolamacze\/","title":{"rendered":"Prawo\u0142amacze"},"content":{"rendered":"<p>Nadchodz\u0105 wa\u017cne dni w krucjacie bezprawia, jaka toczy si\u0119 w Polsce. Mimo protest\u00f3w najwa\u017cniejszych organizacji prawniczych, mimo ostrze\u017ce\u0144 i napomnie\u0144 ze strony Unii Europejskiej, mimo dramatycznych apeli i jednoznacznych opinii czo\u0142owych autorytet\u00f3w prawniczych &#8211; demokratycznie wybrany rz\u0105d punkt po punkcie niszczy podstawy pa\u0144stwa prawnego.<br \/>\n<!--more--><br \/>\nNajpierw kampania dyskredytacji instytucji i prawnik\u00f3w: \u201ekasta, \u015brodowisko nieoczyszczone, zgnilizna, nieroby\u201d, a nast\u0119pnie pseudodiagnoza: \u201es\u0119dziokracja\u201d, jedyna w\u0142adza, kt\u00f3ra nie pochodzi z wyboru, s\u0105 sprawy wa\u017cniejsze ni\u017c prawo (marsza\u0142ek senior Kornel Morawiecki), \u201eprawo to nie jest Pismo \u015awi\u0119te\u201d (prof. Zybertowicz, doradca prezydenta). Lud, nar\u00f3d, suweren stoj\u0105 ponad prawem. I wreszcie czyny: Prokuratura, Trybuna\u0142 Konstytucyjny, Krajowa Rada S\u0105downictwa, s\u0105dy powszechne \u2013 wszystko zostaje podporz\u0105dkowane politykom.<\/p>\n<p>Nadszed\u0142 czas \u201eszarpni\u0119cia cuglami\u201d (min. Jaki), takiego podporz\u0105dkowania wymiaru sprawiedliwo\u015bci w\u0142adzy politycznej, jakiego nie by\u0142o od 1989 r. Kiedy patrz\u0119 na suweren\u00f3w, Ziobr\u0119, Jakiego, Warcho\u0142a, Piotrowicza, wreszcie mgr Przy\u0142\u0119bsk\u0105 oraz na tych, kt\u00f3rych oni lekcewa\u017c\u0105: profesor\u00f3w \u0141\u0119towsk\u0105, Zolla, Safjana, Strzembosza, Wyrzykowskiego, Sadurskiego, s\u0119dziego St\u0119pnia i innych, to nie mam w\u0105tpliwo\u015bci, po kt\u00f3rej stronie jest racja.<\/p>\n<p>Ba, nawet w\u015br\u00f3d gorliwych zwolennik\u00f3w PiS nie brak g\u0142os\u00f3w sprzeciwu. Dzisiejsza \u201eRz.\u201d (8 czerwca) przynosi rozmow\u0119 z mec. Wies\u0142awem Johannem, znanym prawicowym dzia\u0142aczem opozycji antykomunistycznej, przedstawicielem prezydenta Dudy w KRS, kt\u00f3ry m\u00f3wi m.in.: \u201ePowstrzymajmy si\u0119 od nadmiernej krytyki wymiaru sprawiedliwo\u015bci. W Polsce mamy tr\u00f3jpodzia\u0142 w\u0142adz, pomi\u0119dzy kt\u00f3rymi musi by\u0107 r\u00f3wnowaga\u201d. Dzisiaj wida\u0107, jak \u201ew\u0142adza ustawodawcza wkracza w ustawodawcz\u0105\u201d. Wymiar sprawiedliwo\u015bci nie mo\u017ce by\u0107 kontrolowany przez partie polityczne. \u201eNie! To si\u0119 k\u0142\u00f3ci z moim poczuciem sprawiedliwo\u015bci. Polityka ma by\u0107 jak najdalej od sali s\u0105dowej\u201d. \u201eUstaw\u0105 nie mo\u017cna zmienia\u0107 norm konstytucyjnych\u201d \u2013 m\u00f3wi Johann, cz\u0142owiek bliski raczej Dudzie ni\u017c Tuskowi.<\/p>\n<p>Polityka prezesa Jaros\u0142awa Kaczy\u0144skiego i Ziobry jest dok\u0142adnie odwrotna: najpierw podporz\u0105dkowano rz\u0105dowi Prokuratur\u0119, potem Trybuna\u0142 Konstytucyjny, teraz dokonuje si\u0119 zamach na Krajow\u0105 Rad\u0119 Sadownictwa i powszechne s\u0105dy, kt\u00f3rych prezes\u00f3w, wiceprezes\u00f3w, dyrektor\u00f3w mianowa\u0107 b\u0119dzie minister, on te\u017c uzyskuje wgl\u0105d w ka\u017cde \u015bledztwo i mo\u017ce podawa\u0107 je do publicznej wiadomo\u015bci wedle swojego uznania. Zatrudnienia, awanse, miejsce pracy s\u0119dzi\u00f3w \u2013 wszystko to trzyma\u0107 b\u0119d\u0105 w gar\u015bci politycy, a konkretnie minister. Los prokuratora i s\u0119dziego b\u0119dzie w jednych r\u0119kach. \u0179le to wr\u00f3\u017cy pods\u0105dnym, \u015bwiadkom, oskar\u017conym i ka\u017cdemu z nas.<\/p>\n<p>Sko\u0144czy\u0142a si\u0119 agonia i trwa pogrzeb pa\u0144stwa prawa w Polsce. Jego reanimacja potrwa latami.<\/p>\n","protected":false},"excerpt":{"rendered":"<p>Nadchodz\u0105 wa\u017cne dni w krucjacie bezprawia, jaka toczy si\u0119 w Polsce. Mimo protest\u00f3w najwa\u017cniejszych organizacji prawniczych, mimo ostrze\u017ce\u0144 i napomnie\u0144 ze strony Unii Europejskiej, mimo dramatycznych apeli i jednoznacznych opinii czo\u0142owych autorytet\u00f3w prawniczych &#8211; demokratycznie wybrany rz\u0105d punkt po punkcie niszczy podstawy pa\u0144stwa prawnego.<\/p>\n","protected":false},"author":4,"featured_media":0,"comment_status":"open","ping_status":"closed","sticky":false,"template":"","format":"standard","meta":{"footnotes":""},"categories":[1],"tags":[],"_links":{"self":[{"href":"https:\/\/blog.polityka.pl\/passent\/wp-json\/wp\/v2\/posts\/3962"}],"collection":[{"href":"https:\/\/blog.polityka.pl\/passent\/wp-json\/wp\/v2\/posts"}],"about":[{"href":"https:\/\/blog.polityka.pl\/passent\/wp-json\/wp\/v2\/types\/post"}],"author":[{"embeddable":true,"href":"https:\/\/blog.polityka.pl\/passent\/wp-json\/wp\/v2\/users\/4"}],"replies":[{"embeddable":true,"href":"https:\/\/blog.polityka.pl\/passent\/wp-json\/wp\/v2\/comments?post=3962"}],"version-history":[{"count":3,"href":"https:\/\/blog.polityka.pl\/passent\/wp-json\/wp\/v2\/posts\/3962\/revisions"}],"predecessor-version":[{"id":3965,"href":"https:\/\/blog.polityka.pl\/passent\/wp-json\/wp\/v2\/posts\/3962\/revisions\/3965"}],"wp:attachment":[{"href":"https:\/\/blog.polityka.pl\/passent\/wp-json\/wp\/v2\/media?parent=3962"}],"wp:term":[{"taxonomy":"category","embeddable":true,"href":"https:\/\/blog.polityka.pl\/passent\/wp-json\/wp\/v2\/categories?post=3962"},{"taxonomy":"post_tag","embeddable":true,"href":"https:\/\/blog.polityka.pl\/passent\/wp-json\/wp\/v2\/tags?post=3962"}],"curies":[{"name":"wp","href":"https:\/\/api.w.org\/{rel}","templated":true}]}}