
{"id":3972,"date":"2017-06-14T19:51:30","date_gmt":"2017-06-14T17:51:30","guid":{"rendered":"http:\/\/passent.blog.polityka.pl\/?p=3972"},"modified":"2017-06-14T22:47:49","modified_gmt":"2017-06-14T20:47:49","slug":"trump-i-wielki","status":"publish","type":"post","link":"https:\/\/blog.polityka.pl\/passent\/2017\/06\/14\/trump-i-wielki\/","title":{"rendered":"Trump I Wielki"},"content":{"rendered":"<p>Jak donosi dzisiejszy (14 czerwca 2017) &#8222;New York Times&#8221;, wczorajsze posiedzenie rz\u0105du USA zacz\u0119\u0142o si\u0119 od wychwalania prezydenta. Ton nada\u0142 wiceprezydent Mike Pence: \u201eNajwi\u0119kszym zaszczytem w moim \u017cyciu jest s\u0142u\u017cy\u0107 prezydentowi, kt\u00f3ry dotrzymuje s\u0142owa narodowi ameryka\u0144skiemu\u201d \u2013 powiedzia\u0142.<br \/>\n<!--more--><br \/>\n\u201eJestem zaszczycony i g\u0142\u0119boko uhonorowany, b\u0119d\u0105c tutaj. Dzi\u0119kuj\u0119 panu za zobowi\u0105zanie na rzecz robotnik\u00f3w ameryka\u0144skich\u201d (Alexander Acosta, minister pracy).<\/p>\n<p>\u201eOni tam pana kochaj\u0105\u201d. \u201eGratuluj\u0119 m\u0119\u017cczyzn i kobiet, jakie zgromadzi\u0142 pan wok\u00f3\u0142 tego sto\u0142u\u201d (Sonny Perdue, minister rolnictwa, po powrocie z Mississippi).<\/p>\n<p>\u201eDzi\u0119kujemy za szanse i b\u0142ogos\u0142awie\u0144stwo, jakim jest mo\u017cliwo\u015b\u0107 realizacji pa\u0144skiego programu\u201d (Reince Priebus, szef sztabu prezydenckiego).<\/p>\n<p>\u201eDzi\u0119kuj\u0119 za mo\u017cliwo\u015b\u0107 s\u0142u\u017cenia administracji drobnego biznesu\u201d (Linda McMahon, szefowa administracji ds. ma\u0142ych firm).<\/p>\n<p>\u201ePanie prezydencie, to zaszczyt reprezentowa\u0107 m\u0119\u017cczyzn i kobiety ministerstwa obrony. Jeste\u015bmy wdzi\u0119czni za po\u015bwi\u0119cenie, z jakim nasi ludzie umacniaj\u0105 nasz potencja\u0142 militarny, \u017ceby nasi dyplomaci zawsze negocjowali z pozycji si\u0142y\u201d (Jim Mattis, minister obrony, ceniony za dystans wobec Trumpa).<\/p>\n<p>\u201ePowiedzia\u0142bym, \u017ce poza paroma wyj\u0105tkami (Roosevelt mia\u0142 do czynienia z Wielkim Kryzysem) nie by\u0142o prezydenta, kt\u00f3ry przeprowadzi\u0142 wi\u0119cej ustawodawstwa ni\u017c my. Byli\u015bmy tak aktywni, jak to mo\u017cliwe, i jeste\u015bmy na drodze do rekordu\u201d (prezydent Donald Trump).<\/p>\n<p>Mo\u017cemy by\u0107 przekonani, \u017ce kiedy Donald Trump zaszczyci nas wkr\u00f3tce w Warszawie, prezydent Duda znajdzie dla niego odpowiednie s\u0142owa. Wystarczy to, co powiedzia\u0142, zwracaj\u0105c si\u0119 do Jaros\u0142awa Kaczy\u0144skiego w 2015 r., nazywaj\u0105c go \u201ewielkim patriot\u0105\u201d i dodaj\u0105c: \u201eJest pan wielkim politykiem, strategiem, ale i cz\u0142owiekiem\u201d.<\/p>\n<p>To powinno zadowoli\u0107 nawet Trumpa.<\/p>\n","protected":false},"excerpt":{"rendered":"<p>Jak donosi dzisiejszy (14 czerwca 2017) &#8222;New York Times&#8221;, wczorajsze posiedzenie rz\u0105du USA zacz\u0119\u0142o si\u0119 od wychwalania prezydenta. Ton nada\u0142 wiceprezydent Mike Pence: \u201eNajwi\u0119kszym zaszczytem w moim \u017cyciu jest s\u0142u\u017cy\u0107 prezydentowi, kt\u00f3ry dotrzymuje s\u0142owa narodowi ameryka\u0144skiemu\u201d \u2013 powiedzia\u0142.<\/p>\n","protected":false},"author":4,"featured_media":0,"comment_status":"open","ping_status":"closed","sticky":false,"template":"","format":"standard","meta":{"footnotes":""},"categories":[1],"tags":[],"_links":{"self":[{"href":"https:\/\/blog.polityka.pl\/passent\/wp-json\/wp\/v2\/posts\/3972"}],"collection":[{"href":"https:\/\/blog.polityka.pl\/passent\/wp-json\/wp\/v2\/posts"}],"about":[{"href":"https:\/\/blog.polityka.pl\/passent\/wp-json\/wp\/v2\/types\/post"}],"author":[{"embeddable":true,"href":"https:\/\/blog.polityka.pl\/passent\/wp-json\/wp\/v2\/users\/4"}],"replies":[{"embeddable":true,"href":"https:\/\/blog.polityka.pl\/passent\/wp-json\/wp\/v2\/comments?post=3972"}],"version-history":[{"count":3,"href":"https:\/\/blog.polityka.pl\/passent\/wp-json\/wp\/v2\/posts\/3972\/revisions"}],"predecessor-version":[{"id":3975,"href":"https:\/\/blog.polityka.pl\/passent\/wp-json\/wp\/v2\/posts\/3972\/revisions\/3975"}],"wp:attachment":[{"href":"https:\/\/blog.polityka.pl\/passent\/wp-json\/wp\/v2\/media?parent=3972"}],"wp:term":[{"taxonomy":"category","embeddable":true,"href":"https:\/\/blog.polityka.pl\/passent\/wp-json\/wp\/v2\/categories?post=3972"},{"taxonomy":"post_tag","embeddable":true,"href":"https:\/\/blog.polityka.pl\/passent\/wp-json\/wp\/v2\/tags?post=3972"}],"curies":[{"name":"wp","href":"https:\/\/api.w.org\/{rel}","templated":true}]}}