
{"id":3977,"date":"2017-06-21T15:05:07","date_gmt":"2017-06-21T13:05:07","guid":{"rendered":"http:\/\/passent.blog.polityka.pl\/?p=3977"},"modified":"2017-06-21T20:35:25","modified_gmt":"2017-06-21T18:35:25","slug":"sen-nocy-letniej","status":"publish","type":"post","link":"https:\/\/blog.polityka.pl\/passent\/2017\/06\/21\/sen-nocy-letniej\/","title":{"rendered":"Sen nocy letniej"},"content":{"rendered":"<p>Kulminacyjnym punktem wizyty Donalda Trumpa w Warszawie ma by\u0107 jego przem\u00f3wienie na wielkim wiecu przyja\u017ani na jednym z plac\u00f3w stolicy. Plac Krasi\u0144skich? Plac Zamkowy? Mniej prawdopodobny jest plac Pi\u0142sudskiego, chyba zbyt du\u017cy, raczej format papieski ni\u017c prezydencki. Zdj\u0119cia i transmisje z tego wiecu, pokazuj\u0105ce Trumpa na tle tysi\u0119cy rozentuzjazmowanych Polak\u00f3w, potrzebne s\u0105 go\u015bciom i gospodarzom.<br \/>\n<!--more--><br \/>\nKorzy\u015bci Donalda Trumpa s\u0105 ewidentne: l\u0105duje w jednym z najwi\u0119kszych pa\u0144stw Europy \u015arodkowo-Wschodniej, na terenie by\u0142ego imperium sowieckiego, tu\u017c pod bokiem Rosji, odsuwa od siebie podejrzenie, i\u017c ma s\u0142abo\u015b\u0107 do Putina, i to w czasie, kiedy w Waszyngtonie trwa post\u0119powanie w sprawie nielegalnych kontakt\u00f3w ludzi prezydenta z Moskw\u0105.<\/p>\n<p>Trump uzyskuje mo\u017cliwo\u015b\u0107 hurtowego, a mo\u017ce i detalicznego spotkania z przyw\u00f3dcami oko\u0142o dziesi\u0119ciu pa\u0144stw Tr\u00f3jmorza \u2013 od republik ba\u0142tyckich a\u017c do Morza Czarnego i Adriatyku. Ze wszystkich stron czekaj\u0105 go wyrazy sympatii dla Stan\u00f3w Zjednoczonych, kt\u00f3re co prawda rozpocz\u0119\u0142y bezsensown\u0105 wojn\u0119 w Iraku itd., ale s\u0105 jedynym supermocarstwem gwarantuj\u0105cym jaki\u015b \u0142ad na \u015bwiecie. (Jaki \u2013 to nie jest pewne, bo ten wy\u0142oniony z II wojny \u015bwiatowej prezydentowi nie odpowiada).<\/p>\n<p>Trump b\u0119dzie mia\u0142 kolejn\u0105 mo\u017cliwo\u015b\u0107 zagrania na nosie Niemcom, do kt\u00f3rych czuje g\u0142\u0119boki uraz (m.in. z powodu deficytu w handlu z RFN) i Unii Europejskiej, kt\u00f3rej nie jest entuzjast\u0105. Prezydent USA b\u0119dzie mia\u0142 tak\u017ce mo\u017cliwo\u015b\u0107 potwierdzenia swoich zobowi\u0105za\u0144 wobec NATO (kt\u00f3re jeszcze kilka miesi\u0119cy temu uwa\u017ca\u0142 za przestarza\u0142e), a zw\u0142aszcza Artyku\u0142u 5. (jeden za wszystkich \u2013 wszyscy za jednego). W Warszawie nikt nie b\u0119dzie mu mia\u0142 za z\u0142e wycofania si\u0119 z transatlantyckiej strefy wolnego handlu oraz porozumienia klimatycznego. Je\u017celi jeszcze zwi\u0119kszy wk\u0142ad USA i NATO w obron\u0119 wschodniej flanki, co jest w naszym interesie, to mo\u017ce rozp\u0119ta\u0107 entuzjazm na wiecu w Warszawie i w\u015br\u00f3d Polonii w Chicago.<\/p>\n<p>Gospodarze nie maj\u0105 powodu ukrywa\u0107 swojego zadowolenia. Prezydent Duda b\u0119dzie w si\u00f3dmym niebie. Trump nie b\u0119dzie prawi\u0142 \u017cadnych mora\u0142\u00f3w na temat uchod\u017ac\u00f3w, tr\u00f3jpodzia\u0142u w\u0142adzy, Trybuna\u0142u Konstytucyjnego, KRS, medi\u00f3w publicznych i innych drobiazg\u00f3w. Nie b\u0119dzie nas poucza\u0142, sam ma problemy z brutalno\u015bci\u0105 policji. Jak zapowiada\u0142 minister Szczerski &#8211; rozmowy b\u0119d\u0105 o interesach, a nie o ideologii.<\/p>\n<p>Wizyta Trumpa i zgromadzenie nawet tak dziwnego tworu jak Tr\u00f3jmorze mo\u017cna przedstawi\u0107 jako ostateczne powstanie przez nasz kraj z kolan, nareszcie Polska jest sprawc\u0105, kreatorem polityki mi\u0119dzynarodowej, wa\u017cnym graczem, cz\u0142onkiem Rady Bezpiecze\u0144stwa ONZ, liderem nie tylko regionalnym, kt\u00f3ry bierze udzia\u0142 w rozgrywce USA-Unia Europejska, USA-Niemcy, dalej Berlin-Pary\u017c-Warszawa, potem Stany-Rosja. Prawdziwy sen o pot\u0119dze.<\/p>\n<p>A co na to nasi s\u0105siedzi, Unia Europejska, Niemcy \u2013 najwi\u0119kszy partner gospodarczy i polityczny &#8211; zagraniczne media, opinia mi\u0119dzynarodowa, w tym ameryka\u0144ska, kt\u00f3ra jest \u015bwiadoma, co dzieje si\u0119 w Polsce i wok\u00f3\u0142 Bia\u0142ego Domu? Do tego powr\u00f3cimy po wybudzeniu, kiedy samolot Air Force One zniknie za horyzontem. Na razie \u2013 welcome Mister President!<\/p>\n","protected":false},"excerpt":{"rendered":"<p>Kulminacyjnym punktem wizyty Donalda Trumpa w Warszawie ma by\u0107 jego przem\u00f3wienie na wielkim wiecu przyja\u017ani na jednym z plac\u00f3w stolicy. Plac Krasi\u0144skich? Plac Zamkowy? Mniej prawdopodobny jest plac Pi\u0142sudskiego, chyba zbyt du\u017cy, raczej format papieski ni\u017c prezydencki. Zdj\u0119cia i transmisje z tego wiecu, pokazuj\u0105ce Trumpa na tle tysi\u0119cy rozentuzjazmowanych Polak\u00f3w, potrzebne s\u0105 go\u015bciom i gospodarzom.<\/p>\n","protected":false},"author":4,"featured_media":0,"comment_status":"open","ping_status":"closed","sticky":false,"template":"","format":"standard","meta":{"footnotes":""},"categories":[1],"tags":[],"_links":{"self":[{"href":"https:\/\/blog.polityka.pl\/passent\/wp-json\/wp\/v2\/posts\/3977"}],"collection":[{"href":"https:\/\/blog.polityka.pl\/passent\/wp-json\/wp\/v2\/posts"}],"about":[{"href":"https:\/\/blog.polityka.pl\/passent\/wp-json\/wp\/v2\/types\/post"}],"author":[{"embeddable":true,"href":"https:\/\/blog.polityka.pl\/passent\/wp-json\/wp\/v2\/users\/4"}],"replies":[{"embeddable":true,"href":"https:\/\/blog.polityka.pl\/passent\/wp-json\/wp\/v2\/comments?post=3977"}],"version-history":[{"count":5,"href":"https:\/\/blog.polityka.pl\/passent\/wp-json\/wp\/v2\/posts\/3977\/revisions"}],"predecessor-version":[{"id":3982,"href":"https:\/\/blog.polityka.pl\/passent\/wp-json\/wp\/v2\/posts\/3977\/revisions\/3982"}],"wp:attachment":[{"href":"https:\/\/blog.polityka.pl\/passent\/wp-json\/wp\/v2\/media?parent=3977"}],"wp:term":[{"taxonomy":"category","embeddable":true,"href":"https:\/\/blog.polityka.pl\/passent\/wp-json\/wp\/v2\/categories?post=3977"},{"taxonomy":"post_tag","embeddable":true,"href":"https:\/\/blog.polityka.pl\/passent\/wp-json\/wp\/v2\/tags?post=3977"}],"curies":[{"name":"wp","href":"https:\/\/api.w.org\/{rel}","templated":true}]}}