
{"id":398,"date":"2008-01-18T09:18:44","date_gmt":"2008-01-18T08:18:44","guid":{"rendered":"http:\/\/passent.blog.polityka.pl\/?p=398"},"modified":"2008-01-18T09:54:12","modified_gmt":"2008-01-18T08:54:12","slug":"sto-kwiatow-przewodniczacego","status":"publish","type":"post","link":"https:\/\/blog.polityka.pl\/passent\/2008\/01\/18\/sto-kwiatow-przewodniczacego\/","title":{"rendered":"Sto kwiat\u00f3w przewodnicz\u0105cego"},"content":{"rendered":"<p><img loading=\"lazy\" decoding=\"async\" src=\"http:\/\/passent.blog.polityka.pl\/wp-content\/uploads\/0mao450.jpg\" alt=\"0mao450.jpg\" title=\"0mao450.jpg\" align=\"middle\" border=\"0\" height=\"298\" hspace=\"5\" vspace=\"5\" width=\"450\" \/><\/p>\n<p><em>Fot. Nathan Strange \/ UPPA \/ BEW<\/em><\/p>\n<p>Kilka miesi\u0119cy temu czyta\u0142em niezwykle pochwalny artykulik \u201eDziennika\u201d o radiowej Tr\u00f3jce. Na My\u015bliwieckiej wszystko OK \u2013 brzmia\u0142 radosny przekaz. By\u0142em troch\u0119 zdziwiony, \u017ce dziennikarz do niczego si\u0119 nie przyczepi\u0142, bo media z natury s\u0105 czepliwe i szukaj\u0105 dziury w ca\u0142ym. Ale zdawa\u0142em sobie spraw\u0119, \u017ce Krzysztof Skowro\u0144ski obj\u0105\u0142 Tr\u00f3jk\u0119 w czasach kiedy Wildstein obj\u0105\u0142 TVP, Czaba\u0144ski \u2013 Polskie Radio, Skwieci\u0144ski \u2013 PAP, a koncern Axela Springera zak\u0142adaj\u0105c \u201eDziennik\u201d da\u0142 rz\u0105dowi Kaczy\u0144skiego najwi\u0119kszy prezent. Ciep\u0142e s\u0142owa o Tr\u00f3jce wcale mnie wi\u0119c nie zdziwi\u0142y.<\/p>\n<p>Pochwa\u0142y prawicowej prasy prywatnej pod adresem prawicowych medi\u00f3w publicznych &#8211; oraz bicie na alarm z powodu pr\u00f3b odzyskania ich z r\u0105k PiS &#8211; przybieraj\u0105 na sile. Kilka dni temu \u201eDziennik\u201d bi\u0142 na alarm, \u017ce lewica (w osobie Jerzego Doma\u0144skiego, przewodnicz\u0105cego Rady Nadzorczej) usi\u0142uje usun\u0105\u0107 prezesa Skwieci\u0144skiego i przechwyci\u0107 PAP. Zagro\u017cenie okaza\u0142o si\u0119 niewielkie. \u201eRzepa\u201d z 17 bm. informuje w tytule: &#8222;Andrzej Skwieci\u0144ski pozostaje prezesem PAP\u201d. Pomijaj\u0105c fatalny b\u0142\u0105d (Skwieci\u0144ski z PAP ma na imi\u0119 Piotr, a nie Andrzej), reszta si\u0119 zgadza: Na posiedzeniu Rady Nadzorczej Doma\u0144ski nie wysun\u0105\u0142 wniosku o odwo\u0142anie prezesa. Poza tym czytamy to samo, co o Tr\u00f3jce \u2013 PAP kwitnie. Zwolennicy medi\u00f3w publicznych a la PiS mog\u0105 odetchn\u0105\u0107.<\/p>\n<p>Ale to nie koniec satysfakcji. Ta sama \u201eRz\u201d zamieszcza informacj\u0119 pod krzepi\u0105cym tytu\u0142em: \u201eDobry rok dla radia\u201d: \u201ePrezes Polskiego Radia Krzysztof Czaba\u0144ski potwierdzi\u0142 wczoraj informacje \u201eRz\u201d o powstaniu nowatorskiego Polskiego Radia Euro, kt\u00f3re ma by\u0107 jednocze\u015bnie portalem multimedialnym.\u201d Czaba\u0144ski chwali\u0142 si\u0119 tak\u017ce wynikiem finansowym PR. Martwi\u0105 go jednak spadaj\u0105ce \u201ew ostatnich miesi\u0105cach\u201d przychody z abonamentu. \u201eTo skutek licznych wypowiedzi premiera Donalda Tuska, kt\u00f3ry mimo r\u00f3\u017cnych g\u0142os\u00f3w w jego partii uparcie wraca do tego, \u017ce abonament powinien by\u0107 zlikwidowany.\u201d<\/p>\n<p>Wniosek z tego prosty: gdziekolwiek spojrze\u0107 w mediach publicznych &#8211; dzieje si\u0119 \u015bwietnie, wszystkie kwiaty kwitn\u0105, tylko ten Tusk\u2026 Ani s\u0142owa o tym, co sta\u0142o si\u0119 z Radiow\u0105 Dw\u00f3jk\u0105, ani s\u0142owa o malej\u0105cej s\u0142uchalno\u015bci Programu I, ani s\u0142owa o agonii Radia Bis, ani s\u0142owa o dzia\u0142alno\u015bci prezesa Targalskiego \u2013 niczego podobnego nie wida\u0107, ani nie s\u0142ycha\u0107, liczy si\u0119 tylko obrona koleg\u00f3w na stanowiskach. Temu maj\u0105 s\u0142u\u017cy\u0107 pochwa\u0142y ze strony niezale\u017cnych medi\u00f3w, takich jak \u201eDziennik\u201d i \u201eRzepa\u201d. Ta ostatnia prowadzi zreszt\u0105 ogie\u0144 zaporowy przeciwko wszelkim zmianom \u2013 od kurator\u00f3w do prokurator\u00f3w, a tak\u017ce robi preselekcj\u0119 genera\u0142\u00f3w na stanowisko komendanta WAT (uko\u0144czyli podobno uczelnie sowieckie). Najlepiej, gdyby wszystko zosta\u0142o po staremu, zw\u0142aszcza \u017ceby zostali nominaci IV RP. Ciekawe zreszt\u0105, \u017ce \u017caden z nich, w\u0142\u0105cznie z Andrzejem Urba\u0144skim, wraz z odej\u015bciem rz\u0105du, kt\u00f3remu zawdzi\u0119cza\u0142 nominacj\u0119, nie z\u0142o\u017cy\u0142 rezygnacji. Wr\u0119cz przeciwnie \u2013 \u017cadnych gest\u00f3w honorowych, kurczowo trzymaj\u0105 si\u0119 stanowisk. W mediach publicznych trwa zainicjowana jeszcze przez przewodnicz\u0105cego Mao polityka stu kwiat\u00f3w \u2013 byle wszystkie by\u0142y jednego koloru.<\/p>\n<p>***<\/p>\n<p><strong>PS<\/strong>. Dosta\u0142o mi si\u0119 wczoraj na naszym blogu za Tarcz\u0119. <strong>Janusz<\/strong>,<strong> Bobola<\/strong>,<strong> PI<\/strong>,<strong> Feliks Stychowski<\/strong>, <strong>bernardroland<\/strong>,<strong> owal<\/strong>,<strong> Janek<\/strong>,<strong> pielnia1<\/strong>,<strong> Marc<\/strong>,<strong> Jacek<\/strong>,<strong> Teodora<\/strong>,<strong> Eddie<\/strong>,<strong> Zappatist, Lizak<\/strong> i inni \u2013 wszyscy przeciw. Dzi\u0119kuj\u0119 bardzo za wypowiedzi i przyjmuj\u0119 je do wiadomo\u015bci, ale pami\u0119tajmy, \u017ce du\u017co \u0142atwiej jest gdyba\u0107 sobie w Internecie, ni\u017c ponosi\u0107 odpowiedzialno\u015b\u0107 za bezpiecze\u0144stwo pa\u0144stwa. Jak by nie by\u0142o, Stany s\u0105 naszym jedynym sojusznikiem wojskowym (via NATO) z prawdziwego zdarzenia i trzeba to jak najlepiej wykorzysta\u0107. Nie na kolanach, ale i nie plecami do Stan\u00f3w. Dlatego dyplomacja jest sztuk\u0105. Podoba\u0142 mi si\u0119 min. Klich w \u201eKropce nad i\u201d Moniki Olejnik. Co za zmiana w por\u00f3wnaniu z min. Szczyg\u0142o!<\/p>\n<p>Panu Romanowi Strykoszowi przesy\u0142am wyrazy uznania za cenne uwagi w sprawie Rosji i stosunku do niej. (Polecam t\u0119 lektur\u0119.) Wszystkim \u017cycz\u0119 udanego weekendu.<\/p>\n","protected":false},"excerpt":{"rendered":"<p>Fot. Nathan Strange \/ UPPA \/ BEW Kilka miesi\u0119cy temu czyta\u0142em niezwykle pochwalny artykulik \u201eDziennika\u201d o radiowej Tr\u00f3jce. Na My\u015bliwieckiej wszystko OK \u2013 brzmia\u0142 radosny przekaz. By\u0142em troch\u0119 zdziwiony, \u017ce dziennikarz do niczego si\u0119 nie przyczepi\u0142, bo media z natury s\u0105 czepliwe i szukaj\u0105 dziury w ca\u0142ym. Ale zdawa\u0142em sobie spraw\u0119, \u017ce Krzysztof Skowro\u0144ski obj\u0105\u0142 [&hellip;]<\/p>\n","protected":false},"author":4,"featured_media":0,"comment_status":"open","ping_status":"open","sticky":false,"template":"","format":"standard","meta":{"footnotes":""},"categories":[1],"tags":[],"_links":{"self":[{"href":"https:\/\/blog.polityka.pl\/passent\/wp-json\/wp\/v2\/posts\/398"}],"collection":[{"href":"https:\/\/blog.polityka.pl\/passent\/wp-json\/wp\/v2\/posts"}],"about":[{"href":"https:\/\/blog.polityka.pl\/passent\/wp-json\/wp\/v2\/types\/post"}],"author":[{"embeddable":true,"href":"https:\/\/blog.polityka.pl\/passent\/wp-json\/wp\/v2\/users\/4"}],"replies":[{"embeddable":true,"href":"https:\/\/blog.polityka.pl\/passent\/wp-json\/wp\/v2\/comments?post=398"}],"version-history":[{"count":0,"href":"https:\/\/blog.polityka.pl\/passent\/wp-json\/wp\/v2\/posts\/398\/revisions"}],"wp:attachment":[{"href":"https:\/\/blog.polityka.pl\/passent\/wp-json\/wp\/v2\/media?parent=398"}],"wp:term":[{"taxonomy":"category","embeddable":true,"href":"https:\/\/blog.polityka.pl\/passent\/wp-json\/wp\/v2\/categories?post=398"},{"taxonomy":"post_tag","embeddable":true,"href":"https:\/\/blog.polityka.pl\/passent\/wp-json\/wp\/v2\/tags?post=398"}],"curies":[{"name":"wp","href":"https:\/\/api.w.org\/{rel}","templated":true}]}}