
{"id":3984,"date":"2017-06-25T15:57:02","date_gmt":"2017-06-25T13:57:02","guid":{"rendered":"http:\/\/passent.blog.polityka.pl\/?p=3984"},"modified":"2017-06-26T07:52:50","modified_gmt":"2017-06-26T05:52:50","slug":"z-bliska-lepiej-widac","status":"publish","type":"post","link":"https:\/\/blog.polityka.pl\/passent\/2017\/06\/25\/z-bliska-lepiej-widac\/","title":{"rendered":"Z bliska lepiej wida\u0107"},"content":{"rendered":"<p>Gor\u0105co polecam lektur\u0119 wywiadu (&#8222;Deutsche Welle&#8221;) z Pavlem Rychatskym, prezesem czeskiego S\u0105du Najwy\u017cszego. Przed 1989 r. Rychatsky by\u0142 dysydentem (wyst\u0105pi\u0142 z partii w 1969 r. po \u201ebratniej inwazji\u201d na Czechos\u0142owacj\u0119), po 1989 r. pe\u0142ni\u0142 wa\u017cne funkcje, by\u0142 m.in. prokuratorem generalnym i ministrem sprawiedliwo\u015bci.<br \/>\n<!--more--><br \/>\nPrezes czeskiego SN jest zaalarmowany i przera\u017cony atakami na wymiar sprawiedliwo\u015bci i s\u0105downictwo w Polsce, na W\u0119grzech, w Turcji, i &#8211; w   mniejszym stopniu &#8211; w USA. To powa\u017cny kryzys demokracji liberalnej. \u201eTo jest alarmuj\u0105ce i przera\u017caj\u0105ce\u201d \u2013 m\u00f3wi. \u201eSytuacja w Polsce jest o wiele gorsza, ni\u017c wiemy o tym z medi\u00f3w\u201d.<\/p>\n<p>Rychatsky by\u0142 pod wra\u017ceniem \u201enienawistnego\u201d \u2013 jak powiedzia\u0142 &#8211; wyst\u0105pienia prof. Lecha Morawskiego na spotkaniu s\u0119dzi\u00f3w w Budapeszcie w kwietniu br. Przypomnijmy, \u017ce prof. Morawski to cz\u0142onek TK z inicjatywy PiS, tzw. dubler, znany z kompromitacji w Oksfordzie. W Polsce \u2013 m\u00f3wi\u0142 L.M. &#8211; toczy si\u0119 wojna mi\u0119dzy patriotami a zdrajcami i kolaborantami. Trybuna\u0142owi Konstytucyjnemu nie wolno pozostawia\u0107 interpretacji konstytucji. Konstytucja nie nale\u017cy do TK, lecz do ca\u0142ego narodu.<\/p>\n<p>\u201eTo mi przypomnia\u0142o czasy Stalina\u201d \u2013 powiedzia\u0142 czeski prawnik. I doda\u0142: &#8222;Autokraci w pierwszym rz\u0119dzie staraj\u0105 si\u0119 ograniczy\u0107 w\u0142adz\u0119 s\u0105downicz\u0105, bo ona jest najwi\u0119ksz\u0105 przeszkod\u0105. Wed\u0142ug S\u0105du Konstytucyjnego w Czechach istniej\u0105 pewne pryncypia, kt\u00f3rych nie ma prawa tkn\u0105\u0107 nawet demokratycznie wybrany parlament&#8221;.<\/p>\n<p>\u201eNie jest bowiem tak, \u017ce w demokracji wi\u0119kszo\u015b\u0107 ma racj\u0119. Wi\u0119kszo\u015b\u0107 ma jedynie tymczasowe upowa\u017cnienie, a tymczasowo\u015b\u0107 oznacza, \u017ce nie wolno odej\u015b\u0107 od konstytucji\u201d. Tak np. jest w sprawie prawa do \u017cycia. \u201e\u017baden parlament nie ma ju\u017c prawa przywr\u00f3ci\u0107 kary \u015bmierci, poniewa\u017c nasze pa\u0144stwo zakaza\u0142o jej stosowania\u201d.<\/p>\n<p>Zapytany, co by dla Czech znaczy\u0142o, gdyby sytuacja w Polsce rozwin\u0119\u0142a si\u0119 w najgorszym kierunku, prezes Rychatsky odpowiedzia\u0142: \u201eDla Republiki Czeskiej by\u0142aby to tragedia, dlatego \u017ce historycznie, zw\u0142aszcza w naszych dziejach najnowszych, los nas po\u0142\u0105czy\u0142\u201d.<\/p>\n<p>Tyle prezes S\u0105du Konstytucyjnego Republiki Czeskiej. Ca\u0142y wywiad mo\u017cna znale\u017a\u0107 w internecie.<\/p>\n<p>Pavel Rychatsky ma szcz\u0119\u015bcie, \u017ce urodzi\u0142 si\u0119 za miedz\u0105. U nas ju\u017c by oberwa\u0142 jako cz\u0142onek mafii i \u201ekasty\u201d, przedstawiciel \u201euk\u0142adu\u201d, element postkomunistyczny, wybrany niezgodnie z prawem. Na szcz\u0119\u015bcie nie jest Niemcem, tylko Czechem. Chocia\u017c warto by sprawdzi\u0107 do trzeciego pokolenia&#8230;<\/p>\n<p><strong>PS Zaproszenie<\/strong><br \/>\nDlaczego PiS g\u00f3ruje i co nam pomo\u017ce Trump? Prof. Krystyna Skar\u017cy\u0144ska, Robert Felu\u015b (redaktor naczelny \u201eFakt\u201d) i Adam Szostkiewicz (POLITYKA) b\u0119d\u0105 go\u015b\u0107mi Radia TOK FM we wtorek, 27 czerwca, o godz. 20.05.<\/p>\n","protected":false},"excerpt":{"rendered":"<p>Gor\u0105co polecam lektur\u0119 wywiadu (&#8222;Deutsche Welle&#8221;) z Pavlem Rychatskym, prezesem czeskiego S\u0105du Najwy\u017cszego. Przed 1989 r. Rychatsky by\u0142 dysydentem (wyst\u0105pi\u0142 z partii w 1969 r. po \u201ebratniej inwazji\u201d na Czechos\u0142owacj\u0119), po 1989 r. pe\u0142ni\u0142 wa\u017cne funkcje, by\u0142 m.in. prokuratorem generalnym i ministrem sprawiedliwo\u015bci.<\/p>\n","protected":false},"author":4,"featured_media":0,"comment_status":"open","ping_status":"closed","sticky":false,"template":"","format":"standard","meta":{"footnotes":""},"categories":[1],"tags":[],"_links":{"self":[{"href":"https:\/\/blog.polityka.pl\/passent\/wp-json\/wp\/v2\/posts\/3984"}],"collection":[{"href":"https:\/\/blog.polityka.pl\/passent\/wp-json\/wp\/v2\/posts"}],"about":[{"href":"https:\/\/blog.polityka.pl\/passent\/wp-json\/wp\/v2\/types\/post"}],"author":[{"embeddable":true,"href":"https:\/\/blog.polityka.pl\/passent\/wp-json\/wp\/v2\/users\/4"}],"replies":[{"embeddable":true,"href":"https:\/\/blog.polityka.pl\/passent\/wp-json\/wp\/v2\/comments?post=3984"}],"version-history":[{"count":3,"href":"https:\/\/blog.polityka.pl\/passent\/wp-json\/wp\/v2\/posts\/3984\/revisions"}],"predecessor-version":[{"id":3986,"href":"https:\/\/blog.polityka.pl\/passent\/wp-json\/wp\/v2\/posts\/3984\/revisions\/3986"}],"wp:attachment":[{"href":"https:\/\/blog.polityka.pl\/passent\/wp-json\/wp\/v2\/media?parent=3984"}],"wp:term":[{"taxonomy":"category","embeddable":true,"href":"https:\/\/blog.polityka.pl\/passent\/wp-json\/wp\/v2\/categories?post=3984"},{"taxonomy":"post_tag","embeddable":true,"href":"https:\/\/blog.polityka.pl\/passent\/wp-json\/wp\/v2\/tags?post=3984"}],"curies":[{"name":"wp","href":"https:\/\/api.w.org\/{rel}","templated":true}]}}