
{"id":3988,"date":"2017-07-02T12:41:17","date_gmt":"2017-07-02T10:41:17","guid":{"rendered":"http:\/\/passent.blog.polityka.pl\/?p=3988"},"modified":"2017-07-02T12:41:17","modified_gmt":"2017-07-02T10:41:17","slug":"goerlitz-towarzyszu-szeliga","status":"publish","type":"post","link":"https:\/\/blog.polityka.pl\/passent\/2017\/07\/02\/goerlitz-towarzyszu-szeliga\/","title":{"rendered":"Goerlitz, towarzyszu Szeliga!"},"content":{"rendered":"<p>Z dziennikarskiego obowi\u0105zku obejrza\u0142em i wys\u0142ucha\u0142em przem\u00f3wienie prezesa Kaczy\u0144skiego na kongresie PiS. Pierwsze, co si\u0119 rzuca w oczy (zw\u0142aszcza widzowi starszemu ), to podobie\u0144stwo do zjazd\u00f3w kierowniczej si\u0142y narodu w Polsce Ludowej.<br \/>\n<!--more--><br \/>\nDelegaci z ca\u0142ej Polski, i g\u00f3rnicy, i hutnicy, zachwyceni, kiedy przemawia I sekretarz. Oczywi\u015bcie, prezes Kaczy\u0144ski jest tw\u00f3rc\u0105 swojej partii i jej niekwestionowanym, wybieranym demokratycznie przyw\u00f3dc\u0105, nie rz\u0105dzi z cudzego nadania, ale podobie\u0144stwa istniej\u0105. Na przyk\u0142ad to, \u017ce prezes wyg\u0142asza obszerny referat, w kt\u00f3rym punkt po punkcie omawia poszczeg\u00f3lne dziedziny \u2013 gospodarka, wie\u015b, edukacja, sprawiedliwo\u015b\u0107, polityka zagraniczna, bezpiecze\u0144stwo itd.<\/p>\n<p>Prezes\/I sekretarz rozdaje cenzurki, chwali minister Rafalsk\u0105, dopinguje ministra Waszczykowskiego do jeszcze energiczniejszej czystki, wydaje polecenia \u2013 minister zdrowia ma zlikwidowa\u0107 nocne kolejki, a zn\u00f3w inni energiczniej realizowa\u0107 (sk\u0105din\u0105d potrzebny) program Mieszkanie+. Niekt\u00f3re akcje, np. 100 megabit\u00f3w (czy co\u015b takiego) na 100-lecie odzyskania niepodleg\u0142o\u015bci, przypominaj\u0105 akcj\u0119 \u201e1000 szk\u00f3\u0142 na tysi\u0105clecie\u201d z czas\u00f3w Gomu\u0142ki. Obie akcje s\u0105 zreszt\u0105 po\u017cyteczne, ale styl jest podobny, o czym wicepremier Morawiecki ma prawo nie wiedzie\u0107.<\/p>\n<p>Umacnia si\u0119 socjalno-narodowy charakter PiS. Pa\u0144stwo p\u0142aci i wymaga. Ma by\u0107 narodowo i patriotycznie, pa\u0144stwo nie b\u0119dzie np. finansowa\u0107 \u201eobcej polityki historycznej\u201d. Niekt\u00f3rzy powa\u017cni historycy uwa\u017caj\u0105, \u017ce co\u015b takiego jak polityka historyczna w og\u00f3le nie istnieje, jest historia i jest propaganda \u2013 nie nale\u017cy ich miesza\u0107. Ale inni z kolei wierz\u0105, \u017ce \u201eph\u201d istnieje \u2013 ka\u017cda sroka sw\u00f3j ogonek chwali, szko\u0142a ameryka\u0144ska wychowuje w duchu patriotycznym, dla Rosji II wojna \u015bwiatowa to tylko tytu\u0142 do chwa\u0142y, Wieka Brytania cywilizowa\u0142a p\u00f3\u0142 \u015bwiata etc. Tkwienie w tym zadufaniu do prawdy nas nie przybli\u017ca.<\/p>\n<p>Kategoryczne stwierdzenie prezesa, \u017ce pa\u0144stwo nie b\u0119dzie finansowa\u0142o \u201eobcej\u201d polityki historycznej, oznacza ni mniej, ni wi\u0119cej tylko form\u0119 cenzury: o historii Polski mo\u017cna pisa\u0107 tylko dobrze albo wcale, o innych pa\u0144stwach \u2013 odwrotnie. Stosunki polsko-ukrai\u0144skie, \u017co\u0142nierze wykl\u0119ci, sprawiedliwi i szmalcownicy, powstania narodowe, PRL \u2013 ka\u017cda w\u0105tpliwo\u015b\u0107, ka\u017cde odst\u0119pstwo od oficjalnego schematu mo\u017ce by\u0107 oceniane jako \u201eobce\u201d.<\/p>\n<p>To mi przypomina mia\u017cd\u017c\u0105c\u0105 ocen\u0119 tygodnika POLITYKA, przygotowan\u0105 pod koniec lat 60. ubieg\u0142ego wieku przez Biuro Prasy KC PZPR, z udzia\u0142em  sekretarza KC Stefana Olszowskiego. Na spotkaniu Wydzia\u0142u Propagandy z redakcj\u0105 pojawi\u0142 si\u0119 \u2013 obok wielu innych &#8211; zarzut, \u017ce reporta\u017c Zygmunta Szeligi ze Zgorzelca jest zbyt krytyczny, czarny. Szeliga si\u0119 broni\u0142, \u017ce on tam by\u0142, a rzeczywisto\u015b\u0107 jest jeszcze smutniejsza ni\u0107 reporta\u017c. Puste sklepy, \u0142uszcz\u0105ce si\u0119 tynki, ciemno wsz\u0119dzie. Na co Olszowski podni\u00f3s\u0142 g\u0142os i powiedzia\u0142: \u201eGoerlitz, towarzyszu Szeliga, Goerlitz!\u201d. To mia\u0142o znaczy\u0107, \u017ce Szeliga kwestionuje odzyskanie przez Polsk\u0119 Ziem Zachodnich, opisuje, do jakiego doprowadzili\u015bmy je upadku, a w og\u00f3le to gdyby POLITYKA o tym nie napisa\u0142a, to Niemcy by si\u0119 o tym nie dowiedzieli. Pisz\u0105c \u017ale o polskim Zgorzelcu, uprawiamy polityk\u0119 obc\u0105.<\/p>\n<p>Na tym samym zebraniu towarzysz Bronis\u0142aw Go\u0142\u0119biowski skrytykowa\u0142 moje reporta\u017ce z wojny wietnamskiej jako \u201eobiektywistyczne, mog\u0142yby si\u0119 ukaza\u0107 w prasie bur\u017cuazyjnej, takiej jak \u00bbLe Monde\u00ab\u201d. Ja to odebra\u0142em jako komplement, autor \u2013 jako zarzut. Punkt widzenia zale\u017cy od punktu siedzenia.<\/p>\n","protected":false},"excerpt":{"rendered":"<p>Z dziennikarskiego obowi\u0105zku obejrza\u0142em i wys\u0142ucha\u0142em przem\u00f3wienie prezesa Kaczy\u0144skiego na kongresie PiS. Pierwsze, co si\u0119 rzuca w oczy (zw\u0142aszcza widzowi starszemu ), to podobie\u0144stwo do zjazd\u00f3w kierowniczej si\u0142y narodu w Polsce Ludowej.<\/p>\n","protected":false},"author":4,"featured_media":0,"comment_status":"open","ping_status":"closed","sticky":false,"template":"","format":"standard","meta":{"footnotes":""},"categories":[1],"tags":[],"_links":{"self":[{"href":"https:\/\/blog.polityka.pl\/passent\/wp-json\/wp\/v2\/posts\/3988"}],"collection":[{"href":"https:\/\/blog.polityka.pl\/passent\/wp-json\/wp\/v2\/posts"}],"about":[{"href":"https:\/\/blog.polityka.pl\/passent\/wp-json\/wp\/v2\/types\/post"}],"author":[{"embeddable":true,"href":"https:\/\/blog.polityka.pl\/passent\/wp-json\/wp\/v2\/users\/4"}],"replies":[{"embeddable":true,"href":"https:\/\/blog.polityka.pl\/passent\/wp-json\/wp\/v2\/comments?post=3988"}],"version-history":[{"count":1,"href":"https:\/\/blog.polityka.pl\/passent\/wp-json\/wp\/v2\/posts\/3988\/revisions"}],"predecessor-version":[{"id":3989,"href":"https:\/\/blog.polityka.pl\/passent\/wp-json\/wp\/v2\/posts\/3988\/revisions\/3989"}],"wp:attachment":[{"href":"https:\/\/blog.polityka.pl\/passent\/wp-json\/wp\/v2\/media?parent=3988"}],"wp:term":[{"taxonomy":"category","embeddable":true,"href":"https:\/\/blog.polityka.pl\/passent\/wp-json\/wp\/v2\/categories?post=3988"},{"taxonomy":"post_tag","embeddable":true,"href":"https:\/\/blog.polityka.pl\/passent\/wp-json\/wp\/v2\/tags?post=3988"}],"curies":[{"name":"wp","href":"https:\/\/api.w.org\/{rel}","templated":true}]}}