
{"id":3991,"date":"2017-07-06T17:56:55","date_gmt":"2017-07-06T15:56:55","guid":{"rendered":"http:\/\/passent.blog.polityka.pl\/?p=3991"},"modified":"2017-07-06T18:59:17","modified_gmt":"2017-07-06T16:59:17","slug":"przyjechal-zobaczyl-zwyciezyl","status":"publish","type":"post","link":"https:\/\/blog.polityka.pl\/passent\/2017\/07\/06\/przyjechal-zobaczyl-zwyciezyl\/","title":{"rendered":"Przyjecha\u0142, zobaczy\u0142, zwyci\u0119\u017cy\u0142"},"content":{"rendered":"<p>Donald Trump nie jest moim idolem, raczej przeciwnie, niemniej bez bicia przyznaj\u0119, \u017ce prezydent USA pokaza\u0142 si\u0119 w Warszawie od najlepszej strony. Jego wizyta jest sukcesem zar\u00f3wno go\u015bcia, jak i gospodarzy. Obie strony bywaj\u0105 cz\u0119sto i zas\u0142u\u017cenie \u0142ajane za rozmaite grzechy &#8211; pych\u0119, gafy, k\u0142amstwa i niezr\u0119czno\u015bci &#8211; ale tym razem maj\u0105 powody do zadowolenia, a my wraz z nimi. (Witold Waszczykowski ocali\u0142 sk\u00f3r\u0119\u2026).<br \/>\n<!--more--><br \/>\n\u0141adnie, \u017ce Amerykanie (cho\u0107 wiedz\u0105, co robi\u0105) zaprosili i powitali Lecha Wa\u0142\u0119s\u0119, co znaczy\u0142o, \u017ce Donald Trump sk\u0142ada wizyt\u0119 w ca\u0142ej Polsce, a nie tylko w PiS, cho\u0107 to prezydent Duda i rz\u0105d premier Szyd\u0142o byli motorami tej wizyty. Telewizja Polska, kt\u00f3ra do tego momentu nie pokazywa\u0142a Wa\u0142\u0119sy, w momencie powitania go przez prezydenta USA nie mia\u0142a ju\u017c wyj\u015bcia i musia\u0142a go na moment pokaza\u0107. Czy na plac Krasi\u0144skich przyszli tak\u017ce byli prezydenci i premierzy polscy \u2013 nie widzia\u0142em, podobno nie otrzymali zaprosze\u0144, a to wstyd. To mnie jednak nie dziwi.<\/p>\n<p>Przem\u00f3wienie Trumpa, jego pierwsze publiczne wyst\u0105pienie w Europie, by\u0142o poprawne, bez \u017cadnych wpadek, ale i bez rewelacji. By\u0142o to wyst\u0105pienie polityka konserwatywnego, dla kt\u00f3rego najwa\u017cniejsze s\u0105 wiara, kultura, tradycja, wolno\u015b\u0107. Z du\u017cym podziwem m\u00f3wi\u0142 o Polsce, kt\u00f3r\u0105 nazwa\u0142 sercem i duchem Europy. \u201eAmeryka kocha Polak\u00f3w\u201d \u2013 powiedzia\u0142. O Polsce m\u00f3wi\u0142 tylko z uznaniem, jako o kraju kwitn\u0105cym, sprawdzonym sojuszniku w Afganistanie i w Iraku, wielkim narodzie, kt\u00f3ry wyda\u0142 Kopernika, Chopina i Jana Paw\u0142a II, symbolu nadziei.<\/p>\n<p>Obszerne fragmenty po\u015bwi\u0119ci\u0142 historii Polski, zaborom, walce o niepodleg\u0142o\u015b\u0107, od 1920 r. &#8211; po pierwsz\u0105 pielgrzymk\u0119 JP II w 1979 r. W okr\u0105g\u0142y st\u00f3\u0142 i tym podobne tematy si\u0119 nie wdawa\u0142. Jak przysta\u0142o na polityka, pami\u0119ta\u0142 o wyborcach w USA \u2013 Polakach, kt\u00f3rym bliskie musia\u0142y by\u0107 s\u0142owa o napa\u015bci na nasz kraj w 1939 r., o zbrodni katy\u0144skiej, o powstaniu warszawskim. M\u00f3wi\u0142 o tragedii narodu \u017cydowskiego, o Zag\u0142adzie i o Powstaniu w Getcie. Jego c\u00f3rka (zarazem wp\u0142ywowi doradcy) odwiedzi\u0142a pomnik Bohater\u00f3w Getta i Muzeum Polin.<\/p>\n<p>W \u201ecz\u0119\u015bci wsp\u00f3\u0142czesnej\u201d prezydent m\u00f3wi\u0142 o wsp\u00f3lnocie transatlantyckiej, o NATO (wyra\u017anie powt\u00f3rzy\u0142 o obowi\u0105zku \u0142o\u017cenia 2 proc. PKB na obronno\u015b\u0107, chwal\u0105c przy tym Polsk\u0119), m\u00f3wi\u0142 o silnej Polsce i o silnej Europie. Tym razem \u201epodpisa\u0142 si\u0119\u201d pod s\u0142ynnym punktem 5. Traktatu (jeden za wszystkich\u2026).<\/p>\n<p>Trump wyst\u0105pi\u0142 jako obro\u0144ca cywilizacji zachodniej przed zagro\u017ceniami, takimi jak terroryzm i ekstremizm. Jednoznacznie skrytykowa\u0142 Rosj\u0119, m.in. za polityk\u0119 wzgl\u0119dem Ukrainy, Syrii, Iranu. Przypomina\u0142 o naszej to\u017csamo\u015bci i o najwi\u0119kszej wsp\u00f3lnocie, do jakiej nale\u017cymy. Wzywa\u0142 do odwagi i determinacji w obronie cywilizacji zachodniej.<\/p>\n<p>Pisz\u0119 to wszystko z odr\u0119cznych notatek, wi\u0119c to i owo pomin\u0105\u0142em, ale w sumie by\u0142o to przem\u00f3wienie bardzo propolskie i konserwatywne \u2013 mi\u00f3d na serce gospodarzy. Trump by\u0142 te\u017c wyra\u017anie zadowolony z gor\u0105cego przyj\u0119cia na placu Krasi\u0144skich \u2013 takiej jednomy\u015blno\u015bci i \u017cyczliwo\u015bci jak w Warszawie nie znalaz\u0142by chyba nigdzie w Europie ani na ca\u0142ej zachodniej p\u00f3\u0142kuli \u2013 od Panamy i Meksyku po Chile i Argentyn\u0119.<\/p>\n<p>Przem\u00f3wienie prezydenta USA by\u0142oby lepsze, gdyby zawiera\u0142o wi\u0119cej konkret\u00f3w, gdyby Trump nawi\u0105zywa\u0142 nie tylko do pomnika powstania, ale i do gmachu s\u0105d\u00f3w, obok kt\u00f3rego sta\u0142. W Polsce (i w paru innych krajach) toczy si\u0119 walka w obronie zachodniej cywilizacji, do kt\u00f3rej potrzebne s\u0105 nie tyle rakiety Patriot, ile odwaga i determinacja, o jakie apelowa\u0142. No, ale nie wymagajmy za du\u017co. I tak to dobry dzie\u0144 dla Polski.<\/p>\n","protected":false},"excerpt":{"rendered":"<p>Donald Trump nie jest moim idolem, raczej przeciwnie, niemniej bez bicia przyznaj\u0119, \u017ce prezydent USA pokaza\u0142 si\u0119 w Warszawie od najlepszej strony. Jego wizyta jest sukcesem zar\u00f3wno go\u015bcia, jak i gospodarzy. Obie strony bywaj\u0105 cz\u0119sto i zas\u0142u\u017cenie \u0142ajane za rozmaite grzechy &#8211; pych\u0119, gafy, k\u0142amstwa i niezr\u0119czno\u015bci &#8211; ale tym razem maj\u0105 powody do zadowolenia, [&hellip;]<\/p>\n","protected":false},"author":4,"featured_media":0,"comment_status":"open","ping_status":"closed","sticky":false,"template":"","format":"standard","meta":{"footnotes":""},"categories":[1],"tags":[],"_links":{"self":[{"href":"https:\/\/blog.polityka.pl\/passent\/wp-json\/wp\/v2\/posts\/3991"}],"collection":[{"href":"https:\/\/blog.polityka.pl\/passent\/wp-json\/wp\/v2\/posts"}],"about":[{"href":"https:\/\/blog.polityka.pl\/passent\/wp-json\/wp\/v2\/types\/post"}],"author":[{"embeddable":true,"href":"https:\/\/blog.polityka.pl\/passent\/wp-json\/wp\/v2\/users\/4"}],"replies":[{"embeddable":true,"href":"https:\/\/blog.polityka.pl\/passent\/wp-json\/wp\/v2\/comments?post=3991"}],"version-history":[{"count":3,"href":"https:\/\/blog.polityka.pl\/passent\/wp-json\/wp\/v2\/posts\/3991\/revisions"}],"predecessor-version":[{"id":3994,"href":"https:\/\/blog.polityka.pl\/passent\/wp-json\/wp\/v2\/posts\/3991\/revisions\/3994"}],"wp:attachment":[{"href":"https:\/\/blog.polityka.pl\/passent\/wp-json\/wp\/v2\/media?parent=3991"}],"wp:term":[{"taxonomy":"category","embeddable":true,"href":"https:\/\/blog.polityka.pl\/passent\/wp-json\/wp\/v2\/categories?post=3991"},{"taxonomy":"post_tag","embeddable":true,"href":"https:\/\/blog.polityka.pl\/passent\/wp-json\/wp\/v2\/tags?post=3991"}],"curies":[{"name":"wp","href":"https:\/\/api.w.org\/{rel}","templated":true}]}}