
{"id":3995,"date":"2017-07-09T21:40:28","date_gmt":"2017-07-09T19:40:28","guid":{"rendered":"http:\/\/passent.blog.polityka.pl\/?p=3995"},"modified":"2017-07-10T08:40:29","modified_gmt":"2017-07-10T06:40:29","slug":"pielgrzymka-panstwowa","status":"publish","type":"post","link":"https:\/\/blog.polityka.pl\/passent\/2017\/07\/09\/pielgrzymka-panstwowa\/","title":{"rendered":"Pielgrzymka pa\u0144stwowa"},"content":{"rendered":"<p>Pa\u0144stwo polskie z rozmachem wzi\u0119\u0142o udzia\u0142 w XXVI Pielgrzymce Rodziny Radia Maryja na Jasn\u0105 G\u00f3r\u0119.<br \/>\n<!--more--><br \/>\nPrezydent pa\u0144stwa polskiego Andrzej Duda na urz\u0119dowej papeterii wystosowa\u0142 do organizator\u00f3w i uczestnik\u00f3w specjalne przes\u0142anie na r\u0119ce ojca dyrektora Tadeusza Rydzyka. Prezydent RP bardzo si\u0119 cieszy, \u017ce \u201epa\u0144stwa wsp\u00f3lnota rozwija si\u0119 i coraz pe\u0142niej rozkwita, wci\u0105\u017c owocuje nowymi dzie\u0142ami\u201d, takimi jak Radio Maryja, Telewizja Trwam, &#8222;Nasz Dziennik&#8221; \u2013 profesjonalne, wiarygodne \u015brodki masowego przekazu, a tak\u017ce Wy\u017csza szko\u0142a Kultury Spo\u0142ecznej i Medialnej.<\/p>\n<p>Premier pa\u0144stwa polskiego wystosowa\u0142a do uczestnik\u00f3w peregrynacji obszerny list, w kt\u00f3rym czytamy m.in., \u017ce \u201eprzede wszystkim wyr\u00f3\u017cnia was nieustanna dzia\u0142alno\u015b\u0107 ewangelizacyjna w lokalnych \u015brodowiskach\u201d. To chwalebna, ale i odpowiedzialna misja, kt\u00f3ra przejawia si\u0119 \u201epoprzez okazywanie mi\u0142osierdzia i otwarcia serca na drugiego cz\u0142owieka\u201d. Nie by\u0142oby tej i innych pielgrzymek, \u201egdyby nie wasz przewodnik, ojciec Tadeusz Rydzyk. Jego pos\u0142uga, jego dzie\u0142o, zas\u0142uguje na wyrazy szacunku i wdzi\u0119czno\u015bci\u201d \u2013 napisa\u0142a premier. Szefowa polskiego rz\u0105du \u017cyczy\u0142a m.in., by \u201ewstawiennictwo Matki Bo\u017cej przynios\u0142o uczestnikom nowe si\u0142y\u201d.<\/p>\n<p>W pielgrzymce udzia\u0142 wzi\u0119li m.in. wicemarsza\u0142ek Sejmu, ministrowie obrony narodowej, sprawiedliwo\u015bci i inni, a tak\u017ce tysi\u0105ce pielgrzym\u00f3w.<\/p>\n<p>Trzy dni przedtem papie\u017c Franciszek zwr\u00f3ci\u0142 si\u0119 z apelem do uczestnik\u00f3w szczytu najbogatszych pa\u0144stw (G20) w Hamburgu, by nadali \u201eabsolutny priorytet ubogim, uchod\u017acom, cierpi\u0105cym, bezdomnym i wykluczonym\u201d. Pa\u0144stwo polskie, jego prezydent i premier, mia\u0142o jednak inny priorytet \u2013 pielgrzymk\u0119 Radia Maryja.<\/p>\n","protected":false},"excerpt":{"rendered":"<p>Pa\u0144stwo polskie z rozmachem wzi\u0119\u0142o udzia\u0142 w XXVI Pielgrzymce Rodziny Radia Maryja na Jasn\u0105 G\u00f3r\u0119.<\/p>\n","protected":false},"author":4,"featured_media":0,"comment_status":"open","ping_status":"closed","sticky":false,"template":"","format":"standard","meta":{"footnotes":""},"categories":[1],"tags":[],"_links":{"self":[{"href":"https:\/\/blog.polityka.pl\/passent\/wp-json\/wp\/v2\/posts\/3995"}],"collection":[{"href":"https:\/\/blog.polityka.pl\/passent\/wp-json\/wp\/v2\/posts"}],"about":[{"href":"https:\/\/blog.polityka.pl\/passent\/wp-json\/wp\/v2\/types\/post"}],"author":[{"embeddable":true,"href":"https:\/\/blog.polityka.pl\/passent\/wp-json\/wp\/v2\/users\/4"}],"replies":[{"embeddable":true,"href":"https:\/\/blog.polityka.pl\/passent\/wp-json\/wp\/v2\/comments?post=3995"}],"version-history":[{"count":3,"href":"https:\/\/blog.polityka.pl\/passent\/wp-json\/wp\/v2\/posts\/3995\/revisions"}],"predecessor-version":[{"id":3998,"href":"https:\/\/blog.polityka.pl\/passent\/wp-json\/wp\/v2\/posts\/3995\/revisions\/3998"}],"wp:attachment":[{"href":"https:\/\/blog.polityka.pl\/passent\/wp-json\/wp\/v2\/media?parent=3995"}],"wp:term":[{"taxonomy":"category","embeddable":true,"href":"https:\/\/blog.polityka.pl\/passent\/wp-json\/wp\/v2\/categories?post=3995"},{"taxonomy":"post_tag","embeddable":true,"href":"https:\/\/blog.polityka.pl\/passent\/wp-json\/wp\/v2\/tags?post=3995"}],"curies":[{"name":"wp","href":"https:\/\/api.w.org\/{rel}","templated":true}]}}