
{"id":4000,"date":"2017-07-14T18:36:00","date_gmt":"2017-07-14T16:36:00","guid":{"rendered":"http:\/\/passent.blog.polityka.pl\/?p=4000"},"modified":"2017-07-14T21:11:03","modified_gmt":"2017-07-14T19:11:03","slug":"bastylia-coraz-mocniejsza","status":"publish","type":"post","link":"https:\/\/blog.polityka.pl\/passent\/2017\/07\/14\/bastylia-coraz-mocniejsza\/","title":{"rendered":"Bastylia coraz mocniejsza"},"content":{"rendered":"<p>Kiedy Francuzi \u015bwi\u0119tuj\u0105 rocznic\u0119 wolno\u015bci, my nie potrafimy jej obroni\u0107. Demokracja zamiast triumfowa\u0107 \u2013 jest coraz bardziej ograniczana.<br \/>\n<!--more--><br \/>\nTrwa rewolucja kadrowa, nieko\u0144cz\u0105ca si\u0119 czystka \u2013 s\u0142u\u017cba cywilna, genera\u0142owie i oficerowie, dyplomaci i pracownicy medi\u00f3w publicznych, sp\u00f3\u0142ki skarbu pa\u0144stwa, teatry, instytuty, a\u017c po stanowiska najbardziej newralgiczne w wymiarze sprawiedliwo\u015bci \u2013 s\u0119dziowie S\u0105du Najwy\u017cszego i Trybuna\u0142u Konstytucyjnego, cz\u0142onkowie Krajowej Rady S\u0105downictwa. Na horyzoncie majaczy Instytut Wolno\u015bci, kt\u00f3ry stanie na czele organizacji i \u015brodowisk pozarz\u0105dowych &#8211; s\u0142uszne nagrodzi, nies\u0142uszne zag\u0142odzi. Podobnie z mediami: s\u0142uszne wspiera si\u0119 og\u0142oszeniami i prenumerat\u0105, nies\u0142uszne wykre\u015bli si\u0119 z listy, niech zdychaj\u0105.<\/p>\n<p>Kilka dni temu pojawi\u0142a si\u0119 wiadomo\u015b\u0107, \u017ce od 2015 r. w s\u0142u\u017cbach celnych i innych plac\u00f3wkach podleg\u0142ych Ministerstwu Finans\u00f3w obowi\u0105zywa\u0142 zakaz prenumeraty nies\u0142usznych czasopism: &#8222;Newsweek Polska&#8221;, &#8222;Press&#8221;, POLITYKA i &#8222;Wprost&#8221; (je\u015bli kogo\u015b pomin\u0105\u0142em, to przepraszam). Kiedy ta zawstydzaj\u0105ca sprawa nabra\u0142a rozg\u0142osu, Ministerstwo odwo\u0142a\u0142o zarz\u0105dzenie. Niestety, nie s\u0142ycha\u0107, \u017ceby Ministerstwo Sprawiedliwo\u015bci odwo\u0142a\u0142o podobne zarz\u0105dzenie, kt\u00f3rego motorem jest minister Patryk Jaki. Od czasu PRL w\u0142adza nie pe\u0142ni\u0142a tak otwarcie funkcji cenzora.<\/p>\n<p>Inny przyk\u0142ad wspierania swoich: kilka tygodni temu serwis Press poinformowa\u0142, \u017ce Stowarzyszenie Dziennikarzy Polskich dosta\u0142o od MSZ ponad \u0107wier\u0107 miliona z\u0142otych na \u201edialog dziennikarzy polskich z dziennikarzami zagranicznymi\u201d. Celem projektu SDP jest \u201epromocja Polski w\u015br\u00f3d dziennikarzy zagranicznych i odbiorc\u00f3w zagranicznych medi\u00f3w\u201d.<\/p>\n<p>Polscy dziennikarze \u2013 czytamy w serwisie Press \u2013 maj\u0105 si\u0119 spotyka\u0107 z kolegami w r\u00f3\u017cnych stolicach europejskich. \u201eWszystko wskazuje na to, \u017ce dzi\u0119ki rz\u0105dowemu dofinansowaniu SDP b\u0119dzie przekazywa\u0107 zagranicznym dziennikarzom jednostronny obraz Polski\u201d. SDP informuje, \u017ce do udzia\u0142u w programie zaprosi\u0142o 30 wybitnych dziennikarzy polskich. Podano kilka nazwisk z prawej strony sceny politycznej. W\u015br\u00f3d zaproszonych nie by\u0142o nikogo z &#8222;Newsweeka&#8221;, &#8222;Wyborczej&#8221; czy POLITYKI. Szef &#8222;Newsweeka Polska&#8221; Tomasz Lis, podobnie jak redaktor naczelny \u201eRzeczpospolitej\u201d, nie otrzymali zaprosze\u0144.<\/p>\n<p>W\u015br\u00f3d zaproszonych wymieniono natomiast red. Jerzego Haszczy\u0144skiego, kierownika dzia\u0142u zagranicznego \u201eRzepy\u201d, kt\u00f3remu jednak wyra\u017anie nie odpowiada\u0142a podw\u00f3jna rola dziennikarza \u2013 niezale\u017cnego i dotowanego przez rz\u0105d. &#8222;Niech MSZ samo dba o sw\u00f3j wizerunek \u2013 powiedzia\u0142. &#8211; Nie zamierzam wyje\u017cd\u017ca\u0107 za granic\u0119, by poprzez rozmowy z dziennikarzami poprawia\u0107 wizerunek rz\u0105du&#8221; \u2013 napisa\u0142.<\/p>\n<p>\u201eObron\u0105 rz\u0105d\u00f3w i partii (\u017cadnych) nie b\u0119d\u0119 si\u0119 zajmowa\u0142\u201d.<\/p>\n<p>Ciekawe, kogo SDP uznaje za 30 wybitnych dziennikarzy, ch\u0119tnie zapoznam blogowicz\u00f3w z list\u0105, je\u015bli tylko uda si\u0119 do niej dotrze\u0107.<\/p>\n","protected":false},"excerpt":{"rendered":"<p>Kiedy Francuzi \u015bwi\u0119tuj\u0105 rocznic\u0119 wolno\u015bci, my nie potrafimy jej obroni\u0107. Demokracja zamiast triumfowa\u0107 \u2013 jest coraz bardziej ograniczana.<\/p>\n","protected":false},"author":4,"featured_media":0,"comment_status":"open","ping_status":"closed","sticky":false,"template":"","format":"standard","meta":{"footnotes":""},"categories":[1],"tags":[],"_links":{"self":[{"href":"https:\/\/blog.polityka.pl\/passent\/wp-json\/wp\/v2\/posts\/4000"}],"collection":[{"href":"https:\/\/blog.polityka.pl\/passent\/wp-json\/wp\/v2\/posts"}],"about":[{"href":"https:\/\/blog.polityka.pl\/passent\/wp-json\/wp\/v2\/types\/post"}],"author":[{"embeddable":true,"href":"https:\/\/blog.polityka.pl\/passent\/wp-json\/wp\/v2\/users\/4"}],"replies":[{"embeddable":true,"href":"https:\/\/blog.polityka.pl\/passent\/wp-json\/wp\/v2\/comments?post=4000"}],"version-history":[{"count":6,"href":"https:\/\/blog.polityka.pl\/passent\/wp-json\/wp\/v2\/posts\/4000\/revisions"}],"predecessor-version":[{"id":4006,"href":"https:\/\/blog.polityka.pl\/passent\/wp-json\/wp\/v2\/posts\/4000\/revisions\/4006"}],"wp:attachment":[{"href":"https:\/\/blog.polityka.pl\/passent\/wp-json\/wp\/v2\/media?parent=4000"}],"wp:term":[{"taxonomy":"category","embeddable":true,"href":"https:\/\/blog.polityka.pl\/passent\/wp-json\/wp\/v2\/categories?post=4000"},{"taxonomy":"post_tag","embeddable":true,"href":"https:\/\/blog.polityka.pl\/passent\/wp-json\/wp\/v2\/tags?post=4000"}],"curies":[{"name":"wp","href":"https:\/\/api.w.org\/{rel}","templated":true}]}}