
{"id":4008,"date":"2017-07-19T12:23:20","date_gmt":"2017-07-19T10:23:20","guid":{"rendered":"http:\/\/passent.blog.polityka.pl\/?p=4008"},"modified":"2017-07-19T12:34:30","modified_gmt":"2017-07-19T10:34:30","slug":"styl-to-czlowiek","status":"publish","type":"post","link":"https:\/\/blog.polityka.pl\/passent\/2017\/07\/19\/styl-to-czlowiek\/","title":{"rendered":"Styl to cz\u0142owiek"},"content":{"rendered":"<p>Kiedy na m\u00f3wnic\u0119 sejmow\u0105 wesz\u0142a pani prof. Gersdorf, Pierwsza Prezes S\u0105du Najwy\u017cszego, Jaros\u0142aw Kaczy\u0144ski ostentacyjnie wyszed\u0142 z sali. Nie chc\u0119 u\u017cywa\u0107 grubych s\u0142\u00f3w, ale by\u0142 to demonstracyjny brak szacunku dla urz\u0119du i dla osoby, kt\u00f3ra go sprawuje. Kaczy\u0144ski rozdaje sw\u00f3j szacunek jak z \u0142aski.<br \/>\n<!--more--><br \/>\nKiedy nazajutrz premier Szyd\u0142o nakrzycza\u0142a na pos\u0142\u00f3w, uradowany prezes ca\u0142owa\u0142 j\u0105 po r\u0119kach i po policzkach. On po prostu nie lubi s\u0142ucha\u0107 opinii innych ni\u017c swoje. Podobnie zachowuj\u0105 si\u0119 premier Szyd\u0142o i minister Waszczykowski, kt\u00f3rzy z regu\u0142y pomniejszaj\u0105 znaczenie tych, kt\u00f3rzy s\u0105 krytyczni \u2013 parlamentarzyst\u00f3w europejskich, dziadk\u00f3w z komisji weneckiej, \u201egrupy kolesi\u00f3w\u201d, zwanej S\u0105dem Najwy\u017cszym, \u201eniedoinformowanego\u201d by\u0142ego sekretarza stanu Kerry\u2019ego i senatora McCaina.<\/p>\n<p>Zapytany przez \u201eRzeczpospolit\u0105\u201d, czy nie ma niczego niepokoj\u0105cego w prezydenturze Trumpa, minister Waszczykowski odpowiada:<\/p>\n<blockquote><p>Nie czytam &#8222;Gazety Wyborczej&#8221; i nie ogl\u0105dam TVN 24, wi\u0119c nic mnie nie niepokoi.<\/p><\/blockquote>\n<p>Niby stwierdzenie faktu, a ile w tym pogardy! Ile z\u0142o\u015bci! Dlaczego \u2013 nietrudno zgadn\u0105\u0107. Teraz tylko czeka\u0107, a\u017c \u015bladem Ministerstwa Sprawiedliwo\u015bci tak\u017ce MSZ zaka\u017ce prenumeraty nies\u0142usznych gazet i czasopism, ogl\u0105dania \u201epolskoj\u0119zycznej\u201d telewizji.<\/p>\n<p>Ostatnie 48 godzin obfitowa\u0142o w tajemnicze wydarzenia i chamskie wypowiedzi. Pierwsze wydarzenie \u2013 wycofanie si\u0119 z podwy\u017cki cen paliw. Czy podwy\u017cka i jej odwo\u0142anie to by\u0142o serio czy bluff, ustawka, \u017ceby przykry\u0107 atak na s\u0105downictwo i \u017ceby dobry policjant Kaczy\u0144ski m\u00f3g\u0142 odwo\u0142a\u0107 podwy\u017ck\u0119?<\/p>\n<p>Nazajutrz, w czasie trwaj\u0105cej napa\u015bci na niezale\u017cne s\u0105downictwo oraz licznych protest\u00f3w w kraju i za granic\u0105, g\u0142os zabra\u0142 prezydent Duda, kt\u00f3ry w kr\u00f3tkim o\u015bwiadczeniu powiedzia\u0142, \u017ce nie podpisze ustawy o S\u0105dzie Najwy\u017cszym, je\u015bli do ustawy o KRS nie zostanie wprowadzona poprawka, \u017ce wyb\u00f3r s\u0119dzi\u00f3w do Rady b\u0119dzie wymaga\u0142 3\/5 g\u0142os\u00f3w obecnych w Izbie pos\u0142\u00f3w.<\/p>\n<p>W pierwszej chwili by\u0142o to zaskoczenie i niekt\u00f3rzy my\u015bleli, \u017ce to kolejna ustawka, dogadana z PiS, ale przewa\u017cy\u0142 pogl\u0105d, \u017ce owszem, dogadana\u2026 z Kukizem. Okaza\u0142o si\u0119, \u017ce to jest ma\u0142y krok w kierunku uniezale\u017cnienia prezydenta Dudy, ale mniejszy ni\u017c weto w sprawie RIO i w sumie bez wi\u0119kszego znaczenia po bli\u017cszym wczytaniu si\u0119. Potem prezydent uzyska\u0142 od PiS obietnic\u0119, \u017ce to on, a nie minister sprawiedliwo\u015bci, b\u0119dzie m\u00f3g\u0142 wskazywa\u0107 s\u0119dzi\u00f3w SN ocalonych z wygaszenia, ale i to nie zmienia sedna sprawy, jakim jest zniszczenie Trybuna\u0142u Konstytucyjnego, KRS, SN, wyrzucanie s\u0119dzi\u00f3w, obrzydliwa kampania przeciw s\u0119dziom i s\u0105downictwu. Drobne gesty prezydenta Dudy nie zdejmuj\u0105 z niego odpowiedzialno\u015bci za to, co wyprawiaj\u0105 PiS i rz\u0105d.<\/p>\n<p>Tu nie chodzi o \u017cadn\u0105 demokratyzacj\u0119 prawa, o rzekome zwr\u00f3cenie suwerenowi wymiaru sprawiedliwo\u015bci, o \u017cadne usprawnienie, tylko o zemst\u0119 i zniszczenie opozycji. To, co my\u015bli i czuje genialny strateg z \u017boliborza, powiedzia\u0142 on sam, m\u00f3wi\u0105c \u201ewon!\u201d do pos\u0142anki i zwracaj\u0105c si\u0119 do opozycji: \u201eNie wycierajcie swoich mord zdradzieckich nazwiskiem mojego \u015bp. Brata, niszczyli\u015bcie go, zamordowali\u015bcie go, jeste\u015bcie kanaliami\u201d.<\/p>\n<p>I to oni stanowi\u0105 jeden z g\u0142\u00f3wnych cel\u00f3w reformy wymiaru sprawiedliwo\u015bci. Kiedy znajd\u0105 si\u0119 za kratami, reforma odniesie sukces.<\/p>\n","protected":false},"excerpt":{"rendered":"<p>Kiedy na m\u00f3wnic\u0119 sejmow\u0105 wesz\u0142a pani prof. Gersdorf, Pierwsza Prezes S\u0105du Najwy\u017cszego, Jaros\u0142aw Kaczy\u0144ski ostentacyjnie wyszed\u0142 z sali. Nie chc\u0119 u\u017cywa\u0107 grubych s\u0142\u00f3w, ale by\u0142 to demonstracyjny brak szacunku dla urz\u0119du i dla osoby, kt\u00f3ra go sprawuje. Kaczy\u0144ski rozdaje sw\u00f3j szacunek jak z \u0142aski.<\/p>\n","protected":false},"author":4,"featured_media":0,"comment_status":"open","ping_status":"closed","sticky":false,"template":"","format":"standard","meta":{"footnotes":""},"categories":[1],"tags":[],"_links":{"self":[{"href":"https:\/\/blog.polityka.pl\/passent\/wp-json\/wp\/v2\/posts\/4008"}],"collection":[{"href":"https:\/\/blog.polityka.pl\/passent\/wp-json\/wp\/v2\/posts"}],"about":[{"href":"https:\/\/blog.polityka.pl\/passent\/wp-json\/wp\/v2\/types\/post"}],"author":[{"embeddable":true,"href":"https:\/\/blog.polityka.pl\/passent\/wp-json\/wp\/v2\/users\/4"}],"replies":[{"embeddable":true,"href":"https:\/\/blog.polityka.pl\/passent\/wp-json\/wp\/v2\/comments?post=4008"}],"version-history":[{"count":5,"href":"https:\/\/blog.polityka.pl\/passent\/wp-json\/wp\/v2\/posts\/4008\/revisions"}],"predecessor-version":[{"id":4013,"href":"https:\/\/blog.polityka.pl\/passent\/wp-json\/wp\/v2\/posts\/4008\/revisions\/4013"}],"wp:attachment":[{"href":"https:\/\/blog.polityka.pl\/passent\/wp-json\/wp\/v2\/media?parent=4008"}],"wp:term":[{"taxonomy":"category","embeddable":true,"href":"https:\/\/blog.polityka.pl\/passent\/wp-json\/wp\/v2\/categories?post=4008"},{"taxonomy":"post_tag","embeddable":true,"href":"https:\/\/blog.polityka.pl\/passent\/wp-json\/wp\/v2\/tags?post=4008"}],"curies":[{"name":"wp","href":"https:\/\/api.w.org\/{rel}","templated":true}]}}