
{"id":4014,"date":"2017-07-20T17:49:52","date_gmt":"2017-07-20T15:49:52","guid":{"rendered":"http:\/\/passent.blog.polityka.pl\/?p=4014"},"modified":"2017-07-20T18:43:46","modified_gmt":"2017-07-20T16:43:46","slug":"trojskok-ku-przepasci","status":"publish","type":"post","link":"https:\/\/blog.polityka.pl\/passent\/2017\/07\/20\/trojskok-ku-przepasci\/","title":{"rendered":"Tr\u00f3jskok ku przepa\u015bci"},"content":{"rendered":"<p>W telewizji (oczywi\u015bcie nie tej publicznej) pokazano dzi\u015b pierwsz\u0105 stron\u0119 &#8222;New York Timesa&#8221;, a na czo\u0142\u00f3wce du\u017c\u0105 fotografi\u0119 z Warszawy: las r\u0105k i \u015bwiate\u0142ek przed siedzib\u0105 s\u0105d\u00f3w na placu Krasi\u0144skich. Niestety, w tym samym czasie w Sejmie RP las r\u0105k pos\u0142\u00f3w PiS przyjmowa\u0142 ustaw\u0119 o S\u0105dzie Najwy\u017cszym, kt\u00f3r\u0105 w ekspresowym tempie przyjmie Senat i prawie na pewno podpisze prezydent Duda. (Jego poprawki nie zmieniaj\u0105 istoty sprawy).<br \/>\n<!--more--><br \/>\nRazem z ustawami o Krajowej Radzie S\u0105downictwa oraz o ustroju s\u0105d\u00f3w powszechnych Polska dokonuje tr\u00f3jskoku ku przepa\u015bci, jak\u0105 staje si\u0119 wymiar sprawiedliwo\u015bci i \u2013 szerzej \u2013 sfera bezpiecze\u0144stwa obywateli. Jest to tr\u00f3jskok w kierunku pa\u0144stwa monopolistycznego albo \u2013 lepiej \u2013 \u201epolicyjnego\u201d.<\/p>\n<p>Nawet pikantne szczeg\u00f3\u0142y, takie jak ekspresowe tempo uchwalania ustaw, kpina z debaty, u\u017cycie stra\u017cak\u00f3w (incognito, bez identyfikator\u00f3w) do ustawiania barierek, wybuch w\u015bciek\u0142o\u015bci prezesa Kaczy\u0144skiego, wyzwiska od \u201emord i kanalii\u201d &#8211; nie powinny przes\u0142ania\u0107 istoty sprawy. A ta jest taka, \u017ce domyka si\u0119 ci\u0105g technologiczny znany ju\u017c z lat 2005-2007. Ka\u017cdy obywatel, organizacja czy instytucja mo\u017ce dosta\u0107 si\u0119 w \u0142apy systemu: s\u0142u\u017cby specjalne, policja, s\u0142u\u017cba cywilna, media publiczne, prokuratura, s\u0105dy i prawo \u0142aski \u2013 wszystko znajduje si\u0119 w jednych r\u0119kach.<\/p>\n<p>Jeden cz\u0142owiek, wraz ze swoimi fobiami i obsesjami, ma nas wszystkich w gar\u015bci. Kto\u015b zapyta: sk\u0105d ten po\u015bpiech w przyjmowaniu tak wa\u017cnych ustaw? Odpowied\u017a nasuwa si\u0119 sama: 9 sierpnia S\u0105d Najwy\u017cszy ma zdecydowa\u0107 o losie Mariusza Kami\u0144skiego i innych z CBA, \u201eu\u0142askawionych\u201d przez prezydenta Dud\u0119, kt\u00f3ry w ten spos\u00f3b \u201ezechcia\u0142 uwolni\u0107\u201d wymiar sprawiedliwo\u015bci od tej politycznej sprawy. Potrzebny jest pilnie sw\u00f3j S\u0105d Najwy\u017cszy.<\/p>\n<p>Wymiar sprawiedliwo\u015bci w Polsce zosta\u0142 definitywnie podporz\u0105dkowany politykom, to oni \u2013 politycy PiS \u2013 zdemolowali Trybuna\u0142 Konstytucyjny, oddali s\u0105dy w r\u0119ce rz\u0105du, potraktowali z buta s\u0119dzi\u00f3w S\u0105du Najwy\u017cszego i Krajowej Rady S\u0105downictwa, wzi\u0119li sobie prawo obsadzania stanowisk dyrektor\u00f3w i przewodnicz\u0105cych. Wszystko to jest zgrane z prowadzon\u0105 w mediach publicznych i przyjaznych w\u0142adzy kampaniom przeciwko s\u0119dziom i dotychczasowemu wymiarowi sprawiedliwo\u015bci. Autentyczne s\u0142abo\u015bci tego systemu zosta\u0142y tak wyolbrzymione, by zamiast naprawy i usprawnienia mo\u017cna by\u0142o po prostu zdetonowa\u0107 ca\u0142o\u015b\u0107. Teraz w\u0142adza wykonawcza b\u0119dzie palcem wskazywa\u0107, kt\u00f3rzy s\u0119dziowie maj\u0105 z tego wybuchu ocale\u0107. Jakie \u015bledztwo ma zosta\u0107 wszcz\u0119te, a kt\u00f3re umorzone, jakie szczeg\u00f3\u0142y w trakcie trwania poda\u0107 do publicznej wiadomo\u015bci (np. by kogo\u015b zdyskredytowa\u0107 i pogn\u0119bi\u0107).<\/p>\n<p>Konsekwencje upolitycznienia wymiaru sprawiedliwo\u015bci, na czele z S\u0105dem Najwy\u017cszym, s\u0105 trudne do wyobra\u017cenia, jak cho\u0107by uznanie wa\u017cno\u015bci wybor\u00f3w. \u201eGenialny strateg\u201d dobrze wykorzysta\u0142 sprzyjaj\u0105ce zamachowi okoliczno\u015bci: pomy\u015bln\u0105 sytuacj\u0119 gospodarcz\u0105, zadowolenie z 500+, uczucia nacjonalistyczne (wstawanie z kolan) i ksenofobiczne (strach przed uchod\u017acami), s\u0142abo\u015b\u0107 opozycji, sezon wakacyjny, b\u0142\u0119dy i zaniechania poprzednik\u00f3w (reprywatyzacja, Amber Gold).<\/p>\n<p>Na tym \u015bwiat si\u0119 na szcz\u0119\u015bcie nie ko\u0144czy. Nadziej\u0119 budzi coraz bardziej widoczny sprzeciw, pokojowe zgromadzenia, marsze i demonstracje, coraz wi\u0119kszy udzia\u0142 w nich m\u0142odzie\u017cy, do niedawna tylko \u015bladowo obecnej w podobnych akcjach. Do\u015bwiadczenie pokazuje, \u017ce nawet najbardziej arogancka w\u0142adza boi si\u0119 sprzeciwu \u2013 cho\u0107by \u201eczarnego marszu\u201d, referend\u00f3w w sprawie ustawy metropolitalnej czy zwyk\u0142ej podwy\u017cki cen paliwa. W tym sensie \u201emarsze \u015bwiat\u0142a\u201d to \u015bwiat\u0142o w tunelu. Mo\u017ce dzi\u0119ki nim podniesiemy si\u0119 kiedy\u015b z tego upadku.<\/p>\n","protected":false},"excerpt":{"rendered":"<p>W telewizji (oczywi\u015bcie nie tej publicznej) pokazano dzi\u015b pierwsz\u0105 stron\u0119 &#8222;New York Timesa&#8221;, a na czo\u0142\u00f3wce du\u017c\u0105 fotografi\u0119 z Warszawy: las r\u0105k i \u015bwiate\u0142ek przed siedzib\u0105 s\u0105d\u00f3w na placu Krasi\u0144skich. Niestety, w tym samym czasie w Sejmie RP las r\u0105k pos\u0142\u00f3w PiS przyjmowa\u0142 ustaw\u0119 o S\u0105dzie Najwy\u017cszym, kt\u00f3r\u0105 w ekspresowym tempie przyjmie Senat i prawie [&hellip;]<\/p>\n","protected":false},"author":4,"featured_media":0,"comment_status":"open","ping_status":"closed","sticky":false,"template":"","format":"standard","meta":{"footnotes":""},"categories":[1],"tags":[],"_links":{"self":[{"href":"https:\/\/blog.polityka.pl\/passent\/wp-json\/wp\/v2\/posts\/4014"}],"collection":[{"href":"https:\/\/blog.polityka.pl\/passent\/wp-json\/wp\/v2\/posts"}],"about":[{"href":"https:\/\/blog.polityka.pl\/passent\/wp-json\/wp\/v2\/types\/post"}],"author":[{"embeddable":true,"href":"https:\/\/blog.polityka.pl\/passent\/wp-json\/wp\/v2\/users\/4"}],"replies":[{"embeddable":true,"href":"https:\/\/blog.polityka.pl\/passent\/wp-json\/wp\/v2\/comments?post=4014"}],"version-history":[{"count":4,"href":"https:\/\/blog.polityka.pl\/passent\/wp-json\/wp\/v2\/posts\/4014\/revisions"}],"predecessor-version":[{"id":4018,"href":"https:\/\/blog.polityka.pl\/passent\/wp-json\/wp\/v2\/posts\/4014\/revisions\/4018"}],"wp:attachment":[{"href":"https:\/\/blog.polityka.pl\/passent\/wp-json\/wp\/v2\/media?parent=4014"}],"wp:term":[{"taxonomy":"category","embeddable":true,"href":"https:\/\/blog.polityka.pl\/passent\/wp-json\/wp\/v2\/categories?post=4014"},{"taxonomy":"post_tag","embeddable":true,"href":"https:\/\/blog.polityka.pl\/passent\/wp-json\/wp\/v2\/tags?post=4014"}],"curies":[{"name":"wp","href":"https:\/\/api.w.org\/{rel}","templated":true}]}}