
{"id":4020,"date":"2017-07-23T16:40:56","date_gmt":"2017-07-23T14:40:56","guid":{"rendered":"http:\/\/passent.blog.polityka.pl\/?p=4020"},"modified":"2017-07-23T19:24:35","modified_gmt":"2017-07-23T17:24:35","slug":"ekscelencja-w-mediach","status":"publish","type":"post","link":"https:\/\/blog.polityka.pl\/passent\/2017\/07\/23\/ekscelencja-w-mediach\/","title":{"rendered":"Ekscelencja w mediach"},"content":{"rendered":"<p>Chcesz wiedzie\u0107, co m\u00f3wi\u0105 media \u015bwiatowe \u2013 id\u017a na stron\u0119 Marka Greli na Facebooku. Ambasador ad personam, (czyli na zawsze) Marek Grela, jeden z najbardziej zas\u0142u\u017conych i utytu\u0142owanych dyplomat\u00f3w polskich (m.in. pierwszy ambasador RP przy Unii Europejskiej), \u015bledzi na Facebooku media \u015bwiatowe z ogromnym po\u017cytkiem dla polskiej publiczno\u015bci. Je\u015bli chcesz wiedzie\u0107, co pisz\u0105 i m\u00f3wi\u0105 o wydarzeniach w Polsce w Corriere della Sera, agencji XINHUA lub pokazuj\u0105 w telewizji Al Jazeera \u2013 nie zwlekaj, tylko wejd\u017a na stron\u0119 Marka Greli.<br \/>\n<!--more--><br \/>\nOto kilka wypis\u00f3w, kt\u00f3re zrobi\u0142em dla blogowicz\u00f3w, a Ekscelencji serdecznie dzi\u0119kuj\u0119.<\/p>\n<p><strong>1.<\/strong> \u201eKto wykazuje tak ma\u0142o poszanowania dla pa\u0144stwa prawa, musi si\u0119 liczy\u0107 z polityczn\u0105 marginalizacj\u0105\u201d \u2013 powiedzia\u0142 niemiecki minister sprawiedliwo\u015bci Heiko Maas (SPD) na \u0142amach \u201eBild am Sonntag\u201d. \u201eNie mo\u017cna si\u0119 temu bezczynnie przygl\u0105da\u0107, gdy\u017c praworz\u0105dno\u015b\u0107 i demokracja tworz\u0105 fundament Unii Europejskiej\u201d. Minister z zadowoleniem przyj\u0105\u0142 wiadomo\u015b\u0107, \u017ce Komisja Europejska rozwa\u017ca sankcje wobec Polski.<\/p>\n<p><strong>2.<\/strong> Telewizja France 24: Oburzenie wobec planowanego przez parti\u0119 rz\u0105dz\u0105c\u0105 w Polsce podporz\u0105dkowania sobie wymiaru sprawiedliwo\u015bci wywo\u0142uje protesty w ca\u0142ym kraju.<\/p>\n<p><strong>3.<\/strong> Radio Kanada (24.07.): Reforma S\u0105du Najwy\u017cszego budzi oburzenie mi\u0119dzynarodowe.<\/p>\n<p><strong>4.<\/strong> Prezes S\u0105du Najwy\u017cszego Litwy Renatas Norkus, zarazem wiceprzewodnicz\u0105cy organizacji prezes\u00f3w SN Unii Europejskiej, skrytykowa\u0142 ustawy PiS. Podobne stanowisko zaj\u0119\u0142a oficjalnie Litewska Rada S\u0105downicza.<\/p>\n<p><strong>5.<\/strong> Telewizja CNN (23.07.): Skala protest\u00f3w w Polsce ro\u015bnie z dnia na dzie\u0144. Odej\u015bcie od demokracji to punkt zwrotny we  wsp\u00f3\u0142czesnej historii Polski. Polityka PiS budzi powa\u017cne zaniepokojenie w Waszyngtonie.<\/p>\n<p><strong>6.<\/strong> Telewizja Euronews (22.07.): Demonstracje w Polsce w obronie pa\u0144stwa prawa.<\/p>\n<p><strong>7.<\/strong> Telewizja CBS News (22.07.): Ikona demokracji, Lech Wa\u0142\u0119sa, przy\u0142\u0105cza si\u0119 do antyrz\u0105dowych protest\u00f3w. Rz\u0105dz\u0105cy populi\u015bci d\u0105\u017c\u0105 do podporz\u0105dkowania swojej kontroli politycznej S\u0105du Najwy\u017cszego i ca\u0142ego s\u0105downictwa w Polsce.<\/p>\n<p><strong>8.<\/strong> &#8222;Deutsche Welle&#8221; (22.07.): Protesty w zwi\u0105zku z reform\u0105 s\u0105downictwa w Polsce mia\u0142y miejsce m.in. w Niemczech, Francji i w Luksemburgu.<\/p>\n<p><strong>9.<\/strong> &#8222;Corriere della Sera&#8221; (22.07.): Polska rzuca wyzwanie Unii Europejskiej w zwi\u0105zku z reform\u0105 S\u0105du Najwy\u017cszego. Minister sprawiedliwo\u015bci b\u0119dzie mianowa\u0142 s\u0119dzi\u00f3w SN, a parlamentarzy\u015bci b\u0119d\u0105 wybierali cz\u0142onk\u00f3w KRS.<\/p>\n<p><strong>10.<\/strong> &#8222;The Telegraph&#8221;: Protesty m\u0142odzie\u017cy przeciwko kontrowersyjnej ustawie o s\u0105downictwie rozlewaj\u0105 si\u0119 po kraju.<\/p>\n<p><strong>11.<\/strong> Radio Wolna Europa: Dziesi\u0105tki tysi\u0119cy Polak\u00f3w przeciwko kontrowersyjnej ustawie o s\u0105downictwie.<\/p>\n<p><strong>12.<\/strong> Agencja Reuters (22.07.): Decyzje Prawa i Sprawiedliwo\u015bci wywo\u0142a\u0142y fal\u0119 krytyki za granic\u0105, krytykuj\u0105 m.in. ameryka\u0144skie i brytyjskie stowarzyszenia prawnicze, do kt\u00f3rych do\u0142\u0105czy\u0142y czeskie, s\u0142owackie i esto\u0144skie.<\/p>\n<p><strong>13.<\/strong> &#8222;Deutsche Welle&#8221;: Prezydent Duda zap\u0142aci wysok\u0105 cen\u0119.<\/p>\n<p><strong>14.<\/strong> &#8222;Sueddeutsche Zeitung&#8221;: Jaros\u0142aw Kaczy\u0144ski zniewa\u017ca swoich przeciwnik\u00f3w, nazywaj\u0105c ich \u201ezdradzieckimi mordami\u201d i \u201ekanaliami\u201d. Nie chce podda\u0107 kontroli swojej polityki. Od powstrzymania Kaczy\u0144skiego, Orb\u00e1na, Erdo\u011fana czy Trumpa zale\u017cy przysz\u0142o\u015b\u0107 demokracji.<\/p>\n<p>Miliony przeznaczane przez rz\u0105d Polski na popraw\u0119 wizerunku naszego kraju za granic\u0105 to pieni\u0105dze zmarnowane przez sam rz\u0105d. Chcesz wiedzie\u0107 wi\u0119cej \u2013 szukaj ambasadora Marka Greli na Facebooku. I pok\u0142o\u0144 si\u0119 ode mnie.<\/p>\n<p><strong>Zaproszenie<\/strong><br \/>\nPawel Lisicki (redaktor naczelny \u201eDo Rzeczy\u201d), prof. Marcin Matczak (UW) i pos\u0142anka Joanna Scheuring-Wielgus (Nowoczesna) b\u0119d\u0105 naszymi go\u015b\u0107mi w Radiu TOK FM, wtorek, 25 lipca, godz. 20.05. Zapraszam!<\/p>\n","protected":false},"excerpt":{"rendered":"<p>Chcesz wiedzie\u0107, co m\u00f3wi\u0105 media \u015bwiatowe \u2013 id\u017a na stron\u0119 Marka Greli na Facebooku. Ambasador ad personam, (czyli na zawsze) Marek Grela, jeden z najbardziej zas\u0142u\u017conych i utytu\u0142owanych dyplomat\u00f3w polskich (m.in. pierwszy ambasador RP przy Unii Europejskiej), \u015bledzi na Facebooku media \u015bwiatowe z ogromnym po\u017cytkiem dla polskiej publiczno\u015bci. Je\u015bli chcesz wiedzie\u0107, co pisz\u0105 i m\u00f3wi\u0105 [&hellip;]<\/p>\n","protected":false},"author":4,"featured_media":0,"comment_status":"open","ping_status":"closed","sticky":false,"template":"","format":"standard","meta":{"footnotes":""},"categories":[1],"tags":[],"_links":{"self":[{"href":"https:\/\/blog.polityka.pl\/passent\/wp-json\/wp\/v2\/posts\/4020"}],"collection":[{"href":"https:\/\/blog.polityka.pl\/passent\/wp-json\/wp\/v2\/posts"}],"about":[{"href":"https:\/\/blog.polityka.pl\/passent\/wp-json\/wp\/v2\/types\/post"}],"author":[{"embeddable":true,"href":"https:\/\/blog.polityka.pl\/passent\/wp-json\/wp\/v2\/users\/4"}],"replies":[{"embeddable":true,"href":"https:\/\/blog.polityka.pl\/passent\/wp-json\/wp\/v2\/comments?post=4020"}],"version-history":[{"count":4,"href":"https:\/\/blog.polityka.pl\/passent\/wp-json\/wp\/v2\/posts\/4020\/revisions"}],"predecessor-version":[{"id":4024,"href":"https:\/\/blog.polityka.pl\/passent\/wp-json\/wp\/v2\/posts\/4020\/revisions\/4024"}],"wp:attachment":[{"href":"https:\/\/blog.polityka.pl\/passent\/wp-json\/wp\/v2\/media?parent=4020"}],"wp:term":[{"taxonomy":"category","embeddable":true,"href":"https:\/\/blog.polityka.pl\/passent\/wp-json\/wp\/v2\/categories?post=4020"},{"taxonomy":"post_tag","embeddable":true,"href":"https:\/\/blog.polityka.pl\/passent\/wp-json\/wp\/v2\/tags?post=4020"}],"curies":[{"name":"wp","href":"https:\/\/api.w.org\/{rel}","templated":true}]}}