
{"id":4025,"date":"2017-07-24T22:46:30","date_gmt":"2017-07-24T20:46:30","guid":{"rendered":"http:\/\/passent.blog.polityka.pl\/?p=4025"},"modified":"2017-07-24T23:24:07","modified_gmt":"2017-07-24T21:24:07","slug":"spacer-ku-wolnosci","status":"publish","type":"post","link":"https:\/\/blog.polityka.pl\/passent\/2017\/07\/24\/spacer-ku-wolnosci\/","title":{"rendered":"Spacer ku wolno\u015bci"},"content":{"rendered":"<p>Prawdziwym bohaterem ostatnich wydarze\u0144 jest spo\u0142ecze\u0144stwo obywatelskie \u2013 byt raczej nieuchwytny, wydawa\u0142oby si\u0119, teoretyczny, mglisty, a w praktyce jak najbardziej konkretny, namacalny i policzalny.<br \/>\n<!--more--><br \/>\nDziesi\u0105tki tysi\u0119cy ludzi, kt\u00f3rzy wyszli w obronie warto\u015bci, wydawa\u0142oby si\u0119 teoretycznych i mglistych, takich jak sprawiedliwo\u015b\u0107, niezawis\u0142e s\u0105downictwo i tr\u00f3jpodzia\u0142 w\u0142adz \u2013 to najwi\u0119ksza zdobycz ostatnich dni i tygodni. Tysi\u0105ce policjant\u00f3w, najbardziej wymy\u015blne regulacje i zakazy (w rodzaju \u201ezgromadze\u0144 cyklicznych\u201d), nie by\u0142y w stanie powstrzyma\u0107 setek tysi\u0119cy ludzi, kt\u00f3rzy dobrowolnie, nie na \u017caden rozkaz, gromadzili si\u0119 jak Polska d\u0142uga i szeroka, by powiedzie\u0107 \u201enie\u201d, \u201estop\u201d, tutaj ko\u0144czy si\u0119 skok na prawo i sprawiedliwo\u015b\u0107. Tutaj zaczyna si\u0119 spacer ku wolno\u015bci.<\/p>\n<p>Wychodz\u0105c na place i ulice, zapalaj\u0105c \u015bwieczki i znicze, ludzie z ka\u017cdym dniem nabierali poczucia racji i si\u0142y, kt\u00f3rych nie spos\u00f3b im ju\u017c odebra\u0107. Rozejd\u0105 si\u0119 do dom\u00f3w, ale ju\u017c \u015bwiadomi swojej si\u0142y, \u201esi\u0142y bezsilnych\u201d \u2013 jak pisa\u0142 Vaclav Havel. Jeszcze miesi\u0105c\u2013dwa miesi\u0105ce temu wielu ludzi mia\u0142o poczucie bezsi\u0142y, rezygnacji, depresji. \u201eIle to potrwa, co to b\u0119dzie, ko\u0144ca nie wida\u0107\u201d \u2013 m\u00f3wili, patrz\u0105c na ekscesy ministra Macierewicza i k\u0142amstwa TVPiS. I oto okaza\u0142o si\u0119, \u017ce w\u0142adza nie jest wszechw\u0142adna, istniej\u0105 granice bezprawia, a nar\u00f3d swoje wie. Nawet najbardziej nachalna i oszuka\u0144cza kampania oszczerstw przeciwko konstytucji, s\u0105downictwu i s\u0119dziom nie zatrzyma\u0142a ludzi w domu.<\/p>\n<p>Szczeg\u00f3lnie buduj\u0105cy by\u0142 udzia\u0142 m\u0142odzie\u017cy, kt\u00f3ra swoj\u0105 obecno\u015bci\u0105 i postaw\u0105 zada\u0142a k\u0142am twierdzeniom, \u017ce demonstranci to spacerowicze, komuni\u015bci i ubecy oraz ubeckie wdowy. M\u0142odzi i starzy razem postawili na nogi Europ\u0119 i Ameryk\u0119, a przede wszystkim pokrzy\u017cowali plany gwa\u0142cicieli prawa i konstytucji w Polsce. Z dnia na dzie\u0144 zmieni\u0142 si\u0119 wizerunek Polski za granic\u0105, a przede wszystkim we w\u0142asnych oczach. To ju\u017c nie jest bierne, poni\u017cane spo\u0142ecze\u0144stwo, kt\u00f3re musi godzi\u0107 si\u0119 na ustawy i nominacje podpisywane chy\u0142kiem, ukradkiem, pod os\u0142on\u0105 nocy, to ju\u017c nie b\u0119d\u0105 upokarzani pos\u0142owie, kt\u00f3rzy maj\u0105 jedn\u0105 minut\u0119 na wypowied\u017a, ani specustawy przeganiane przez parlament w trybie dora\u017anym, w ci\u0105gu 48 godzin.<\/p>\n<p>Wetuj\u0105c ustawy o S\u0105dzie Najwy\u017cszym i Krajowej Radzie S\u0105downictwa, prezydent Duda zaskoczy\u0142 chyba prawie wszystkich. Po do\u015bwiadczeniach z Trybuna\u0142em Konstytucyjnym ma\u0142o kto spodziewa\u0142 si\u0119, \u017ce prezydent wym\u00f3wi pos\u0142usze\u0144stwo i zdob\u0119dzie si\u0119 na niezawis\u0142o\u015b\u0107 w sprawie tak dla Kaczy\u0144skiego priorytetowej jak wymiar sprawiedliwo\u015bci.<\/p>\n<p>A jednak Andrzej Duda si\u0119 odwa\u017cy\u0142 i bez wzgl\u0119du na motywy nale\u017cy mu si\u0119 uznanie. Niestety, do pe\u0142ni szcz\u0119\u015bcia brakuje jeszcze weta w sprawie s\u0105d\u00f3w powszechnych. (Nie wiadomo tak\u017ce, co prezydent zamierza napisa\u0107 w swoich ustawach). To prawo wielce szkodliwe, kt\u00f3re oddaje w r\u0119ce w\u0142adzy wykonawczej tysi\u0105ce kluczowych stanowisk w s\u0105downictwie. S\u0105dz\u0119, \u017ce prezydent nie za\u0142o\u017cy\u0142 weta w tej sprawie, nie chc\u0105c ryzykowa\u0107 swoich (i tak nadw\u0105tlonych) stosunk\u00f3w z parti\u0105, kt\u00f3rej wszystko zawdzi\u0119cza. \u015awiadczy\u0142o o tym tak\u017ce wieczorne or\u0119dzie, w kt\u00f3rym Andrzej Duda wypowiedzia\u0142 rytualne oskar\u017cenia pod adresem s\u0119dzi\u00f3w i wykona\u0142 rytualny uk\u0142on w stron\u0119 \u201edobrej zmiany\u201d. Nic mu to jednak nie pomo\u017ce. Cz\u0142onkowie kierownictwa PiS \u2013 panowie Terlecki, Morawiecki i inni &#8211; nie ukrywali zaskoczenia i rozczarowania. A premier Szyd\u0142o w swoim or\u0119dziu nie ukrywa\u0142a zgorszenia decyzj\u0105 Andrzeja Dudy. Prezydent i premier wykopali top\u00f3r wojenny.<\/p>\n<p><strong>Zaproszenie<\/strong><br \/>\nPos\u0142anka Joanna Scheuring-Wielgus (Nowoczesna) i prof. Marcin Matczak (UW) b\u0119d\u0105 naszymi go\u015b\u0107mi w radiu TOK FM, wtorek, 25 lipca, godz. 20.05.<\/p>\n","protected":false},"excerpt":{"rendered":"<p>Prawdziwym bohaterem ostatnich wydarze\u0144 jest spo\u0142ecze\u0144stwo obywatelskie \u2013 byt raczej nieuchwytny, wydawa\u0142oby si\u0119, teoretyczny, mglisty, a w praktyce jak najbardziej konkretny, namacalny i policzalny.<\/p>\n","protected":false},"author":4,"featured_media":0,"comment_status":"open","ping_status":"closed","sticky":false,"template":"","format":"standard","meta":{"footnotes":""},"categories":[1],"tags":[],"_links":{"self":[{"href":"https:\/\/blog.polityka.pl\/passent\/wp-json\/wp\/v2\/posts\/4025"}],"collection":[{"href":"https:\/\/blog.polityka.pl\/passent\/wp-json\/wp\/v2\/posts"}],"about":[{"href":"https:\/\/blog.polityka.pl\/passent\/wp-json\/wp\/v2\/types\/post"}],"author":[{"embeddable":true,"href":"https:\/\/blog.polityka.pl\/passent\/wp-json\/wp\/v2\/users\/4"}],"replies":[{"embeddable":true,"href":"https:\/\/blog.polityka.pl\/passent\/wp-json\/wp\/v2\/comments?post=4025"}],"version-history":[{"count":3,"href":"https:\/\/blog.polityka.pl\/passent\/wp-json\/wp\/v2\/posts\/4025\/revisions"}],"predecessor-version":[{"id":4028,"href":"https:\/\/blog.polityka.pl\/passent\/wp-json\/wp\/v2\/posts\/4025\/revisions\/4028"}],"wp:attachment":[{"href":"https:\/\/blog.polityka.pl\/passent\/wp-json\/wp\/v2\/media?parent=4025"}],"wp:term":[{"taxonomy":"category","embeddable":true,"href":"https:\/\/blog.polityka.pl\/passent\/wp-json\/wp\/v2\/categories?post=4025"},{"taxonomy":"post_tag","embeddable":true,"href":"https:\/\/blog.polityka.pl\/passent\/wp-json\/wp\/v2\/tags?post=4025"}],"curies":[{"name":"wp","href":"https:\/\/api.w.org\/{rel}","templated":true}]}}